{"id":330509,"date":"2026-01-09T00:30:09","date_gmt":"2026-01-09T00:30:09","guid":{"rendered":"https:\/\/www.europesays.com\/es\/330509\/"},"modified":"2026-01-09T00:30:09","modified_gmt":"2026-01-09T00:30:09","slug":"los-precios-de-las-entradas-para-el-betis-elche-y-el-guino-de-eder-sarabia-igual-no-puedo-ir","status":"publish","type":"post","link":"https:\/\/www.europesays.com\/es\/330509\/","title":{"rendered":"Los precios de las entradas para el Betis-Elche y el gui\u00f1o de Eder Sarabia: \u00abIgual no puedo ir\u00bb"},"content":{"rendered":"<p>Los abonados pagar\u00e1n 10 euros por ver el encuentro, la mitad si son infantiles, al tiempo que el p\u00fablico en general desembolsar\u00e1 el doble, con lo que se espera una gran entrada el 14-E<\/p>\n<p class=\"parrafo\">El <strong>Real Betis<\/strong> ha anunciado este jueves, cuando la <strong>RFEF<\/strong> ha hecho oficial que recibir\u00e1 al <strong>Elche CF<\/strong> en la eliminatoria de octavos de final a partido \u00fanico a las <strong>21:00 horas<\/strong> el pr\u00f3ximo <strong>mi\u00e9rcoles 14 de enero de 2026<\/strong>, con las c\u00e1maras de Movistar Plus como testigos, los precios y el proceso para la adquisici\u00f3n de entradas. Ser\u00e1n populares, pues los abonados adultos podr\u00e1n activar su carnet en <a href=\"http:\/\/socios.realbetisbalompie.es\/\" target=\"_blank\" class=\"intext-link\" rel=\"nofollow noopener\">el \u00e1rea privada de la web<\/a> por <strong>10 euros<\/strong> y los infantiles, por <strong>cinco euros<\/strong>, el doble (<strong>20 y 10<\/strong>, respectivamente) para el p\u00fablico en general. Los socios tendr\u00e1n de plazo hasta el <strong>lunes 12 de enero<\/strong> a las <strong>09:00 horas<\/strong>, pudiendo desde entonces entrar en juego los que no lo sean y adquirir los primeros tickets en zonas disponibles con el descuento promocional ya mencionado y los gastos de gesti\u00f3n ya incluidos.<\/p>\n<p class=\"parrafo\">Sin duda, uno de los grandes protagonistas de la ronda de octavos de final ser\u00e1 <strong>Eder Sarabia<\/strong>, entrenador franjiverde y segundo de <strong>Quique Seti\u00e9n<\/strong> cuando \u00e9ste dirigi\u00f3 al <strong>Real Betis<\/strong> en la <strong>17\/18<\/strong> y la <strong>18\/19<\/strong>. Como <strong>Jon Pascua<\/strong>, su preparador de porteros entonces y de nuevo junto al bilba\u00edno este curso en el <strong>Mart\u00ednez Valero<\/strong>, tuvieron mayor &#8216;feeling&#8217; con la grada que el santanderino, m\u00e1s particular y cerrado para algunos temas. Con todo, los tres han hecho gala desde entonces de su cari\u00f1o por el que fuera su equipo, <a href=\"https:\/\/www.estadiodeportivo.com\/futbol\/elche\/eder-sarabia-desvela-secreto-sobre-betis-20250703-502378.html\" target=\"_blank\" class=\"intext-link\" rel=\"nofollow noopener\">del que siguen siendo abonados<\/a> pese a que hace ya m\u00e1s de un lustro que se marcharon. Por esa raz\u00f3n, al hijo del m\u00edtico delantero del <strong>Athletic Club<\/strong> le ha llegado el sms para activar el carnet con el que presenciar el duelo de la pr\u00f3xima semana en <strong>La Cartuja<\/strong>, bromeando en redes al respecto: \u00abQuerido <strong>Real Betis<\/strong>, me acaba de llegar este mensaje. <strong>No s\u00e9 si activar mi abono, porque igual no puedo ir al partido<\/strong>\u00ab.<\/p>\n<p><a class=\"elementos-rel-t2\" href=\"https:\/\/www.estadiodeportivo.com\/futbol\/copa-del-rey\/dia-hora-todos-los-partidos-octavos-final-copa-del-rey-20260108-525964.html\" title=\"D\u00eda y hora de todos los partidos de octavos de final de la Copa del Rey\" rel=\"nofollow noopener\" target=\"_blank\"><\/p>\n<p class=\"titular titulo-4\">D\u00eda y hora de todos los partidos de octavos de final de la Copa del Rey<\/p>\n<p><img decoding=\"async\" src=\"https:\/\/www.europesays.com\/es\/wp-content\/uploads\/2026\/01\/d358ef73-80e6-49ac-9691-e27bff520196_320x180.jpeg\" alt=\"D\u00eda y hora de todos los partidos de octavos de final de la Copa del Rey\"\/><\/a><a class=\"elementos-rel-t2\" href=\"https:\/\/www.estadiodeportivo.com\/futbol\/elche\/elche-encuentra-una-motivacion-extra-para-afrontar-eliminatoria-contra-betis-copa-del-rey-nos-conocemos-bien-20260108-525933.html\" title=\"El Elche encuentra &quot;una motivaci\u00f3n extra&quot; para afrontar la eliminatoria contra el Betis en la Copa del Rey: &quot;Nos conocemos bien&quot;\" rel=\"nofollow noopener\" target=\"_blank\"><\/p>\n<p class=\"titular titulo-4\">El Elche encuentra \u00abuna motivaci\u00f3n extra\u00bb para afrontar la eliminatoria contra el Betis en la Copa del Rey: \u00abNos conocemos bien\u00bb<\/p>\n<p><img decoding=\"async\" src=\"https:\/\/www.europesays.com\/es\/wp-content\/uploads\/2026\/01\/853ac13c-9396-483c-8191-5358d35a5c86_320x180.jpeg\" alt=\"El Elche encuentra &quot;una motivaci\u00f3n extra&quot; para afrontar la eliminatoria contra el Betis en la Copa del Rey: &quot;Nos conocemos bien&quot;\"\/><\/a>Eder Sarabia figura en muchas quinielas para relevar a Pellegrini<\/p>\n<p class=\"parrafo\">Tanto <strong>Quique Seti\u00e9<\/strong><strong>n <\/strong>como su entonces segundo, <strong>Eder Sarabia<\/strong>, se marcharon por la puerta grande del <strong>Real Betis<\/strong> en <strong>2019<\/strong>. Les quedaba un tercer a\u00f1o de contrato, aunque ambos renunciaron sin mayores exigencias y no hipotecaron al club, que apostar\u00eda ese verano por <strong>Joan Francesc Ferrer<\/strong>, &#8216;<strong>Rubi<\/strong>&#8216;, \u00faltimo entrenador antes del aterrizaje de <strong>Manuel Pellegrini<\/strong>. El chileno, que acaba de firmar su tercera renovaci\u00f3n, tiene contrato hasta el <strong>30 de junio de 2027<\/strong>, fecha en la que la mayor\u00eda espera que separe su camino del de la entidad heliopolitana para rematar su carrera dirigiendo a la selecci\u00f3n de su pa\u00eds en la <strong>Copa Am\u00e9rica de 2028<\/strong> y el <strong>Mundial de 2030<\/strong>. Y uno de los nombres sobre la mesa ser\u00eda, seg\u00fan diversas fuentes, el del preparador vasco, que volvi\u00f3 a ejercer en solitario en el <strong>FC Andorra<\/strong> para devolver a <strong>Primera divisi\u00f3n<\/strong> al <strong>Elche CF<\/strong> y acercarlo ahora a <strong>Europa<\/strong>. As\u00ed, sus excelentes relaciones con <strong>Haro y Catal\u00e1n<\/strong>, pese a que el estilo vertical y atrevido que a\u00fan abandera termin\u00f3 cansando a gran parte de la grada, otros muchos en verdiblanco celebran sus \u00e9xitos en la distancia.<\/p>\n","protected":false},"excerpt":{"rendered":"Los abonados pagar\u00e1n 10 euros por ver el encuentro, la mitad si son infantiles, al tiempo que el&hellip;\n","protected":false},"author":2,"featured_media":330510,"comment_status":"","ping_status":"","sticky":false,"template":"","format":"standard","meta":{"footnotes":""},"categories":[268],"tags":[1941,168,30412,8212,25,24,284,280,282,286,281,23,167],"class_list":{"0":"post-330509","1":"post","2":"type-post","3":"status-publish","4":"format-standard","5":"has-post-thumbnail","7":"category-futbol","8":"tag-copa-del-rey","9":"tag-deportes","10":"tag-eder-sarabia","11":"tag-elche-cf","12":"tag-es","13":"tag-espana","14":"tag-estadio-deportivo","15":"tag-football","16":"tag-futbol","17":"tag-real-betis-balompie","18":"tag-soccer","19":"tag-spain","20":"tag-sports"},"share_on_mastodon":{"url":"https:\/\/pubeurope.com\/@es\/115862321626949599","error":""},"_links":{"self":[{"href":"https:\/\/www.europesays.com\/es\/wp-json\/wp\/v2\/posts\/330509","targetHints":{"allow":["GET"]}}],"collection":[{"href":"https:\/\/www.europesays.com\/es\/wp-json\/wp\/v2\/posts"}],"about":[{"href":"https:\/\/www.europesays.com\/es\/wp-json\/wp\/v2\/types\/post"}],"author":[{"embeddable":true,"href":"https:\/\/www.europesays.com\/es\/wp-json\/wp\/v2\/users\/2"}],"replies":[{"embeddable":true,"href":"https:\/\/www.europesays.com\/es\/wp-json\/wp\/v2\/comments?post=330509"}],"version-history":[{"count":0,"href":"https:\/\/www.europesays.com\/es\/wp-json\/wp\/v2\/posts\/330509\/revisions"}],"wp:featuredmedia":[{"embeddable":true,"href":"https:\/\/www.europesays.com\/es\/wp-json\/wp\/v2\/media\/330510"}],"wp:attachment":[{"href":"https:\/\/www.europesays.com\/es\/wp-json\/wp\/v2\/media?parent=330509"}],"wp:term":[{"taxonomy":"category","embeddable":true,"href":"https:\/\/www.europesays.com\/es\/wp-json\/wp\/v2\/categories?post=330509"},{"taxonomy":"post_tag","embeddable":true,"href":"https:\/\/www.europesays.com\/es\/wp-json\/wp\/v2\/tags?post=330509"}],"curies":[{"name":"wp","href":"https:\/\/api.w.org\/{rel}","templated":true}]}}