{"id":330511,"date":"2026-01-09T00:31:16","date_gmt":"2026-01-09T00:31:16","guid":{"rendered":"https:\/\/www.europesays.com\/es\/330511\/"},"modified":"2026-01-09T00:31:16","modified_gmt":"2026-01-09T00:31:16","slug":"asi-es-jimena-coronado-la-mujer-con-la-que-joaquin-sabina-lleva-30-anos-y-a-quien-quiere-dejar-su-herencia","status":"publish","type":"post","link":"https:\/\/www.europesays.com\/es\/330511\/","title":{"rendered":"As\u00ed es Jimena Coronado, la mujer con la que Joaqu\u00edn Sabina lleva 30 a\u00f1os y a quien quiere dejar su herencia"},"content":{"rendered":"<p>\u201cJimena tiene un master en desenga\u00f1os \/ Jimena es una mina antipersonal \/ Se acuerda de quererme cada dos a\u00f1os \/ mientras yo me las apa\u00f1o \/ para olvidar\u201d. Es la declaraci\u00f3n de amor que <strong>Joaqu\u00edn Sabina<\/strong> (76 a\u00f1os) le hace a su mujer, <strong>Jimena Coronado<\/strong>, en la canci\u00f3n Rosa de Lima. El cantautor decidi\u00f3 plasmar en una de sus obras el gran amor que le profesa a su pareja, quien no le ha soltado la mano en los \u00faltimos 30 a\u00f1os pese a <a href=\"https:\/\/www.lecturas.com\/estilo-de-vida\/joaquin-sabina-76-anos-me-dijo-medico-que-es-igual-si-dos-litros-son-tequila-whisky-bebo-por-prescripcion-facultativa_186852\" rel=\"nofollow noopener\" target=\"_blank\">sus excesos<\/a> y altibajos personales.<\/p>\n<p>El pasado mes de noviembre, el cantante se despidi\u00f3 definitivamente de los escenarios tras medio siglo de trayectoria. En este adi\u00f3s, como en las \u00faltimas tres d\u00e9cadas de carrera, su mayor apoyo ha sido su esposa, a quien conoci\u00f3 en 1994 en Lima, cuando <strong>ella ten\u00eda pareja<\/strong>. \u201cLe convenc\u00ed de que poner cuernos no estaba tan mal\u201d, lleg\u00f3 a bromear el artista.<\/p>\n<p><img loading=\"lazy\" decoding=\"async\"   src=\"https:\/\/www.europesays.com\/es\/wp-content\/uploads\/2026\/01\/joaquin-sabina_77e41da6_260108204326_1200x900.webp.webp\" alt=\"Joaqu\u00edn Sabina\" class=\"lazyload\" width=\"1200\" height=\"900\" data-aspectratio=\"1200\/900\"\/><\/p>\n<p>Joaqu\u00edn Sabina ha hablado en varias ocasiones de su amor por Jimena.<\/p>\n<p>&#13;GTRES<br \/>\nQui\u00e9n es Jimena Coronado<\/p>\n<p>Jimena es una fot\u00f3grafa peruana<strong> 20 a\u00f1os menor <\/strong>que Sabina. Es hija del abogado Pedro Coronado Lab\u00f3, exregidor de Lima y expresidente del Banco Central de Reserva de Per\u00fa, y de la artista pl\u00e1stica Eida Merel, que se form\u00f3 en la Escuela Nacional Superior de Bellas Artes de Par\u00eds en 1968.<\/p>\n<p>Al igual que su madre, la esposa de Joaqu\u00edn Sabina recibi\u00f3 una <strong>educaci\u00f3n elitista<\/strong>. Estudi\u00f3 en el Liceo franco-peruano de Lima, inici\u00f3 la carrera de Letras en la Pontificia Universidad Cat\u00f3lica del Per\u00fa, pero acab\u00f3 desplaz\u00e1ndose a Nueva York para estudiar fotograf\u00eda en el International Center of Photography.\u00a0<\/p>\n<p>Su historia de amor<\/p>\n<p>Joaqu\u00edn y Jimena se conocieron en la capital de Per\u00fa, donde el cantante se encontraba realizando una de las paradas de su gira por Am\u00e9rica. Ella se encarg\u00f3 de realizarle una sesi\u00f3n de fotos para el diario &#8216;El Comercio&#8217; y surgi\u00f3 la chispa, aunque la relaci\u00f3n no se afianz\u00f3 hasta un lustro despu\u00e9s.<\/p>\n<p><img loading=\"lazy\" decoding=\"async\"   src=\"https:\/\/www.europesays.com\/es\/wp-content\/uploads\/2026\/01\/joaquin-sabina-y-jimena-coronado_170be996_008_260108204706_1200x803.webp.webp\" alt=\"Joaqu\u00edn Sabina y Jimena Coronado\" class=\"lazyload\" width=\"1200\" height=\"803\" data-aspectratio=\"1200\/803\"\/><\/p>\n<p>Joaqu\u00edn Sabina y Jimena Coronado se conocieron en 1994 en Lima, Per\u00fa.<\/p>\n<p>&#13;GTRES<\/p>\n<p>El acontecimiento que marc\u00f3 el inicio oficial de su romance fue una carta de Jimena en la que le confesaba su ruptura: \u201c<strong>Ya no tengo novio<\/strong>\u201d, le escribi\u00f3. El cantante no dud\u00f3 en llamarla al instante para organizar un reencuentro tras el que no volver\u00edan a separarse: \u201cRubia, nos vamos a Venecia\u201d, le dijo al otro lado del tel\u00e9fono.<\/p>\n<p><img decoding=\"async\" src=\"https:\/\/www.europesays.com\/es\/wp-content\/uploads\/2026\/01\/jesus-calleja_e0a36eed_260108164707_800x800.webp.webp\" alt=\"Jes\u00fas Calleja\" class=\"image lazyload\"\/><img loading=\"lazy\" decoding=\"async\" src=\"https:\/\/www.europesays.com\/es\/wp-content\/uploads\/2026\/01\/jesus-calleja_e0a36eed_260108164713_1280x720.webp.webp\" alt=\"Jes\u00fas Calleja sufre un grave accidente de coche en el Dakar\" class=\"image lazyload\" width=\"1280\" height=\"720\" data-aspectratio=\"1280\/720\"\/><\/p>\n<p>Llegaba as\u00ed a la vida de Joaqu\u00edn Sabina un amor que, contra todo pron\u00f3stico, ha sobrevivido a los envites de la vida y al caos interior del artista. \u00ab<strong>He encontrado otra felicidad <\/strong>que no hab\u00eda conocido ni disfrutado, que es la del amor verdadero. Nunca imagin\u00e9 que iba a poder vivir con alguien 30 a\u00f1os y al hablar de ella no ponerle ni el m\u00e1s m\u00ednimo pero\u00bb, confes\u00f3 el \u2018flaco de \u00dabeda\u2019 en la revista \u2018Esquire\u2019.<\/p>\n<p>La boda, broche de oro<\/p>\n<p>Seg\u00fan ha reconocido el propio Sabina en varias ocasiones, su esposa trajo a su vida una calma que nunca crey\u00f3 que iba a encontrar. \u201c<strong>Creo que me salv\u00f3 la vida<\/strong>, en serio\u201d, asever\u00f3 en \u2018El Hormiguero\u2019. Pero no solo le alej\u00f3 de los desfases, sino que tambi\u00e9n le tendi\u00f3 su mano en cada ca\u00edda, literal o figurada. Ha estado a su lado en cada uno de sus baches de salud, como el ictus que sufri\u00f3 en 2001, la depresi\u00f3n posterior o la trombosis en su pierna izquierda en abril de 2018. Tampoco se separ\u00f3 de \u00e9l tras su aparatosa ca\u00edda en el WiZink Center a principios de 2020.<\/p>\n<p><img loading=\"lazy\" decoding=\"async\"   src=\"https:\/\/www.europesays.com\/es\/wp-content\/uploads\/2026\/01\/joaquin-sabina-y-jimena-coronado_2aa020ac_260108204801_1200x800.webp.webp\" alt=\"Joaqu\u00edn Sabina y Jimena Coronado\" class=\"lazyload\" width=\"1200\" height=\"800\" data-aspectratio=\"1200\/800\"\/><\/p>\n<p>Joaqu\u00edn Sabina y Jimena Coronado se casaron en secreto en 2020.<\/p>\n<p>&#13;GTRES<\/p>\n<p>Poco despu\u00e9s de aquel impactante incidente en pleno concierto, se enfrentar\u00edan juntos a otro importante desaf\u00edo: la pandemia de coronavirus. Fue precisamente tras el confinamiento cuando la pareja tom\u00f3 la decisi\u00f3n de casarse en secreto. Era as\u00ed como el irreverente Sabina, el profeta del vicio, consumaba su mayor acto de amor y agradecimiento. \u201cEn todas mis idas y venidas a los hospitales, incluida la \u00faltima, siempre he pensado que si me pasa algo, <strong>quiero que tenga papeles<\/strong> que le den todo tipo de derechos\u201d, dijo en TVE tras la ceremonia civil que puso el broche de oro a una relaci\u00f3n de 30 a\u00f1os.<br \/>\u00a0<\/p>\n","protected":false},"excerpt":{"rendered":"\u201cJimena tiene un master en desenga\u00f1os \/ Jimena es una mina antipersonal \/ Se acuerda de quererme cada&hellip;\n","protected":false},"author":2,"featured_media":330512,"comment_status":"","ping_status":"","sticky":false,"template":"","format":"standard","meta":{"footnotes":""},"categories":[174],"tags":[255,146,147,25,24,256,23],"class_list":{"0":"post-330511","1":"post","2":"type-post","3":"status-publish","4":"format-standard","5":"has-post-thumbnail","7":"category-famosos","8":"tag-celebrities","9":"tag-entertainment","10":"tag-entretenimiento","11":"tag-es","12":"tag-espana","13":"tag-famosos","14":"tag-spain"},"share_on_mastodon":{"url":"https:\/\/pubeurope.com\/@es\/115862325438051992","error":""},"_links":{"self":[{"href":"https:\/\/www.europesays.com\/es\/wp-json\/wp\/v2\/posts\/330511","targetHints":{"allow":["GET"]}}],"collection":[{"href":"https:\/\/www.europesays.com\/es\/wp-json\/wp\/v2\/posts"}],"about":[{"href":"https:\/\/www.europesays.com\/es\/wp-json\/wp\/v2\/types\/post"}],"author":[{"embeddable":true,"href":"https:\/\/www.europesays.com\/es\/wp-json\/wp\/v2\/users\/2"}],"replies":[{"embeddable":true,"href":"https:\/\/www.europesays.com\/es\/wp-json\/wp\/v2\/comments?post=330511"}],"version-history":[{"count":0,"href":"https:\/\/www.europesays.com\/es\/wp-json\/wp\/v2\/posts\/330511\/revisions"}],"wp:featuredmedia":[{"embeddable":true,"href":"https:\/\/www.europesays.com\/es\/wp-json\/wp\/v2\/media\/330512"}],"wp:attachment":[{"href":"https:\/\/www.europesays.com\/es\/wp-json\/wp\/v2\/media?parent=330511"}],"wp:term":[{"taxonomy":"category","embeddable":true,"href":"https:\/\/www.europesays.com\/es\/wp-json\/wp\/v2\/categories?post=330511"},{"taxonomy":"post_tag","embeddable":true,"href":"https:\/\/www.europesays.com\/es\/wp-json\/wp\/v2\/tags?post=330511"}],"curies":[{"name":"wp","href":"https:\/\/api.w.org\/{rel}","templated":true}]}}