{"id":330513,"date":"2026-01-09T00:34:08","date_gmt":"2026-01-09T00:34:08","guid":{"rendered":"https:\/\/www.europesays.com\/es\/330513\/"},"modified":"2026-01-09T00:34:08","modified_gmt":"2026-01-09T00:34:08","slug":"carlos-lozano-regresa-a-la-television-como-el-fichaje-estrella-de-gh-duo-y-sorprende-por-su-quimica-inmediata-con-cristina-piaget","status":"publish","type":"post","link":"https:\/\/www.europesays.com\/es\/330513\/","title":{"rendered":"Carlos Lozano regresa a la televisi\u00f3n como el fichaje estrella de &#8216;GH D\u00fao&#8217; y sorprende por su qu\u00edmica inmediata con Cristina Piaget"},"content":{"rendered":"<p><b>Telecinco<\/b> ha puesto toda la carne en el asador para ahuyentar a los fantasmas de la reci\u00e9n fallida vig\u00e9sima edici\u00f3n de <a title=\"&#039;Gran Hermano&#039;\" href=\"https:\/\/www.larazon.es\/television\/series\/gran-hermano-20-baja-telon-edicion-mas-corta-menos-vista-historia-llega-fin_2025121769430e4b22f0db7daff57b43.html\" target=\"_blank\" rel=\"nofollow noopener\">&#8216;Gran Hermano&#8217;<\/a> (GH) y, este jueves, ha arrancado una <b>nueva temporada de &#8216;GH D\u00fao&#8217;<\/b>, el reality por parejas y tr\u00edos con famosos. Y una de sus bazas m\u00e1s potentes para alcanzar el \u00e9xito tiene nombre y apellido: <b>Carlos Lozano<\/b>.<\/p>\n<p>El presentador y actor, que lleva cuatro a\u00f1os alejado de la televisi\u00f3n, ha aparecido con fuerza en el programa, siendo <b>liberado por Cristina Piaget<\/b> de la caja en la que estaba enjaulado. Ambos formar\u00e1n pareja en la casa de Tres Cantos y la sorpresa de la top model ha sido may\u00fascula.<\/p>\n<p>La decisi\u00f3n de juntarles no es fruto de la casualidad, pues nada m\u00e1s cruzar miradas ambos se han emocionado al recordar viejos tiempos y sorprender a Jorge Javier V\u00e1zquez al admitir que <b>comparten un pasado juvenil en com\u00fan<\/b>. As\u00ed como han dejado caer que entre ellos hubo mucha qu\u00edmica. <b>\u00abLo que tuvimos seguro que fue bonito\u00bb<\/b>, ha desvelado el concursante, a lo que seguidamente la madrile\u00f1a insinuaba: \u00abNo s\u00e9 a qu\u00e9 te refieres, pero lo pasamos muy bien, \u00e9ramos muy inocentes\u00bb.<\/p>\n<p>Aunque lo m\u00e1s sorprendente han sido los \u00faltimos a\u00f1os del nuevo integrante de la casa m\u00e1s famosa de la televisi\u00f3n. Lozano ha admitido que lo dej\u00f3 todo y durante este tiempo<b> se ha dedicado a ser pastor de ovejas<\/b>: \u00abEstoy en una etapa dulce, decid\u00ed dejar atr\u00e1s todo\u00bb.<\/p>\n<p>El que fuera presentador de &#8216;El Tiempo Justo&#8217; u &#8216;Operaci\u00f3n Triunfo&#8217; en los primeros a\u00f1os del 2000 ha apuntado que tiene \u00ab20 ovejas, dos gallinas\u00bb e incluso un huerto. <b>Su vida es de lo m\u00e1s sencilla<\/b>: \u00abTodav\u00eda existe el trueque, todos nos ayudamos entre todos\u00bb.<\/p>\n<p>Y aunque el concursante de &#8216;GH VIP 4&#8217; en 2016 transmita serenidad tras su cambio de vida, la convivencia con \u00e9l no ser\u00e1 de color de rosas, sobre todo por su<b> problema con el orden, pues necesita que todo est\u00e9 perpendicular y \u00abcoincida con los astros\u00bb. <\/b><\/p>\n<p>Su decisi\u00f3n de volver ahora est\u00e1 marcada por el aislamiento que le ha producido vivir alejado de la ciudad y, ya en su primera intervenci\u00f3n, no ha escondido su deseo de dejar huella: \u00abVoy a relacionarme con la gente porque en el campo estoy aislado. <b>Mi hija me ha dicho: &#8216;No hagas el amor en la casa&#8217;<\/b>. Y la he dicho que no creo\u00bb.<\/p>\n","protected":false},"excerpt":{"rendered":"Telecinco ha puesto toda la carne en el asador para ahuyentar a los fantasmas de la reci\u00e9n fallida&hellip;\n","protected":false},"author":2,"featured_media":330514,"comment_status":"","ping_status":"","sticky":false,"template":"","format":"standard","meta":{"footnotes":""},"categories":[171],"tags":[146,147,25,24,23,214],"class_list":{"0":"post-330513","1":"post","2":"type-post","3":"status-publish","4":"format-standard","5":"has-post-thumbnail","7":"category-tv","8":"tag-entertainment","9":"tag-entretenimiento","10":"tag-es","11":"tag-espana","12":"tag-spain","13":"tag-tv"},"share_on_mastodon":{"url":"https:\/\/pubeurope.com\/@es\/115862337135529682","error":""},"_links":{"self":[{"href":"https:\/\/www.europesays.com\/es\/wp-json\/wp\/v2\/posts\/330513","targetHints":{"allow":["GET"]}}],"collection":[{"href":"https:\/\/www.europesays.com\/es\/wp-json\/wp\/v2\/posts"}],"about":[{"href":"https:\/\/www.europesays.com\/es\/wp-json\/wp\/v2\/types\/post"}],"author":[{"embeddable":true,"href":"https:\/\/www.europesays.com\/es\/wp-json\/wp\/v2\/users\/2"}],"replies":[{"embeddable":true,"href":"https:\/\/www.europesays.com\/es\/wp-json\/wp\/v2\/comments?post=330513"}],"version-history":[{"count":0,"href":"https:\/\/www.europesays.com\/es\/wp-json\/wp\/v2\/posts\/330513\/revisions"}],"wp:featuredmedia":[{"embeddable":true,"href":"https:\/\/www.europesays.com\/es\/wp-json\/wp\/v2\/media\/330514"}],"wp:attachment":[{"href":"https:\/\/www.europesays.com\/es\/wp-json\/wp\/v2\/media?parent=330513"}],"wp:term":[{"taxonomy":"category","embeddable":true,"href":"https:\/\/www.europesays.com\/es\/wp-json\/wp\/v2\/categories?post=330513"},{"taxonomy":"post_tag","embeddable":true,"href":"https:\/\/www.europesays.com\/es\/wp-json\/wp\/v2\/tags?post=330513"}],"curies":[{"name":"wp","href":"https:\/\/api.w.org\/{rel}","templated":true}]}}