{"id":330515,"date":"2026-01-09T00:36:13","date_gmt":"2026-01-09T00:36:13","guid":{"rendered":"https:\/\/www.europesays.com\/es\/330515\/"},"modified":"2026-01-09T00:36:13","modified_gmt":"2026-01-09T00:36:13","slug":"denuncian-censura-a-la-pelicula-uyariy-por-retiro-de-cartelera-en-cineplanet-a-pocas-horas-de-su-estreno","status":"publish","type":"post","link":"https:\/\/www.europesays.com\/es\/330515\/","title":{"rendered":"Denuncian censura a la pel\u00edcula \u201cUyariy\u201d por retiro de cartelera en Cineplanet a pocas horas de su estreno"},"content":{"rendered":"<p><img alt=\"\u201cUyariy\u201d fuera de cartelera: reclaman\" class=\"global-image\" decoding=\"async\" fetchpriority=\"low\" height=\"1080\" loading=\"lazy\" src=\"https:\/\/www.europesays.com\/es\/wp-content\/uploads\/2026\/01\/XEMVBNQDORHKLN62V4SLQC5ZSM.png\" width=\"1920\"\/>\u201cUyariy\u201d fuera de cartelera: reclaman censura contra documental sobre Juliaca. Cr\u00e9dito: Mariano Agudo \/ Per\u00fa Retail<\/p>\n<p class=\"paragraph\"><a href=\"https:\/\/www.infobae.com\/peru\/2025\/12\/31\/siempre-ha-sido-asi-pero-no-siempre-tiene-que-ser-asi-javier-corcuera-retrata-la-tragedia-y-la-dignidad-de-juliaca-en-uyariy\/\" target=\"_blank\" rel=\"noreferrer nofollow noopener\" title=\"https:\/\/www.infobae.com\/peru\/2025\/12\/31\/siempre-ha-sido-asi-pero-no-siempre-tiene-que-ser-asi-javier-corcuera-retrata-la-tragedia-y-la-dignidad-de-juliaca-en-uyariy\/\"><b>El estreno de \u201cUyariy\u201d<\/b><\/a>, documental dirigido por <b>Javier Corcuera<\/b> sobre la <a rel=\"noopener noreferrer nofollow\" href=\"https:\/\/www.infobae.com\/peru\/2025\/10\/13\/jose-jeri-y-el-rol-que-cumplio-en-el-congreso-para-el-informe-que-blindo-a-dina-boluarte-de-responder-por-las-muertes-en-protestas\/\" target=\"_blank\" title=\"https:\/\/www.infobae.com\/peru\/2025\/10\/13\/jose-jeri-y-el-rol-que-cumplio-en-el-congreso-para-el-informe-que-blindo-a-dina-boluarte-de-responder-por-las-muertes-en-protestas\/\">masacre de Juliaca ocurrida el 9 de enero de 2023<\/a>, gener\u00f3 fuertes acusaciones de censura contra la <b>cadena Cineplanet<\/b>. Horas antes del lanzamiento, la Asociaci\u00f3n de M\u00e1rtires y V\u00edctimas del 09 de Enero de Juliaca y el equipo realizador denunciaron la exclusi\u00f3n del filme de la cartelera en diversas ciudades del sur y la imposici\u00f3n de horarios restrictivos en Lima. Para los afectados, esta decisi\u00f3n representa un intento deliberado de <b>silenciar voces y relatos inc\u00f3modos<\/b>.<\/p>\n<p class=\"paragraph\">La Asociaci\u00f3n de M\u00e1rtires y V\u00edctimas del 09 de Enero 2023 difundi\u00f3 un pronunciamiento exigiendo a la empresa encargada de la proyecci\u00f3n que garantice la difusi\u00f3n del documental, considerado una pieza clave para reivindicar el derecho a la verdad y la justicia. \u201cDenunciamos censura a nuestra verdad y el derecho a justicia y verdad\u201d, se\u00f1ala el comunicado. Para los familiares, la decisi\u00f3n de retirar \u201cUyariy\u201d de la cartelera y asignarle <b>horarios inaccesibles<\/b> constituye una nueva forma de atropello contra quienes buscan justicia desde hace tres a\u00f1os.<\/p>\n<p class=\"paragraph\">La asociaci\u00f3n subray\u00f3 que la censura no solo afecta a las v\u00edctimas, sino que <b>lesiona el derecho de la ciudadan\u00eda a conocer los hechos<\/b> ocurridos durante una de las jornadas m\u00e1s tr\u00e1gicas de la historia reciente del Per\u00fa. \u201cBasta de callar nuestras voces. Respeto a la democracia y respeto al pueblo peruano\u201d, concluye el texto firmado en Juliaca.<\/p>\n<p><img alt=\"La organizaci\u00f3n denuncia que la\" class=\"global-image\" decoding=\"async\" fetchpriority=\"low\" height=\"1600\" loading=\"lazy\" src=\"https:\/\/www.europesays.com\/es\/wp-content\/uploads\/2026\/01\/QQZRIKCDPZF43M2YGQYRVJKYHU.jpg\" width=\"1131\"\/>La organizaci\u00f3n denuncia que la programaci\u00f3n restringida silencia su b\u00fasqueda de justicia.<\/p>\n<p class=\"paragraph\">La producci\u00f3n y el propio <b>Javier Corcuera<\/b> lamentaron el trato recibido por la pel\u00edcula. Tras haber sido anunciada, \u201cUyariy\u201d fue retirada a \u00faltima hora de la cartelera en el sur andino y relegada a <b>horarios poco accesibles en cines de Lima<\/b>. \u201cSolicitamos a los cines comerciales que retomen la proyecci\u00f3n del filme en el sur andino y que modifiquen las funciones de Lima en horarios que permitan la asistencia de espectadores\u201d, subraya el comunicado del equipo.<\/p>\n<p class=\"paragraph\">En conversaci\u00f3n con Infobae Per\u00fa, los realizadores detallaron la compleja situaci\u00f3n con la programaci\u00f3n: el estreno nocturno previsto para el d\u00eda del lanzamiento fue cancelado, y la pel\u00edcula solo fue programada en horarios vespertinos poco convenientes, como las 14:40 en Larcomar. En otros cines, como UVK y Cineplanet de Juliaca, se repiti\u00f3 la misma programaci\u00f3n restrictiva. Adem\u00e1s, la pel\u00edcula no obtuvo ninguna sala en Puno ni en Cusco, a pesar de haber sido anunciada en esas ciudades. El equipo ha publicado un comunicado en redes sociales, donde la conversaci\u00f3n en torno al documental gira en torno a la percepci\u00f3n de un boicot y una exclusi\u00f3n deliberada.<\/p>\n<p><img alt=\"Cineplanet restrige horarios a la\" class=\"global-image\" decoding=\"async\" fetchpriority=\"low\" height=\"534\" loading=\"lazy\" src=\"https:\/\/www.europesays.com\/es\/wp-content\/uploads\/2026\/01\/6LI5A2TGGZEOXMM37DLDX4YATE.jpg\" width=\"534\"\/>Cineplanet restrige horarios a la pel\u00edcula Uyariy. Foto captura: Mataperrea \/ X<img alt=\"Restricci\u00f3n en horarios de proyecci\u00f3n\" class=\"global-image\" decoding=\"async\" fetchpriority=\"low\" height=\"754\" loading=\"lazy\" src=\"https:\/\/www.europesays.com\/es\/wp-content\/uploads\/2026\/01\/UQI7NXZ4OFDAXHODPEGLVV4PCM.png\" width=\"1302\"\/>Restricci\u00f3n en horarios de proyecci\u00f3n de la pel\u00edcula Uyariy. Foto captura: Infobae Per\u00fa.<\/p>\n<p class=\"paragraph\">Los productores enfatizaron que la situaci\u00f3n representa una forma de censura encubierta, al restringir el acceso del p\u00fablico a un documental que aborda hechos de alta relevancia social. Advirtieron que, de no atenderse el reclamo, podr\u00edan retirar la pel\u00edcula de la cartelera y buscar alternativas para asegurar su difusi\u00f3n en todo el pa\u00eds.<\/p>\n<p class=\"paragraph\">\u201cUyariy\u201d llega a las salas en un contexto de alta tensi\u00f3n pol\u00edtica y social. La pel\u00edcula documenta la represi\u00f3n estatal del 9 de enero de 2023 en Juliaca, donde <b>dieciocho civiles fueron asesinados<\/b> en el marco de una serie de protestas que, en total, dejaron 49 muertos durante el gobierno de Dina Boluarte. Corcuera reconstruye la memoria a trav\u00e9s de testimonios, m\u00fasica y relatos de familiares, en un esfuerzo por preservar la historia y exigir justicia para las v\u00edctimas.<\/p>\n<p class=\"paragraph\">En entrevista con Infobae Per\u00fa, Corcuera remarc\u00f3 la importancia de registrar estos hechos desde la voz de los afectados y cuestion\u00f3 la falta de apoyo institucional al cine documental en el pa\u00eds. Destac\u00f3 el esfuerzo colectivo y el financiamiento independiente que permitieron llevar adelante el proyecto, se\u00f1alando que era fundamental dejar constancia de lo ocurrido.<\/p>\n<p class=\"paragraph\">El director subray\u00f3 que el cine documental tiene la responsabilidad de preservar la memoria y evitar que hechos como la masacre de Juliaca se repitan. Para Corcuera, \u201cUyariy\u201d es un viaje de memoria y un llamado a la reflexi\u00f3n sobre el pa\u00eds y la urgencia de evitar la repetici\u00f3n de la violencia.<\/p>\n<p><img alt=\"Comunicado del equipo de producci\u00f3n\" class=\"global-image\" decoding=\"async\" fetchpriority=\"low\" height=\"749\" loading=\"lazy\" src=\"https:\/\/www.europesays.com\/es\/wp-content\/uploads\/2026\/01\/ZQ62IUZXBNGR3E6FZLKNRSQZXM.png\" width=\"610\"\/>Comunicado del equipo de producci\u00f3n de Uyariy. Foto: @uyariypelicula \/ Instagram<\/p>\n<p class=\"paragraph\">El malestar por la programaci\u00f3n se multiplic\u00f3 en redes sociales, donde numerosos usuarios denunciaron la limitada disponibilidad de horarios y salas para ver \u201cUyariy\u201d. Inicialmente, se anunci\u00f3 que la pel\u00edcula ser\u00eda proyectada en <b>Cineplanet<\/b> de Juliaca, Puno, Cusco, Mallplaza Arequipa y en Lima, en Cineplanet San Miguel. Sin embargo, la programaci\u00f3n oficial solo incluy\u00f3 funciones en Juliaca para el 8 y 9 de enero, ambas a las 14:45 horas. Adem\u00e1s, la portada del documental no aparece en la cartelera digital, reforzando la percepci\u00f3n de exclusi\u00f3n.<\/p>\n<p class=\"paragraph\">Frente a estas restricciones, los productores confirmaron que la pel\u00edcula puede verse en otras cadenas como <b>Cinemark Jockey Plaza, Cinemark Mallplaza Bellavista, UVK San Mart\u00edn, Cin\u00e9polis Larcomar en Lima y Cin\u00e9polis en Arequipa<\/b>, lo que permite que la ciudadan\u00eda acceda al filme a pesar de las limitaciones impuestas en ciertas salas.<\/p>\n<p><img alt=\"Lista de cines a nivel\" class=\"global-image\" decoding=\"async\" fetchpriority=\"low\" height=\"1350\" loading=\"lazy\" src=\"https:\/\/www.europesays.com\/es\/wp-content\/uploads\/2026\/01\/T4SLNLLCUJCBNCX7MW5YK3J52I.jpg\" width=\"1080\"\/>Lista de cines a nivel nacional donde se proyectar\u00eda Uyariy. Foto: Difusi\u00f3n<\/p>\n<p class=\"paragraph\">La controversia en torno a \u201cUyariy\u201d ha reavivado el debate sobre los l\u00edmites de la <b>libertad de expresi\u00f3n<\/b> y el acceso a la memoria hist\u00f3rica en el Per\u00fa. Diversos colectivos, periodistas y defensores de derechos humanos han manifestado su respaldo al documental, insistiendo en que el acceso a la verdad y la pluralidad de voces es esencial para la democracia.<\/p>\n<p class=\"paragraph\">La denuncia p\u00fablica por censura, sumada al testimonio de las v\u00edctimas y la respuesta del sector cultural, plantea un desaf\u00edo para las empresas exhibidoras y para el propio sistema democr\u00e1tico. <b>La exigencia de respeto a la diversidad de relatos y a la voz de los afectados<\/b> cobra m\u00e1s fuerza que nunca en un pa\u00eds donde la memoria y la justicia siguen siendo demandas abiertas.<\/p>\n<p><img alt=\"Familiares sostienen fotograf\u00edas de sus\" class=\"global-image\" decoding=\"async\" fetchpriority=\"low\" height=\"4480\" loading=\"lazy\" src=\"https:\/\/www.europesays.com\/es\/wp-content\/uploads\/2026\/01\/VPO5D4PEI2I66QMHZ67MWJD5PM.jpg\" width=\"6720\"\/>Familiares sostienen fotograf\u00edas de sus seres queridos que murieron en las protestas del a\u00f1o pasado durante una manifestaci\u00f3n para exigir la renuncia de la presidenta Dina Boluarte, en Juliaca, Per\u00fa, el martes 9 de enero de 2024. La manifestaci\u00f3n se da en el primer aniversario de esos disturbios mortales que se produjeron en el pa\u00eds tras la destituci\u00f3n y el arresto del presidente Pedro Castillo luego que intent\u00f3 disolver el Congreso para evitar un juicio pol\u00edtico. (Foto AP\/Aldair Mej\u00eda)<\/p>\n","protected":false},"excerpt":{"rendered":"\u201cUyariy\u201d fuera de cartelera: reclaman censura contra documental sobre Juliaca. Cr\u00e9dito: Mariano Agudo \/ Per\u00fa Retail El estreno&hellip;\n","protected":false},"author":2,"featured_media":330516,"comment_status":"","ping_status":"","sticky":false,"template":"","format":"standard","meta":{"footnotes":""},"categories":[169],"tags":[177,146,147,25,24,176,175,23],"class_list":{"0":"post-330515","1":"post","2":"type-post","3":"status-publish","4":"format-standard","5":"has-post-thumbnail","7":"category-cine","8":"tag-cine","9":"tag-entertainment","10":"tag-entretenimiento","11":"tag-es","12":"tag-espana","13":"tag-film","14":"tag-movies","15":"tag-spain"},"share_on_mastodon":{"url":"https:\/\/pubeurope.com\/@es\/115862345521153728","error":""},"_links":{"self":[{"href":"https:\/\/www.europesays.com\/es\/wp-json\/wp\/v2\/posts\/330515","targetHints":{"allow":["GET"]}}],"collection":[{"href":"https:\/\/www.europesays.com\/es\/wp-json\/wp\/v2\/posts"}],"about":[{"href":"https:\/\/www.europesays.com\/es\/wp-json\/wp\/v2\/types\/post"}],"author":[{"embeddable":true,"href":"https:\/\/www.europesays.com\/es\/wp-json\/wp\/v2\/users\/2"}],"replies":[{"embeddable":true,"href":"https:\/\/www.europesays.com\/es\/wp-json\/wp\/v2\/comments?post=330515"}],"version-history":[{"count":0,"href":"https:\/\/www.europesays.com\/es\/wp-json\/wp\/v2\/posts\/330515\/revisions"}],"wp:featuredmedia":[{"embeddable":true,"href":"https:\/\/www.europesays.com\/es\/wp-json\/wp\/v2\/media\/330516"}],"wp:attachment":[{"href":"https:\/\/www.europesays.com\/es\/wp-json\/wp\/v2\/media?parent=330515"}],"wp:term":[{"taxonomy":"category","embeddable":true,"href":"https:\/\/www.europesays.com\/es\/wp-json\/wp\/v2\/categories?post=330515"},{"taxonomy":"post_tag","embeddable":true,"href":"https:\/\/www.europesays.com\/es\/wp-json\/wp\/v2\/tags?post=330515"}],"curies":[{"name":"wp","href":"https:\/\/api.w.org\/{rel}","templated":true}]}}