{"id":330526,"date":"2026-01-09T00:48:14","date_gmt":"2026-01-09T00:48:14","guid":{"rendered":"https:\/\/www.europesays.com\/es\/330526\/"},"modified":"2026-01-09T00:48:14","modified_gmt":"2026-01-09T00:48:14","slug":"que-es-el-principio-de-ordinalidad-que-rige-el-nuevo-sistema-de-financiacion-pactado-entre-erc-y-el-gobierno-de-sanchez","status":"publish","type":"post","link":"https:\/\/www.europesays.com\/es\/330526\/","title":{"rendered":"\u00bfQu\u00e9 es el principio de ordinalidad que rige el nuevo sistema de financiaci\u00f3n pactado entre ERC y el Gobierno de S\u00e1nchez?"},"content":{"rendered":"<p>08\/01\/2026<br \/>\n<br \/><strong><br \/>\nActualizado a las 19:21h.<br \/>\n<\/strong><\/p>\n<p class=\"voc-save-news__paragraph\">Esta funcionalidad es s\u00f3lo para suscriptores<\/p>\n<p><a href=\"https:\/\/secure.abc.es\/suscripcion#vca=suscribete&amp;vso=abc&amp;vmc=on&amp;vli=comentarios-btn-flujo\" data-voc-vtm-id=\"comienzoSuscripcionON\" data-voc-vtm-info=\"btncomentar\" class=\"voc-btn voc-btn--w voc-btn--xs voc-save-news__btn\" rel=\"nofollow noopener\" target=\"_blank\"><br \/>\nSuscribete<br \/>\n<\/a><\/p>\n<p class=\"voc-p\" style=\"\">El principio de ordinalidad aplicado en <a href=\"https:\/\/www.abc.es\/noticias\/financiacion-autonomica\/\" target=\"_self\" data-voc-vtm-id=\"in-text-traffic\" title=\"la financiaci\u00f3n auton\u00f3mica,\" data-mrf-link=\"www.abc.es\" rel=\"nofollow noopener\">la financiaci\u00f3n auton\u00f3mica,<\/a> pactado este jueves <a href=\"https:\/\/www.abc.es\/espana\/cataluna\/junqueras-arranca-sanchez-nuevo-modelo-financiacion-autonomica-20260108123649-nt.html\" target=\"_self\" data-voc-vtm-id=\"in-text-traffic\" title=\"en la Moncloa\" data-mrf-link=\"www.abc.es\" rel=\"nofollow noopener\">en la Moncloa<\/a> por el presidente del Gobierno y secretario general del PSOE, Pedro S\u00e1nchez, y el l\u00edder de ERC, Oriol Junqueras, se basa en la invariabilidad del orden de las  &#8230; regiones <strong>entre sus capacidades fiscales y los recursos de los que disponen.<\/strong> Es decir, si una comunidad ocupa el cuarto lugar de la clasificaci\u00f3n (de mayor a menor), en cuanto a los ingresos tributarios por habitante, debe mantenerse en esa posici\u00f3n tras la redistribuci\u00f3n del reparto del fondo de la caja com\u00fan.<\/p>\n<p class=\"voc-p\" style=\"\">Este sistema, que a pesar de lo que desde el Ejecutivo, el PSC y las formaciones independentistas se dice <strong>solo se aplica en Suiza (mediante la cl\u00e1usula &#8216;no re-ranking&#8217;),<\/strong> tiene como principal objetivo limitar la solidaridad entre territorios y acotar la redistribuci\u00f3n. De ah\u00ed que ning\u00fan pa\u00eds (al margen del helv\u00e9tico) lo establezca como norma legal. Existen mecanismos que nivelan el esfuerzo tributario (aunque los impuestos los pagan los ciudadanos y las empresas, y no las administraciones) en otros pa\u00edses. Pero son orientativos para la ordinalidad.<\/p>\n<p class=\"voc-title\">Las regiones peor financiadas son la Comunidad Valenciana, Murcia, Andaluc\u00eda y Castilla-La Mancha<\/p>\n<p class=\"voc-p\" style=\"\">Desde 2015, seg\u00fan los datos oficiales del Ministerio de Hacienda, <strong>Catalu\u00f1a<\/strong> se ha situado en la tercera posici\u00f3n (a excepci\u00f3n del a\u00f1o 2020, que fue la segunda) en cuanto a su capacidad fiscal por habitante, pasando al d\u00e9cimo lugar (en 2020 fue la novena) tras el reparto del dinero de la caja com\u00fan auton\u00f3mica. La <strong>Comunidad de Madrid<\/strong> ha pasado <a href=\"https:\/\/www.abc.es\/economia\/pacto-fiscal-cataluna-obstaculiza-rebajas-impuestos-resto-20250714164138-nt.html\" target=\"_self\" data-voc-vtm-id=\"in-text-traffic\" title=\"del primero al s\u00e9ptimo puesto\" data-mrf-link=\"www.abc.es\" rel=\"nofollow noopener\">del primero al s\u00e9ptimo puesto<\/a> y las <strong>Baleares,<\/strong> del segundo al decimoquinto. Para revertir la situaci\u00f3n, el pacto incluir\u00e1 (a falta de conocer los detalles) que <a href=\"https:\/\/www.abc.es\/economia\/singularidad-fiscal-catalana-quitara-recursos-resto-regiones-20250715194312-nt.html#vca=modulo-rel-uno&amp;vso=abc&amp;vmc=noticias-rel&amp;vli=espana\" target=\"_self\" data-voc-vtm-id=\"in-text-traffic\" title=\"Catalu\u00f1a aporte menos\" data-mrf-link=\"www.abc.es\" rel=\"nofollow noopener\">Catalu\u00f1a aporte menos<\/a> y la Administraci\u00f3n General del Estado lo compense con recaudaci\u00f3n de regiones aportadoras.<\/p>\n<p class=\"voc-p\" style=\"\">En cualquier caso, seg\u00fan el informe de liquidaci\u00f3n de 2023 del sistema de financiaci\u00f3n de <a href=\"https:\/\/www.abc.es\/espana\/sanchez-20260108132213-nt.html\" target=\"_self\" data-voc-vtm-id=\"in-text-traffic\" title=\"las CCAA de r\u00e9gimen com\u00fan\" data-mrf-link=\"www.abc.es\" rel=\"nofollow noopener\">las CCAA de r\u00e9gimen com\u00fan<\/a> elaborado por Fedea, la Generalitat de Catalu\u00f1a esta ya por encima de la media de la financiaci\u00f3n efectiva de las regiones. En este caso, las que est\u00e1n saliendo peor paradas actualmente son la <strong>Comunidad Valenciana, la Regi\u00f3n de Murcia, Andaluc\u00eda<\/strong> y <strong>Castilla-La Mancha.<\/strong><\/p>\n<p><img loading=\"lazy\" decoding=\"async\" width=\"530\" height=\"64\" class=\"logo-premium\" src=\"data:image\/gif;base64,R0lGODlhAQABAAAAACH5BAEKAAEALAAAAAABAAEAAAICTAEAOw==\" alt=\"ABC Premium\"\/><br \/>\nL\u00edmite de sesiones alcanzadas<\/p>\n<ul class=\"listado\">\n<li>El acceso al contenido Premium est\u00e1 abierto por cortes\u00eda del establecimiento donde te encuentras, pero ahora mismo hay demasiados usuarios conectados a la vez. Por favor, int\u00e9ntalo pasados unos minutos.<\/li>\n<\/ul>\n<p>Volver a intentar<\/p>\n<p><img loading=\"lazy\" decoding=\"async\" width=\"530\" height=\"64\" class=\"logo-premium\" src=\"data:image\/gif;base64,R0lGODlhAQABAAAAACH5BAEKAAEALAAAAAABAAEAAAICTAEAOw==\" alt=\"ABC Premium\"\/><br \/>\nHas superado el l\u00edmite de sesiones<\/p>\n<ul class=\"listado\">\n<li>S\u00f3lo puedes tener tres sesiones iniciadas a la vez. Hemos cerrado la sesi\u00f3n m\u00e1s antigua para que sigas navegando sin l\u00edmites en el resto.<\/li>\n<\/ul>\n<p>Sigue navegando<\/p>\n<p>\nArt\u00edculo solo para suscriptores\n<\/p>\n<p>Reportar un error<\/p>\n<p class=\"voc-save-news__paragraph\">Esta funcionalidad es s\u00f3lo para suscriptores<\/p>\n<p><a href=\"https:\/\/secure.abc.es\/suscripcion#vca=suscribete&amp;vso=abc&amp;vmc=on&amp;vli=comentarios-btn-flujo\" data-voc-vtm-id=\"comienzoSuscripcionON\" data-voc-vtm-info=\"btncomentar\" class=\"voc-btn voc-btn--w voc-btn--xs voc-save-news__btn\" rel=\"nofollow noopener\" target=\"_blank\"><br \/>\nSuscribete<br \/>\n<\/a><\/p>\n","protected":false},"excerpt":{"rendered":"08\/01\/2026 Actualizado a las 19:21h. Esta funcionalidad es s\u00f3lo para suscriptores Suscribete El principio de ordinalidad aplicado en&hellip;\n","protected":false},"author":2,"featured_media":330527,"comment_status":"","ping_status":"","sticky":false,"template":"","format":"standard","meta":{"footnotes":""},"categories":[8],"tags":[17,18,6324,25,24,13,14,6861,582,11,19,20,9,10,15,16,524,76196,76198,876,76197,199,7019,23,12,21,22],"class_list":{"0":"post-330526","1":"post","2":"type-post","3":"status-publish","4":"format-standard","5":"has-post-thumbnail","7":"category-espana","8":"tag-breaking-news","9":"tag-breakingnews","10":"tag-erc","11":"tag-es","12":"tag-espana","13":"tag-featured-news","14":"tag-featurednews","15":"tag-financiacion","16":"tag-gobierno","17":"tag-headlines","18":"tag-latest-news","19":"tag-latestnews","20":"tag-news","21":"tag-noticias","22":"tag-noticias-destacadas","23":"tag-noticiasdestacadas","24":"tag-nuevo","25":"tag-ordinalidad","26":"tag-pactado","27":"tag-principio","28":"tag-rige","29":"tag-sanchez","30":"tag-sistema","31":"tag-spain","32":"tag-titulares","33":"tag-ultimas-noticias","34":"tag-ultimasnoticias"},"share_on_mastodon":{"url":"https:\/\/pubeurope.com\/@es\/115862392333394662","error":""},"_links":{"self":[{"href":"https:\/\/www.europesays.com\/es\/wp-json\/wp\/v2\/posts\/330526","targetHints":{"allow":["GET"]}}],"collection":[{"href":"https:\/\/www.europesays.com\/es\/wp-json\/wp\/v2\/posts"}],"about":[{"href":"https:\/\/www.europesays.com\/es\/wp-json\/wp\/v2\/types\/post"}],"author":[{"embeddable":true,"href":"https:\/\/www.europesays.com\/es\/wp-json\/wp\/v2\/users\/2"}],"replies":[{"embeddable":true,"href":"https:\/\/www.europesays.com\/es\/wp-json\/wp\/v2\/comments?post=330526"}],"version-history":[{"count":0,"href":"https:\/\/www.europesays.com\/es\/wp-json\/wp\/v2\/posts\/330526\/revisions"}],"wp:featuredmedia":[{"embeddable":true,"href":"https:\/\/www.europesays.com\/es\/wp-json\/wp\/v2\/media\/330527"}],"wp:attachment":[{"href":"https:\/\/www.europesays.com\/es\/wp-json\/wp\/v2\/media?parent=330526"}],"wp:term":[{"taxonomy":"category","embeddable":true,"href":"https:\/\/www.europesays.com\/es\/wp-json\/wp\/v2\/categories?post=330526"},{"taxonomy":"post_tag","embeddable":true,"href":"https:\/\/www.europesays.com\/es\/wp-json\/wp\/v2\/tags?post=330526"}],"curies":[{"name":"wp","href":"https:\/\/api.w.org\/{rel}","templated":true}]}}