{"id":330538,"date":"2026-01-09T01:02:10","date_gmt":"2026-01-09T01:02:10","guid":{"rendered":"https:\/\/www.europesays.com\/es\/330538\/"},"modified":"2026-01-09T01:02:10","modified_gmt":"2026-01-09T01:02:10","slug":"revive-la-entrevista-completa-a-roberto-leal-maria-jose-campanario-y-eduardo-navarrete-en-el-hormiguero","status":"publish","type":"post","link":"https:\/\/www.europesays.com\/es\/330538\/","title":{"rendered":"Revive la entrevista completa a Roberto Leal, Mar\u00eda Jos\u00e9 Campanario y Eduardo Navarrete en El Hormiguero"},"content":{"rendered":"<p><b>Roberto Leal<\/b>, <b>Mar\u00eda Jos\u00e9 Campanario <\/b>y <b>Eduardo Navarrete <\/b>han llegado juntos a El Hormiguero para presentar la pr\u00f3xima temporada de El Desaf\u00edo. El tr\u00edo ha compartido an\u00e9cdotas, impresiones y la emoci\u00f3n con la que afrontan esta nueva etapa del programa.<\/p>\n<p>Lo primero de lo que han hablado ha sido sobre el look est\u00e1ndar de Pablo Motos. Entre risas, el presentador se ha comprometido a que, para la pr\u00f3xima visita de Eduardo, ser\u00e1 el dise\u00f1ador el encargado de vestirle.<\/p>\n<p>Tras esto, Mar\u00eda Jos\u00e9 Campanario se ha abierto y ha contado las incre\u00edbles dificultades a las que se ha enfrentado para participar. La invitada <b><a title=\"ha asegurado que vive con dolor\" href=\"https:\/\/www.antena3.com\/programas\/el-hormiguero\/entrevista\/duro-testimonio-maria-jose-campanario-vivo-dolor-todos-dias_2026010869601f38af09df50109f2ad1.html\" target=\"_blank\" rel=\"nofollow noopener\">ha asegurado que vive con dolor<\/a><\/b> todos los d\u00edas por culpa de su fibromialgia pero que, pese a ello, ha luchado hasta el final.<\/p>\n<p>Sin embargo, ella no ha sido la \u00fanica que ha tenido que sufrir en El Desaf\u00edo. Eduardo Navarrete ha mostrado las <b><a title=\"incre\u00edbles secuelas\" href=\"https:\/\/www.antena3.com\/programas\/el-hormiguero\/entrevista\/unico-que-eduardo-navarrete-cambiaria-paso-desafio-casi-pierdo-huevo_202601086960219522f0db7daf094df8.html\" target=\"_blank\" rel=\"nofollow noopener\">incre\u00edbles secuelas<\/a><\/b> que padeci\u00f3 tras una de las pruebas m\u00e1s exigentes que realiz\u00f3.<\/p>\n","protected":false},"excerpt":{"rendered":"Roberto Leal, Mar\u00eda Jos\u00e9 Campanario y Eduardo Navarrete han llegado juntos a El Hormiguero para presentar la pr\u00f3xima&hellip;\n","protected":false},"author":2,"featured_media":330539,"comment_status":"","ping_status":"","sticky":false,"template":"","format":"standard","meta":{"footnotes":""},"categories":[171],"tags":[146,147,25,24,23,214],"class_list":{"0":"post-330538","1":"post","2":"type-post","3":"status-publish","4":"format-standard","5":"has-post-thumbnail","7":"category-tv","8":"tag-entertainment","9":"tag-entretenimiento","10":"tag-es","11":"tag-espana","12":"tag-spain","13":"tag-tv"},"share_on_mastodon":{"url":"https:\/\/pubeurope.com\/@es\/115862447226524001","error":""},"_links":{"self":[{"href":"https:\/\/www.europesays.com\/es\/wp-json\/wp\/v2\/posts\/330538","targetHints":{"allow":["GET"]}}],"collection":[{"href":"https:\/\/www.europesays.com\/es\/wp-json\/wp\/v2\/posts"}],"about":[{"href":"https:\/\/www.europesays.com\/es\/wp-json\/wp\/v2\/types\/post"}],"author":[{"embeddable":true,"href":"https:\/\/www.europesays.com\/es\/wp-json\/wp\/v2\/users\/2"}],"replies":[{"embeddable":true,"href":"https:\/\/www.europesays.com\/es\/wp-json\/wp\/v2\/comments?post=330538"}],"version-history":[{"count":0,"href":"https:\/\/www.europesays.com\/es\/wp-json\/wp\/v2\/posts\/330538\/revisions"}],"wp:featuredmedia":[{"embeddable":true,"href":"https:\/\/www.europesays.com\/es\/wp-json\/wp\/v2\/media\/330539"}],"wp:attachment":[{"href":"https:\/\/www.europesays.com\/es\/wp-json\/wp\/v2\/media?parent=330538"}],"wp:term":[{"taxonomy":"category","embeddable":true,"href":"https:\/\/www.europesays.com\/es\/wp-json\/wp\/v2\/categories?post=330538"},{"taxonomy":"post_tag","embeddable":true,"href":"https:\/\/www.europesays.com\/es\/wp-json\/wp\/v2\/tags?post=330538"}],"curies":[{"name":"wp","href":"https:\/\/api.w.org\/{rel}","templated":true}]}}