{"id":330544,"date":"2026-01-09T01:07:09","date_gmt":"2026-01-09T01:07:09","guid":{"rendered":"https:\/\/www.europesays.com\/es\/330544\/"},"modified":"2026-01-09T01:07:09","modified_gmt":"2026-01-09T01:07:09","slug":"la-orquesta-de-rtve-inaugura-el-ano-con-un-homenaje-a-falla","status":"publish","type":"post","link":"https:\/\/www.europesays.com\/es\/330544\/","title":{"rendered":"La Orquesta de RTVE inaugura el a\u00f1o con un homenaje a Falla"},"content":{"rendered":"<p>La formaci\u00f3n ofrece en versi\u00f3n de concierto &#8216;La vida breve&#8217; en el Teatro Monumental de Madrid, con Carmen Sol\u00eds y Cristina Faus como solistas<\/p>\n<p>La <a href=\"https:\/\/www.rtve.es\/orquesta-coro\/\" rel=\"nofollow noopener\" target=\"_blank\"><strong>Orquesta Sinf\u00f3nica y Coro RTVE<\/strong><\/a> ofrecer\u00e1 un nuevo concierto el pr\u00f3ximo <strong>15 y 16 de enero <\/strong>en <strong>el Teatro Monumental de Madrid<\/strong>, bajo la batuta del director <strong>Christoph K\u00f6nig<\/strong>. El programa de la velada se abrir\u00e1 con <strong>Lorca en la residencia<\/strong>, obra del compositor <strong>Eduardo Soutullo<\/strong>, una creaci\u00f3n contempor\u00e1nea que rinde homenaje al poeta Federico Garc\u00eda Lorca y a su etapa en la Residencia de Estudiantes. A continuaci\u00f3n, se interpretar\u00e1 en versi\u00f3n de concierto la \u00f3pera <strong>La vida breve<\/strong> de <strong>Manuel de Falla<\/strong>, una de las obras m\u00e1s emblem\u00e1ticas del repertorio l\u00edrico espa\u00f1ol. El reparto contar\u00e1 con destacados int\u00e9rpretes nacionales como <strong>Carmen Sol\u00eds<\/strong> (Salud), <strong>Cristina Faus<\/strong> (Abuela), <strong>Javier Tom\u00e9<\/strong> (Paco), <strong>Mar\u00eda Mezcle<\/strong> (cantaora), <strong>Juan Manuel Ca\u00f1izares<\/strong> (guitarra), <strong>Antonio Najarro<\/strong> (bailar\u00edn), <strong>Esteban Jes\u00fas Serrano<\/strong> (El t\u00edo Sarvaor), <strong>Esmeralda Espinosa<\/strong> (Carmela) y <strong>Jos\u00e9 Juli\u00e1n Frontal<\/strong> (Manuel).<\/p>\n<p>Con esta misma obra de Falla, de quien en 2026 se celebran 150 a\u00f1os de su nacimiento, la\u00a0Orquesta y Coro RTVE\u00a0ha inaugurado el d\u00eda 8 y 9 de enero el\u00a0<strong>Festival Internacional de M\u00fasica de Canarias 2026<\/strong>\u00a0con sendos conciertos en Gran Canaria y Tenerife, aunque con algunos cambios en el elenco de solistas.<\/p>\n<p>La vida breve es una \u00f3pera en dos actos que se estren\u00f3 en 1913 en Francia y que representa a la Andaluc\u00eda t\u00edpica y t\u00f3pica que tambi\u00e9n mostr\u00f3 Bizet en su \u00f3pera Carmen, aunque con una mirada mucho m\u00e1s aut\u00e9ntica y de inspiraci\u00f3n flamenca.<strong>\u2013 \u00d3A<\/strong><\/p>\n","protected":false},"excerpt":{"rendered":"La formaci\u00f3n ofrece en versi\u00f3n de concierto &#8216;La vida breve&#8217; en el Teatro Monumental de Madrid, con Carmen&hellip;\n","protected":false},"author":2,"featured_media":330545,"comment_status":"","ping_status":"","sticky":false,"template":"","format":"standard","meta":{"footnotes":""},"categories":[91],"tags":[146,147,25,24,23],"class_list":{"0":"post-330544","1":"post","2":"type-post","3":"status-publish","4":"format-standard","5":"has-post-thumbnail","7":"category-entretenimiento","8":"tag-entertainment","9":"tag-entretenimiento","10":"tag-es","11":"tag-espana","12":"tag-spain"},"share_on_mastodon":{"url":"https:\/\/pubeurope.com\/@es\/115862466913922693","error":""},"_links":{"self":[{"href":"https:\/\/www.europesays.com\/es\/wp-json\/wp\/v2\/posts\/330544","targetHints":{"allow":["GET"]}}],"collection":[{"href":"https:\/\/www.europesays.com\/es\/wp-json\/wp\/v2\/posts"}],"about":[{"href":"https:\/\/www.europesays.com\/es\/wp-json\/wp\/v2\/types\/post"}],"author":[{"embeddable":true,"href":"https:\/\/www.europesays.com\/es\/wp-json\/wp\/v2\/users\/2"}],"replies":[{"embeddable":true,"href":"https:\/\/www.europesays.com\/es\/wp-json\/wp\/v2\/comments?post=330544"}],"version-history":[{"count":0,"href":"https:\/\/www.europesays.com\/es\/wp-json\/wp\/v2\/posts\/330544\/revisions"}],"wp:featuredmedia":[{"embeddable":true,"href":"https:\/\/www.europesays.com\/es\/wp-json\/wp\/v2\/media\/330545"}],"wp:attachment":[{"href":"https:\/\/www.europesays.com\/es\/wp-json\/wp\/v2\/media?parent=330544"}],"wp:term":[{"taxonomy":"category","embeddable":true,"href":"https:\/\/www.europesays.com\/es\/wp-json\/wp\/v2\/categories?post=330544"},{"taxonomy":"post_tag","embeddable":true,"href":"https:\/\/www.europesays.com\/es\/wp-json\/wp\/v2\/tags?post=330544"}],"curies":[{"name":"wp","href":"https:\/\/api.w.org\/{rel}","templated":true}]}}