{"id":330556,"date":"2026-01-09T01:24:12","date_gmt":"2026-01-09T01:24:12","guid":{"rendered":"https:\/\/www.europesays.com\/es\/330556\/"},"modified":"2026-01-09T01:24:12","modified_gmt":"2026-01-09T01:24:12","slug":"el-elan-chalon-sera-rival-del-unicaja-en-la-segunda-fase-de-la-bcl-2025-2026","status":"publish","type":"post","link":"https:\/\/www.europesays.com\/es\/330556\/","title":{"rendered":"El Elan Chalon ser\u00e1 rival del Unicaja en la segunda fase de la BCL 2025\/2026"},"content":{"rendered":"<p class=\"ft-text\"><strong>El <\/strong><a class=\"ft-link ft-link--decoration\" href=\"https:\/\/www.laopiniondemalaga.es\/unicaja\/\" rel=\"nofollow noopener\" target=\"_blank\"><strong>Unicaja<\/strong><\/a><strong> sigue de vacaciones en la Basketball Champions League 2025\/2026<\/strong>.<a class=\"ft-link ft-link--decoration\" href=\"https:\/\/www.laopiniondemalaga.es\/unicaja\/2025\/11\/19\/joventut-primer-rival-confirmado-unicaja-round-of-16-bcl-123915548.html\" rel=\"nofollow noopener\" target=\"_blank\"> Desde finales de diciembre ya sabe que el Joventut ser\u00e1 uno de sus rivales la segunda fase de la Champions de la FIBA<\/a>. Ahora, ya se conoce el nombre del tercer integrante del Grupo K, el Elan Chalon de Francia, que este jueves repiti\u00f3 victoria contra el Promitheas Patras griego, esta vez en pista helena, para sentenciar su play in, por la v\u00eda r\u00e1pida, con un 2-0.<\/p>\n<p class=\"ft-text\">El cuarto equipo que se unir\u00e1 a ellos en el Round of 16 se conocer\u00e1 la pr\u00f3xima semana, ya que el <strong>duelo entre el W\u00fcrzburg alem\u00e1n y el Patrioti Levice checo est\u00e1 1-1<\/strong>, tras el triunfo de los germanos este jueves en Chequia, por lo que habr\u00e1 que jugarse un tercer partido de desempate la pr\u00f3xima semana, en cancha alemana.<\/p>\n<p>Promitheas Patras-Chalon (82-92)<\/p>\n<p class=\"ft-text\"><strong>El Chalon de Francia cumpli\u00f3 con el pron\u00f3stico. Volvi\u00f3 a ganar al Promitheas Patras<\/strong> de Grecia, por 82-92, y sac\u00f3 billete para la segunda liguilla de la m\u00e1xima competici\u00f3n europea del <a class=\"ft-link ft-link--decoration\" href=\"https:\/\/www.laopiniondemalaga.es\/tags\/baloncesto\/\" target=\"_blank\" rel=\"nofollow noopener\">baloncesto<\/a> FIBA. El equipo galo ya estuvo a punto de clasificarse directamente al Round of 16 en la primera fase, pero una derrota ante el Alba Berl\u00edn, la pen\u00faltima jornada de la liguilla, le priv\u00f3 del pase directo.<\/p>\n<p><img decoding=\"async\" src=\"https:\/\/www.europesays.com\/es\/wp-content\/uploads\/2026\/01\/b8defdfb-4854-43a2-90ff-d8cf5774bc52_alta-libre-aspect-ratio_default_0.jpg\" width=\"1200\" height=\"800\" alt=\"Elan Chalon gan\u00f3 en Grecia.\" class=\"ft-helper-img-rd\" loading=\"lazy\"\/><\/p>\n<p class=\"ft-helper-fontColor-quaternary ft-helper-fontSize-body-S ft-helper-spacer-t-xxs\">Elan Chalon gan\u00f3 en Grecia.  \/ BCL<\/p>\n<p class=\"ft-text\"><strong>El Promitheas griego entrenado por Curro Segura fue siempre por detr\u00e1s en el marcado<\/strong>r de un conjunto franc\u00e9s muy superior en esta serie al mejor de tres partidos. El Chalon, que fue el equipo que elimin\u00f3 al UCAM Murcia de esta BCL, en la fase previa, ser\u00e1 un rival dur\u00edsimo para el Unicaja y para el Joventut en el Round of 16. <strong>Ojo con este equipo,<\/strong> que juega muy bien al baloncesto y que tiene una plantilla con jugadores con mucho talento.<\/p>\n<p>Patrioti Levice-W\u00fcrzburg (56-74)<\/p>\n<p class=\"ft-text\"><strong>El W\u00fcrzburg alem\u00e1n aguant\u00f3 el ultim\u00e1tum que ten\u00eda en Eslovaquia, sumando un contundente triunfo 56-74,<\/strong> que le sirve para igualar su serie de play in con los de Levice. La pr\u00f3xima semana, el mi\u00e9rcoles 14, ambos equipos jugar\u00e1n el tercer y definitivo partido de desempate, a partir de las 18.30 horas, en pista germana.<\/p>\n<p class=\"ft-text\"><a class=\"ft-link ft-link--decoration\" href=\"https:\/\/www.laopiniondemalaga.es\/unicaja\/2026\/01\/05\/unicaja-conoce-calendario-europeo-grupo-k-bcl-round-of-16-125387862.html\" rel=\"nofollow noopener\" target=\"_blank\">El ganador de esta eliminatoria, por cierto, ser\u00e1 el primer rival del Unicaja en el Round of 16<\/a>. Ese partido se jugar\u00e1 en el Palacio Mart\u00edn Carpena, el mi\u00e9rcoles 21 de enero, a partir de las 20.30 horas.<\/p>\n<p><img decoding=\"async\" src=\"https:\/\/www.europesays.com\/es\/wp-content\/uploads\/2026\/01\/17a81ce6-c3db-4692-b973-733de7a817a4_alta-libre-aspect-ratio_default_0.jpg\" width=\"1200\" height=\"800\" alt=\"El Wurzburg gan\u00f3 en Eslovaquia.\" class=\"ft-helper-img-rd\" loading=\"lazy\"\/><\/p>\n<p class=\"ft-helper-fontColor-quaternary ft-helper-fontSize-body-S ft-helper-spacer-t-xxs\">El Wurzburg gan\u00f3 en Eslovaquia.  \/ BCL<\/p>\n<p>Otros clasificados<\/p>\n<p class=\"ft-text\">Adem\u00e1s del<strong> Hapoel Holon de Israel<\/strong>, que ya estaba clasificado al quedar eliminado el Trapani Shark italiano, tambi\u00e9n se clasificaron este jueves para el Round of 16 <strong>el Karditsa Iaponiki de Grecia, el ERA Nymburk de la Rep\u00fablica Checa y el Le Mans de Francia. <\/strong>La eliminatoria entre el Szolnoki de Hungr\u00eda y el Pallacanestro Trieste de Italia se decidir\u00e1 la pr\u00f3xima semana, en el tercer partido, en tierras magiares. El segundo duelo del cruce entre el Cholet de Francia y el Tofas Bursa se juega este viernes, con victoria parcial de 1-0 para los otomanos.<\/p>\n<p>Round of 16<\/p>\n<p class=\"ft-text\">Ser\u00e1 a partir del martes 20 de enero (en el caso del Unicaja, el mi\u00e9rcoles 21) cuando arranque ya la<strong> segunda fase con los 16 supervivientes en la m\u00e1xima competici\u00f3n del baloncesto por equipos de la FIBA<\/strong>. Entonces, empezar\u00e1 una liguilla de seis jornadas en la que los dos primeros de cada uno de los 4 grupos ser\u00e1n los que pasen al play off de cuartos de final, eliminatoria previa ya para decidir qu\u00e9 <a class=\"ft-link ft-link--decoration\" href=\"https:\/\/www.laopiniondemalaga.es\/unicaja\/2025\/11\/05\/badalona-acelera-organizar-final-four-baloncesto-123395144.html\" rel=\"nofollow noopener\" target=\"_blank\">cuatro equipos juegan la Final Four 2026 del pr\u00f3ximo mes de mayo, que todav\u00eda no tiene sede oficial,<\/a> pero que parece que se jugar\u00e1 en Badalona.<\/p>\n","protected":false},"excerpt":{"rendered":"El Unicaja sigue de vacaciones en la Basketball Champions League 2025\/2026. Desde finales de diciembre ya sabe que&hellip;\n","protected":false},"author":2,"featured_media":330557,"comment_status":"","ping_status":"","sticky":false,"template":"","format":"standard","meta":{"footnotes":""},"categories":[269],"tags":[299,298,23271,42918,168,42917,25,32674,24,1820,317,2023,4079,6260,42797,523,156,23,167,2246],"class_list":{"0":"post-330556","1":"post","2":"type-post","3":"status-publish","4":"format-standard","5":"has-post-thumbnail","7":"category-baloncesto","8":"tag-baloncesto","9":"tag-basketball","10":"tag-bcl","11":"tag-chalon","12":"tag-deportes","13":"tag-elan","14":"tag-es","15":"tag-eslovaquia","16":"tag-espana","17":"tag-frances","18":"tag-francia","19":"tag-grecia","20":"tag-joventut","21":"tag-rival","22":"tag-round-of-16","23":"tag-sera","24":"tag-serie","25":"tag-spain","26":"tag-sports","27":"tag-unicaja"},"share_on_mastodon":{"url":"https:\/\/pubeurope.com\/@es\/115862533880850346","error":""},"_links":{"self":[{"href":"https:\/\/www.europesays.com\/es\/wp-json\/wp\/v2\/posts\/330556","targetHints":{"allow":["GET"]}}],"collection":[{"href":"https:\/\/www.europesays.com\/es\/wp-json\/wp\/v2\/posts"}],"about":[{"href":"https:\/\/www.europesays.com\/es\/wp-json\/wp\/v2\/types\/post"}],"author":[{"embeddable":true,"href":"https:\/\/www.europesays.com\/es\/wp-json\/wp\/v2\/users\/2"}],"replies":[{"embeddable":true,"href":"https:\/\/www.europesays.com\/es\/wp-json\/wp\/v2\/comments?post=330556"}],"version-history":[{"count":0,"href":"https:\/\/www.europesays.com\/es\/wp-json\/wp\/v2\/posts\/330556\/revisions"}],"wp:featuredmedia":[{"embeddable":true,"href":"https:\/\/www.europesays.com\/es\/wp-json\/wp\/v2\/media\/330557"}],"wp:attachment":[{"href":"https:\/\/www.europesays.com\/es\/wp-json\/wp\/v2\/media?parent=330556"}],"wp:term":[{"taxonomy":"category","embeddable":true,"href":"https:\/\/www.europesays.com\/es\/wp-json\/wp\/v2\/categories?post=330556"},{"taxonomy":"post_tag","embeddable":true,"href":"https:\/\/www.europesays.com\/es\/wp-json\/wp\/v2\/tags?post=330556"}],"curies":[{"name":"wp","href":"https:\/\/api.w.org\/{rel}","templated":true}]}}