{"id":330597,"date":"2026-01-09T02:10:10","date_gmt":"2026-01-09T02:10:10","guid":{"rendered":"https:\/\/www.europesays.com\/es\/330597\/"},"modified":"2026-01-09T02:10:10","modified_gmt":"2026-01-09T02:10:10","slug":"rd-alcanza-record-historico-en-llegada-1-4-millones-de-visitantes-en-diciembre-y-11676901-en-todo-el-ano","status":"publish","type":"post","link":"https:\/\/www.europesays.com\/es\/330597\/","title":{"rendered":"RD alcanza r\u00e9cord hist\u00f3rico en llegada: 1.4 millones de visitantes en diciembre y 11,676,901 en todo el a\u00f1o"},"content":{"rendered":"<p dir=\"ltr\">Santo Domingo.-\u00a0<strong>La Rep\u00fablica Dominicana<\/strong> alcanz\u00f3 el\u00a0<strong>hist\u00f3rico r\u00e9cord de 11,676,901 de visitantes\u00a0<\/strong>durante el pasado a\u00f1o, inform\u00f3 el ministro de Turismo,\u00a0<strong>David Collado.<\/strong><\/p>\n<p dir=\"ltr\">Al dar a conocer los resultados del comportamiento de la industria en el periodo\u00a0<strong>enero-diciembre 2025<\/strong>, en un hotel de la capital, Collado se\u00f1al\u00f3 que la llegada de visitantes del a\u00f1o pasado represent\u00f3 un\u00a0<strong>crecimiento<\/strong> de un 37.8 % con relaci\u00f3n al 2022, un 13.3 % respecto al 2023 y un\u00a0<strong>4.3 % en comparaci\u00f3n al a\u00f1o pasado.<\/strong><\/p>\n<p dir=\"ltr\">El funcionario manifest\u00f3 que s\u00f3lo por la\u00a0<strong>v\u00eda a\u00e9rea<\/strong> el pa\u00eds recibi\u00f3<strong> 8,861,169 turistas<\/strong>, lo que representa un crecimiento de un 23.7 % respecto al 2022, un 10 % con relaci\u00f3n al 2023 y\u00a0<strong>3.8 % en comparaci\u00f3n del 2024.<\/strong><\/p>\n<p dir=\"ltr\">El a\u00f1o pasado el\u00a0<strong>crecimiento tambi\u00e9n fue notable por la v\u00eda mar\u00edtima<\/strong>, tras el pa\u00eds recibir\u00a0<strong>2,815,732 de cruceristas<\/strong>, lo que representa un aumento de 114.6 % con relaci\u00f3n al 2022, un 25.3 % respecto al 2023 y un\u00a0<strong>6 % frente al a\u00f1o anterior.<\/strong><\/p>\n<p dir=\"ltr\">\u00abEsas llegadas, por las v\u00edas a\u00e9rea y mar\u00edtima, marcaron otros r\u00e9cords anuales hist\u00f3ricos en el pa\u00eds, al recibir 11,676,901 de visitantes\u00bb, expres\u00f3 el ministro Collado.<\/p>\n<p dir=\"ltr\">El funcionario indic\u00f3 que s\u00f3lo en el mes de\u00a0<strong>diciembre<\/strong> el pa\u00eds recibi\u00f3 un total de\u00a0<strong>1,392,649 visitantes<\/strong>, lo que refleja un crecimiento de un 40.5 % respecto al 2022, un 16.6 % en comparaci\u00f3n con el 2023 y\u00a0<strong>14.2 % frente al 2024.<\/strong><\/p>\n<p dir=\"ltr\">Explic\u00f3 que s\u00f3lo por la\u00a0<strong>v\u00eda a\u00e9rea<\/strong> llegaron en diciembre\u00a0<strong>976,747 turistas<\/strong>, mientras que por\u00a0<strong>v\u00eda mar\u00edtima<\/strong> Rep\u00fablica Dominicana recibi\u00f3\u00a0<strong>415,902 cruceristas.<\/strong><\/p>\n<p dir=\"ltr\">Los pa\u00edses emisores que\u00a0<strong>m\u00e1s visitantes<\/strong> aportaron, en ese per\u00edodo, fueron\u00a0<strong>Estados Unidos, Canad\u00e1, Argentina y Colombia.<\/strong><\/p>\n<p dir=\"ltr\"><strong>Los aeropuertos que m\u00e1s turistas recibieron<\/strong> en el a\u00f1o reci\u00e9n finalizado fueron\u00a0<strong>Punta Cana<\/strong> con 51 %,\u00a0<strong>Las Am\u00e9ricas<\/strong> con 28 %,\u00a0<strong>Cibao<\/strong> con 12 %,\u00a0<strong>Puerto Plata<\/strong> 4 %, el\u00a0<strong>Hig\u00fcero<\/strong> 2.5 % y\u00a0<strong>La Romana<\/strong> 2.5 %<\/p>\n<p dir=\"ltr\">El funcionario tambi\u00e9n manifest\u00f3 que\u00a0<strong>la ocupaci\u00f3n hotelera super\u00f3 71 %<\/strong> durante todo el a\u00f1o, mientras que los niveles de\u00a0<strong>satisfacci\u00f3n de los turistas fue un 4.4 en una medici\u00f3n de 5.<\/strong><\/p>\n<p dir=\"ltr\">\u00abEs bueno destacar que, pese a todas las adversidades por coyunturas internacionales, el turismo dominicano registr\u00f3 el mayor crecimiento de su historia\u00bb, subray\u00f3 el ministro Collado.<\/p>\n<p>\u00abEn cinco a\u00f1os hemos transformado de manera silenciosa el turismo dominicano\u00bb, destac\u00f3.<\/p>\n","protected":false},"excerpt":{"rendered":"Santo Domingo.-\u00a0La Rep\u00fablica Dominicana alcanz\u00f3 el\u00a0hist\u00f3rico r\u00e9cord de 11,676,901 de visitantes\u00a0durante el pasado a\u00f1o, inform\u00f3 el ministro de&hellip;\n","protected":false},"author":2,"featured_media":330598,"comment_status":"","ping_status":"","sticky":false,"template":"","format":"standard","meta":{"footnotes":""},"categories":[42],"tags":[17,18,13,14,11,61,62,63,64,19,20,9,10,15,16,12,4664,21,22,65,66,67],"class_list":{"0":"post-330597","1":"post","2":"type-post","3":"status-publish","4":"format-standard","5":"has-post-thumbnail","7":"category-internacional","8":"tag-breaking-news","9":"tag-breakingnews","10":"tag-featured-news","11":"tag-featurednews","12":"tag-headlines","13":"tag-internacional","14":"tag-international","15":"tag-international-news","16":"tag-internationalnews","17":"tag-latest-news","18":"tag-latestnews","19":"tag-news","20":"tag-noticias","21":"tag-noticias-destacadas","22":"tag-noticiasdestacadas","23":"tag-titulares","24":"tag-turismo","25":"tag-ultimas-noticias","26":"tag-ultimasnoticias","27":"tag-world","28":"tag-world-news","29":"tag-worldnews"},"share_on_mastodon":{"url":"https:\/\/pubeurope.com\/@es\/115862714726244866","error":""},"_links":{"self":[{"href":"https:\/\/www.europesays.com\/es\/wp-json\/wp\/v2\/posts\/330597","targetHints":{"allow":["GET"]}}],"collection":[{"href":"https:\/\/www.europesays.com\/es\/wp-json\/wp\/v2\/posts"}],"about":[{"href":"https:\/\/www.europesays.com\/es\/wp-json\/wp\/v2\/types\/post"}],"author":[{"embeddable":true,"href":"https:\/\/www.europesays.com\/es\/wp-json\/wp\/v2\/users\/2"}],"replies":[{"embeddable":true,"href":"https:\/\/www.europesays.com\/es\/wp-json\/wp\/v2\/comments?post=330597"}],"version-history":[{"count":0,"href":"https:\/\/www.europesays.com\/es\/wp-json\/wp\/v2\/posts\/330597\/revisions"}],"wp:featuredmedia":[{"embeddable":true,"href":"https:\/\/www.europesays.com\/es\/wp-json\/wp\/v2\/media\/330598"}],"wp:attachment":[{"href":"https:\/\/www.europesays.com\/es\/wp-json\/wp\/v2\/media?parent=330597"}],"wp:term":[{"taxonomy":"category","embeddable":true,"href":"https:\/\/www.europesays.com\/es\/wp-json\/wp\/v2\/categories?post=330597"},{"taxonomy":"post_tag","embeddable":true,"href":"https:\/\/www.europesays.com\/es\/wp-json\/wp\/v2\/tags?post=330597"}],"curies":[{"name":"wp","href":"https:\/\/api.w.org\/{rel}","templated":true}]}}