{"id":330599,"date":"2026-01-09T02:11:28","date_gmt":"2026-01-09T02:11:28","guid":{"rendered":"https:\/\/www.europesays.com\/es\/330599\/"},"modified":"2026-01-09T02:11:28","modified_gmt":"2026-01-09T02:11:28","slug":"confirmado-por-la-dgt-las-balizas-v16-tendran-que-pasar-su-propia-itv","status":"publish","type":"post","link":"https:\/\/www.europesays.com\/es\/330599\/","title":{"rendered":"Confirmado por la DGT: las balizas V16 tendr\u00e1n que pasar su propia ITV"},"content":{"rendered":"<p class=\"v-mdl-ath__p v-mdl-ath__p--6\">\nJueves, 8 de enero 2026, 14:09<\/p>\n<p class=\"v-p\">Con la llegada de 2026, la obligaci\u00f3n de llevar en el veh\u00edculo la <a href=\"https:\/\/www.lasprovincias.es\/economia\/motor\/vehiculos-baliza-v16-20251231131647-nt.html\" target=\"_blank\" title=\"www.lasprovincias.es\" data-voc-vtm-id=\"in-text-traffic\" data-mrf-link=\"www.lasprovincias.es\" rel=\"nofollow noopener\">baliza V16<\/a> conectada ha entrado en vigor. Junto a esta medida, la <a href=\"https:\/\/www.lasprovincias.es\/motor\/pobreza-transporte-nuevo-concepto-incorporado-dgt-afecta-20251014214243-nt.html\" target=\"_blank\" title=\"www.lasprovincias.es\" data-voc-vtm-id=\"in-text-traffic\" data-mrf-link=\"www.lasprovincias.es\" rel=\"nofollow noopener\">Direcci\u00f3n General de Tr\u00e1fico<\/a> ha confirmado que estos dispositivos deber\u00e1n pasar unos controles peri\u00f3dicos muy similares a una ITV.<\/p>\n<p class=\"v-p\">El objetivo es garantizar que las balizas que se comercializan y utilizan mantienen los est\u00e1ndares de calidad y funcionamiento exigidos desde el momento de su homologaci\u00f3n. Este anuncio llega tras la publicaci\u00f3n de un nuevo listado de balizas a las que <a href=\"https:\/\/www.lasprovincias.es\/motor\/informacion-util\/dgt-retira-homologacion-cuatro-balizas-v16-20251227012731-nt.html\" target=\"_blank\" title=\"www.lasprovincias.es\" data-voc-vtm-id=\"in-text-traffic\" data-mrf-link=\"www.lasprovincias.es\" rel=\"nofollow noopener\">la DGT les ha retirado la homologaci\u00f3n<\/a>.<\/p>\n<p class=\"v-p\">Por ahora, en ese listado figuran cuatro modelos, cifra que, seg\u00fan el organismo, aumentar\u00e1 en cuanto se realicen las primeras verificaciones t\u00e9cnicas.<\/p>\n<p class=\"v-p\">La primera revisi\u00f3n de las balizas V16 se realizar\u00e1 un a\u00f1o despu\u00e9s de la homologaci\u00f3n inicial y ser\u00e1 presencial, ya sea en las instalaciones del solicitante o en la f\u00e1brica, dependiendo del aspecto que requiera verificaci\u00f3n. <\/p>\n<p><a href=\"http:\/\/www.lasprovincias.es\/economia\/motor\/javier-sanz-experto-ciberseguridad-advierte-peligro-baliza-20260103002154-nt.html#vtm_modulosEngag=mod-rel:motor:noticia:1:cmp:1-not\" class=\"v-a-link\" aria-label=\"Imagen\" rel=\"nofollow noopener\" target=\"_blank\"><\/p>\n<p><img decoding=\"async\" loading=\"lazy\" src=\"https:\/\/www.europesays.com\/es\/wp-content\/uploads\/2026\/01\/a3-k7EH--366x256@Las Provincias.jpg\" class=\"v-a-img\" alt=\"\" data-voc-vtm-id=\"in-text-traffic\" width=\"366\" height=\"256\"\/><\/p>\n<p><\/a><\/p>\n<p class=\"v-p\">Tras esta primera inspecci\u00f3n, las siguientes se llevar\u00e1n a cabo cada dos a\u00f1os, alternado revisiones documentales con el env\u00edo de muestras para ensayos y otras pruebas que pueden ser requeridas.<\/p>\n<p class=\"v-p\">Estos controles tienen la finalidad de comprobar el cumplimiento de las especificaciones t\u00e9cnicas y el correcto funcionamiento de la comunicaci\u00f3n con la red de operadoras y con la plataforma DGT 3.0, incluida la conexi\u00f3n con la nube del fabricante.<\/p>\n<p class=\"v-p\">Si durante la revisi\u00f3n se detecta alguna irregularidad, se establecer\u00e1 un plan de acci\u00f3n correctiva con un plazo m\u00e1ximo de tres meses. Si las deficiencias no se solucionan, la DGT podr\u00e1 ordenar la retirada del producto del mercado y parar su comercializaci\u00f3n, adem\u00e1s de exigir al fabricante su colaboraci\u00f3n para eliminar los riesgos de los modelos afectados.<\/p>\n<p>Reporta un error<\/p>\n","protected":false},"excerpt":{"rendered":"Jueves, 8 de enero 2026, 14:09 Con la llegada de 2026, la obligaci\u00f3n de llevar en el veh\u00edculo&hellip;\n","protected":false},"author":2,"featured_media":330600,"comment_status":"","ping_status":"","sticky":false,"template":"","format":"standard","meta":{"footnotes":""},"categories":[8],"tags":[66057,17,18,8723,814,25,24,13,14,11,47004,19,20,9,10,15,16,4797,872,23,12,21,22,62318],"class_list":{"0":"post-330599","1":"post","2":"type-post","3":"status-publish","4":"format-standard","5":"has-post-thumbnail","7":"category-espana","8":"tag-balizas","9":"tag-breaking-news","10":"tag-breakingnews","11":"tag-confirmado","12":"tag-dgt","13":"tag-es","14":"tag-espana","15":"tag-featured-news","16":"tag-featurednews","17":"tag-headlines","18":"tag-itv","19":"tag-latest-news","20":"tag-latestnews","21":"tag-news","22":"tag-noticias","23":"tag-noticias-destacadas","24":"tag-noticiasdestacadas","25":"tag-pasar","26":"tag-propia","27":"tag-spain","28":"tag-titulares","29":"tag-ultimas-noticias","30":"tag-ultimasnoticias","31":"tag-v16"},"share_on_mastodon":{"url":"https:\/\/pubeurope.com\/@es\/115862718576611990","error":""},"_links":{"self":[{"href":"https:\/\/www.europesays.com\/es\/wp-json\/wp\/v2\/posts\/330599","targetHints":{"allow":["GET"]}}],"collection":[{"href":"https:\/\/www.europesays.com\/es\/wp-json\/wp\/v2\/posts"}],"about":[{"href":"https:\/\/www.europesays.com\/es\/wp-json\/wp\/v2\/types\/post"}],"author":[{"embeddable":true,"href":"https:\/\/www.europesays.com\/es\/wp-json\/wp\/v2\/users\/2"}],"replies":[{"embeddable":true,"href":"https:\/\/www.europesays.com\/es\/wp-json\/wp\/v2\/comments?post=330599"}],"version-history":[{"count":0,"href":"https:\/\/www.europesays.com\/es\/wp-json\/wp\/v2\/posts\/330599\/revisions"}],"wp:featuredmedia":[{"embeddable":true,"href":"https:\/\/www.europesays.com\/es\/wp-json\/wp\/v2\/media\/330600"}],"wp:attachment":[{"href":"https:\/\/www.europesays.com\/es\/wp-json\/wp\/v2\/media?parent=330599"}],"wp:term":[{"taxonomy":"category","embeddable":true,"href":"https:\/\/www.europesays.com\/es\/wp-json\/wp\/v2\/categories?post=330599"},{"taxonomy":"post_tag","embeddable":true,"href":"https:\/\/www.europesays.com\/es\/wp-json\/wp\/v2\/tags?post=330599"}],"curies":[{"name":"wp","href":"https:\/\/api.w.org\/{rel}","templated":true}]}}