{"id":330648,"date":"2026-01-09T03:06:08","date_gmt":"2026-01-09T03:06:08","guid":{"rendered":"https:\/\/www.europesays.com\/es\/330648\/"},"modified":"2026-01-09T03:06:08","modified_gmt":"2026-01-09T03:06:08","slug":"renfe-activa-servicios-especiales-por-cancelaciones-de-ouigo","status":"publish","type":"post","link":"https:\/\/www.europesays.com\/es\/330648\/","title":{"rendered":"Renfe activa servicios especiales por cancelaciones de Ouigo"},"content":{"rendered":"<ul>\n<li><b>Pone en marcha nuevos servicios AVLO desde 7 euros<\/b><\/li>\n<li><b>Renfe aumentar\u00e1 la capacidad de estos servicios en caso de que sea necesario<\/b><\/li>\n<\/ul>\n<p>Renfe ha activado servicios especiales en el Corredor Sur para atender a las personas que se han quedado sin poder viajar debido a las cancelaciones y supresiones que est\u00e1 llevando a cabo la compa\u00f1\u00eda Ouigo.<\/p>\n<p>Como una muestra de su compromiso con los viajeros y para facilitar la movilidad de todos los afectados por estas cancelaciones, Renfe pondr\u00e1 desde ma\u00f1ana a disposici\u00f3n de estas personas dos servicios especiales entre Madrid y Sevilla con trenes AVLO a precios reducidos, a partir 7 euros. Los billetes se podr\u00e1n adquirir en renfe.com y en estaciones.<\/p>\n<p>A las 12:00 horas de ma\u00f1ana est\u00e1 previsto que parta el primero de estos trenes especiales, un AVLO Madrid-Sevilla. El siguiente tren especial saldr\u00e1 de la capital hispalense destino Madrid a las 17:17 horas.<\/p>\n<p>En funci\u00f3n de la demanda, Renfe reforzar\u00e1 la capacidad de sus trenes en este corredor y, si fuera necesario, programar\u00e1 tambi\u00e9n servicios especiales adicionales para atender a las personas viajeras afectadas por las cancelaciones en el trayecto Madrid\u2013M\u00e1laga en ambos sentidos.<\/p>\n<p>Renfe recuerda que la normativa establece que si en 100 minutos despu\u00e9s de la hora prevista de salida no se ofrece una soluci\u00f3n a los viajeros, ellos mismos pueden buscar un transporte p\u00fablico alternativo, como Renfe, y la empresa deber\u00e1 devolverles el coste del billete que hayan tenido que comprar.<\/p>\n","protected":false},"excerpt":{"rendered":"Pone en marcha nuevos servicios AVLO desde 7 euros Renfe aumentar\u00e1 la capacidad de estos servicios en caso&hellip;\n","protected":false},"author":2,"featured_media":330649,"comment_status":"","ping_status":"","sticky":false,"template":"","format":"standard","meta":{"footnotes":""},"categories":[8],"tags":[17,18,25,24,13,14,3015,11,19,20,9,10,15,16,23,12,21,22],"class_list":{"0":"post-330648","1":"post","2":"type-post","3":"status-publish","4":"format-standard","5":"has-post-thumbnail","7":"category-espana","8":"tag-breaking-news","9":"tag-breakingnews","10":"tag-es","11":"tag-espana","12":"tag-featured-news","13":"tag-featurednews","14":"tag-general","15":"tag-headlines","16":"tag-latest-news","17":"tag-latestnews","18":"tag-news","19":"tag-noticias","20":"tag-noticias-destacadas","21":"tag-noticiasdestacadas","22":"tag-spain","23":"tag-titulares","24":"tag-ultimas-noticias","25":"tag-ultimasnoticias"},"share_on_mastodon":{"url":"https:\/\/pubeurope.com\/@es\/115862934786366190","error":""},"_links":{"self":[{"href":"https:\/\/www.europesays.com\/es\/wp-json\/wp\/v2\/posts\/330648","targetHints":{"allow":["GET"]}}],"collection":[{"href":"https:\/\/www.europesays.com\/es\/wp-json\/wp\/v2\/posts"}],"about":[{"href":"https:\/\/www.europesays.com\/es\/wp-json\/wp\/v2\/types\/post"}],"author":[{"embeddable":true,"href":"https:\/\/www.europesays.com\/es\/wp-json\/wp\/v2\/users\/2"}],"replies":[{"embeddable":true,"href":"https:\/\/www.europesays.com\/es\/wp-json\/wp\/v2\/comments?post=330648"}],"version-history":[{"count":0,"href":"https:\/\/www.europesays.com\/es\/wp-json\/wp\/v2\/posts\/330648\/revisions"}],"wp:featuredmedia":[{"embeddable":true,"href":"https:\/\/www.europesays.com\/es\/wp-json\/wp\/v2\/media\/330649"}],"wp:attachment":[{"href":"https:\/\/www.europesays.com\/es\/wp-json\/wp\/v2\/media?parent=330648"}],"wp:term":[{"taxonomy":"category","embeddable":true,"href":"https:\/\/www.europesays.com\/es\/wp-json\/wp\/v2\/categories?post=330648"},{"taxonomy":"post_tag","embeddable":true,"href":"https:\/\/www.europesays.com\/es\/wp-json\/wp\/v2\/tags?post=330648"}],"curies":[{"name":"wp","href":"https:\/\/api.w.org\/{rel}","templated":true}]}}