{"id":330695,"date":"2026-01-09T03:54:14","date_gmt":"2026-01-09T03:54:14","guid":{"rendered":"https:\/\/www.europesays.com\/es\/330695\/"},"modified":"2026-01-09T03:54:14","modified_gmt":"2026-01-09T03:54:14","slug":"iker-casillas-da-la-ultima-hora-sobre-el-estado-de-salud-de-sara-carbonero-no-hay-que-preocuparse-por-suerte-el-mundo","status":"publish","type":"post","link":"https:\/\/www.europesays.com\/es\/330695\/","title":{"rendered":"Iker Casillas da la \u00faltima hora sobre el estado de salud de Sara Carbonero: &quot;No hay que preocuparse, por suerte&quot; &#8211; El Mundo"},"content":{"rendered":"<ol>\n<li><a href=\"https:\/\/news.google.com\/rss\/articles\/CBMigAFBVV95cUxNQWs3ejhHYWRXSjljMzBoTkRtUDVxY0RDM1Fuckk0RE5meDc4dkpMZldVNENLN3ZlUnhrQjh2TkppVGJwN1JjaWNxU2pYbDduLVphSE93UW1nN1JSRGx4cktyWWNnU19SMjRJdDFQMTU4ZDVtbWpoSWFzdnVxYXpHWtIBgAFBVV95cUxOeUhKOVh4aURQZ1JvNkxpeExnRTdRSkZwMm9GYW5Gb1kxdUlnT1FEdlNpQndQZ3dwcWJzazZEVGhORGVsaHphNmd5U0FfZmY4TTRNM1dxT1MwVWFEa3hZVXpWUDhjeWtGaFBQNXJ1YldhcFA1RXJncUllSDF2SmRDTw?oc=5\" target=\"_blank\" rel=\"nofollow noopener\">Iker Casillas da la \u00faltima hora sobre el estado de salud de Sara Carbonero: \u00abNo hay que preocuparse, por suerte\u00bb<\/a>&nbsp;&nbsp;El Mundo<\/li>\n<li><a href=\"https:\/\/news.google.com\/rss\/articles\/CBMiiwJBVV95cUxQRW0xbVMwSDlEYzE1SHB3Zi1VSXdTcDBlWldLeURfSHdsdDJWTXpRTWxSMFhGajRscFU2ampKV2ZOWjRvQ2RFNkctQ1lOTnlnZDZPZmNZTFdQVDZ1Z2hoZTRBajdTVUtZWkQxc1lEOWItUlM1X2MxdFowR1pxYUtYc2RkSVk4RGY2bUx3WUExbUpiWWFzQ0J5TzZFWDZBU2p0VXZpblotZXBOYjB2SUlJdTZ4emE4TENiUW5wUzNsZVlxSk1XSHUxakItcUFKSzJHeE9jaFBXR0ViM1IxemNrS0NXWVNYZk0ya21TUnlmcWtyR3E0VS12MzdJMno0ZVV4UGZncnBtQWdjUUnSAYsCQVVfeXFMT0h3Uk12UXp4bTRfNWw1TS0tRTAzWHpzdWN5d0V5ODFFTWduaFZlTFpudjZ4TnlyVDJfaVVpY0NrenlqLWYtTW04QnlzZllNMVkxSF93aWVtRTlmWmU5WUdzSkdRZDBsMUNFejZiNU1OZ25ydFJtMk1TcW93MlkzM3RreXQwN0dPck5aTGxPVUkyOFdKaHRMVmZROGJDbWQ4NGFHV2NCMi1MYWpxSE12alFERVpqS3d4dTY4cEUya0pFNnlUeVhZR05vZ3BZMUJpTDlVRUx3ZFI1T3daQlpCcmQ2bVY2OWRUdHdJQnI4QmVUa1I3QkdFV25NX2ZUZjZDUjVxczREWGt5anRZ?oc=5\" target=\"_blank\" rel=\"nofollow noopener\">\u00daltima hora sobre el estado de salud de Sara Carbonero: \u00abPodr\u00eda pasar pronto a planta pero sigue en la UCI\u00bb<\/a>&nbsp;&nbsp;Antena 3<\/li>\n<li><a href=\"https:\/\/news.google.com\/rss\/articles\/CBMizAFBVV95cUxOWVJWNTJkclBCNlltY0ZWR2hqRzJYTWJKMmdBaHVJQ1hEYVVxcmMwVHB2TGhPRWlpT2pDQzNTS2ROeEczUDBXTmhVUk54QWpPRFREcjNUY191TWZBRTkwXzhvdjZRdVM0UHNPZEs2S3hXYUpZWkwxWEVXQ3ZfMXN3UDVmVG9WZnAzMlpIY3lEejdfOFdzN25kYkVqOUZDalBpcmU4WFVwdTNDaGVoNnBaNzYyQmRXREJ6VVRBV2lIeGViaEUxX3BxS0NJTnXSAegBQVVfeXFMT01YNGJoSGZvWV9ueHhwLU45U1JvYUY0WWlUQWZyOUJISzVtNlBvdnhfek0wS0NwLUFMUEhRWUoyQklOZ2hzdDZMekZxVDY3NEEzYlU1Qkk3UnZMdHdmWEVkS3hmdndzaVlnU3Jla1hrdHFYVmRMT19aOTczMXpzSGp1RWhQblFuM1E0eElseU9ES1l1MEREX1dMdDd3Q3NVbTdRZV9GcVVMQk5oazRNMnpIRDM2YTNETWVrNHFmU0ZGeXVIZ1oweWg3ajRscWtLUExwdllNRUQzSjdNbkJBUUFkWGQ4cHRmcA?oc=5\" target=\"_blank\" rel=\"nofollow noopener\">Sara Carbonero sube a planta tras d\u00edas ingresada en la uci<\/a>&nbsp;&nbsp;La Voz de Galicia<\/li>\n<li><a href=\"https:\/\/news.google.com\/rss\/articles\/CBMixAFBVV95cUxPV2daNG9lVTJNeDZZVzAzRUE0UDVWWWRNSGtqUkgwZmstR1BheVcwa2RuZFZYQ2g0RVd2MVRheTU5WU1YeGltdzduZTRpbnNWSWVRZEtSeUtzZmdzVUVJLXZodDQ1bmdpTzdqa181MTExMXF4SVBHNGN1dlBNU3dvMEVYOUY0d0hKcGNwNkRGaVhfQnFLQThJeURTOWdGWnFfbzMzalRvT2prMUlLMUlQV29iSlVYcFZEZ3NyTHhGcEx3OHhS?oc=5\" target=\"_blank\" rel=\"nofollow noopener\">As\u00ed es Jos\u00e9 Luis Cabrera, la pareja de Sara Carbonero que le acompa\u00f1a en estos duros momentos<\/a>&nbsp;&nbsp;Lecturas<\/li>\n<li><a href=\"https:\/\/news.google.com\/rss\/articles\/CBMi0gFBVV95cUxQSGZkMjBJS19jbzU1YWxvSFBQSGsybDZOT3R3WXk0QkJLa0JzTDMtRUI4b2FGckFxVF9BREMyTzRYWk9yR2Flb0tpaVp0WkNNYVlGbHBKdmFuX3lidlFCaXVDU1pQTUxXRDB4dHVCd1JST1QxX1pnWVRWbGZ1YmJnY3JqR3VzdThnX3lKQlBnY0c0SElfb2YwMGktalhwdlhOSldkeWV3OHA3Q244akNIRHVCQ3N4bW9TVnl5V3FoaHl3emZIa25ESURaeWpVbXVLdmfSAdIBQVVfeXFMUGRBMEN1di0xRDE3MWFtSC1DV05zcS1ZVTVCMUMtalRMcFU1NnlrZzY1dWUtYUgxY2x5UXZVTHpzcVVNcmwzdktLR1E3bUpvSHhxQ2ZEMVVkQlBmV2VVbGxLM05EUUJmdlkzMEFTSzBtMVlSbk5rQUVraVVXUmJwX0w4SGZqZ0dUUWJWeDFRTkt4MEdfMHcwNnAzVDE3M0NNYzVxUkFEM3otWTdpZ1FJWkZyNGRlNUZ5M2R3Z3hmOUkxTEd0WVM3ZDdIbU9UTWxaTjhn?oc=5\" target=\"_blank\" rel=\"nofollow noopener\">Las primeras palabras de Iker Casillas sobre la intervenci\u00f3n de Sara Carbonero que la mantiene en la UCI<\/a>&nbsp;&nbsp;MARCA<\/li>\n<\/ol>\n","protected":false},"excerpt":{"rendered":"Iker Casillas da la \u00faltima hora sobre el estado de salud de Sara Carbonero: \u00abNo hay que preocuparse,&hellip;\n","protected":false},"author":2,"featured_media":330696,"comment_status":"","ping_status":"","sticky":false,"template":"","format":"standard","meta":{"footnotes":""},"categories":[8],"tags":[17,18,25,24,13,14,11,18685,19,20,720,9,10,15,16,15968,23,12,21,22],"class_list":{"0":"post-330695","1":"post","2":"type-post","3":"status-publish","4":"format-standard","5":"has-post-thumbnail","7":"category-espana","8":"tag-breaking-news","9":"tag-breakingnews","10":"tag-es","11":"tag-espana","12":"tag-featured-news","13":"tag-featurednews","14":"tag-headlines","15":"tag-iker-casillas","16":"tag-latest-news","17":"tag-latestnews","18":"tag-loc-famosos","19":"tag-news","20":"tag-noticias","21":"tag-noticias-destacadas","22":"tag-noticiasdestacadas","23":"tag-sara-carbonero","24":"tag-spain","25":"tag-titulares","26":"tag-ultimas-noticias","27":"tag-ultimasnoticias"},"share_on_mastodon":{"url":"https:\/\/pubeurope.com\/@es\/115863123583794359","error":""},"_links":{"self":[{"href":"https:\/\/www.europesays.com\/es\/wp-json\/wp\/v2\/posts\/330695","targetHints":{"allow":["GET"]}}],"collection":[{"href":"https:\/\/www.europesays.com\/es\/wp-json\/wp\/v2\/posts"}],"about":[{"href":"https:\/\/www.europesays.com\/es\/wp-json\/wp\/v2\/types\/post"}],"author":[{"embeddable":true,"href":"https:\/\/www.europesays.com\/es\/wp-json\/wp\/v2\/users\/2"}],"replies":[{"embeddable":true,"href":"https:\/\/www.europesays.com\/es\/wp-json\/wp\/v2\/comments?post=330695"}],"version-history":[{"count":0,"href":"https:\/\/www.europesays.com\/es\/wp-json\/wp\/v2\/posts\/330695\/revisions"}],"wp:featuredmedia":[{"embeddable":true,"href":"https:\/\/www.europesays.com\/es\/wp-json\/wp\/v2\/media\/330696"}],"wp:attachment":[{"href":"https:\/\/www.europesays.com\/es\/wp-json\/wp\/v2\/media?parent=330695"}],"wp:term":[{"taxonomy":"category","embeddable":true,"href":"https:\/\/www.europesays.com\/es\/wp-json\/wp\/v2\/categories?post=330695"},{"taxonomy":"post_tag","embeddable":true,"href":"https:\/\/www.europesays.com\/es\/wp-json\/wp\/v2\/tags?post=330695"}],"curies":[{"name":"wp","href":"https:\/\/api.w.org\/{rel}","templated":true}]}}