{"id":330711,"date":"2026-01-09T04:12:09","date_gmt":"2026-01-09T04:12:09","guid":{"rendered":"https:\/\/www.europesays.com\/es\/330711\/"},"modified":"2026-01-09T04:12:09","modified_gmt":"2026-01-09T04:12:09","slug":"la-incidencia-de-la-gripe-baja-un-20-con-la-entrada-del-nuevo-ano","status":"publish","type":"post","link":"https:\/\/www.europesays.com\/es\/330711\/","title":{"rendered":"La incidencia de la gripe baja un 20% con la entrada del nuevo a\u00f1o"},"content":{"rendered":"<p>La llegada del nuevo a\u00f1o muestra un sensible descenso en la tasa de casos de infecciones por <a href=\"https:\/\/diariofarma.com\/tag\/gripe?utm_source=diariofarma&amp;utm_medium=web&amp;utm_campaign=smartlink\" rel=\"nofollow noopener\" target=\"_blank\">gripe<\/a>. As\u00ed lo se\u00f1ala el informe semanal del Sistema de Vigilancia de <a href=\"https:\/\/diariofarma.com\/tag\/infeccion?utm_source=diariofarma&amp;utm_medium=web&amp;utm_campaign=smartlink\" rel=\"nofollow noopener\" target=\"_blank\">Infecci\u00f3n<\/a> Respiratoria Aguda (Sivira), que muestra una reducci\u00f3n levemente superior al 20% en la tasa de infecci\u00f3n por 100.000 habitantes entre la \u00faltima semana de 2025 y la primera de 2026. No obstante, los datos facilitados por el sistema dependiente del <a href=\"http:\/\/www.isciii.es\/?utm_source=diariofarma&amp;utm_medium=web&amp;utm_campaign=smartlink\" rel=\"nofollow noopener\" target=\"_blank\">Instituto de Salud Carlos III<\/a> sit\u00faa al conjunto del pa\u00eds en niveles epid\u00e9micos, a la espera de futuras evoluciones.<\/p>\n<p>Tras el pico de hace tres semanas, cuando se notificaron 197,7 casos por cada 100.000 habitantes, la tasa de infecciones logra en el inicio de 2026 su tercera semana consecutiva de descenso con 84,1 casos por cada 100.000 habitantes. La \u00faltima semana del pasado a\u00f1o se cerr\u00f3 con una tasa de 106 casos.<\/p>\n<p>El grupo m\u00e1s afectado sigue siendo el de los ni\u00f1os de uno a cuatro a\u00f1os con 125 casos por 100.000 habitantes, aunque un 61,7% menos que la pasada semana. En los menores de un a\u00f1o la tada es de 240,7 (-17,4%); y entre los 5 y 19 a\u00f1os la tasa baja de forma dr\u00e1stica (un 60%) hasta situarse en los 58 casos.<\/p>\n<p>En las personas mayores de 60 a\u00f1os se observa un incremento de casos, especialmente en los mayores de 80 (con una tasa de 88,9 casos).<\/p>\n<p>La tasa de infecciones respiratorias agudas (IRAs), que engloba gripe, <a href=\"https:\/\/diariofarma.com\/tag\/covid-19?utm_source=diariofarma&amp;utm_medium=web&amp;utm_campaign=smartlink\" rel=\"nofollow noopener\" target=\"_blank\">Covid-19<\/a> y <a href=\"https:\/\/diariofarma.com\/tag\/bronquitis?utm_source=diariofarma&amp;utm_medium=web&amp;utm_campaign=smartlink\" rel=\"nofollow noopener\" target=\"_blank\">bronquitis<\/a> y bronquiolitis en menores de cinco a\u00f1os, se ha fijado en 556,6 casos por cada 100.000 habitantes, lo que implica una disminuci\u00f3n del 3,3%, lo que mantiene la situaci\u00f3n de incidencia baja&lt;<\/p>\n<p>En el caso de covid-19 se mantiene la tasa en 2,2 casos por cada 100.000 habitantes. El porcentaje de positividad en atenci\u00f3n primaria es de 34,3% para gripe (43,2% la semana anterior), 0,3% para covid (1,4% en la semana previa) y 11,8% para VRS (8,4%).<\/p>\n<p>En los ingresos hospitalarios, la hospitalizaci\u00f3n por infecci\u00f3n respiratoria aguda grave ha aumentado un 8,4% en la \u00faltima semana (25,7 casos por cada 100.000 habitantes); el porcentaje de positividad es de 45,6% para gripe (41,6% en la semana previa), 1,1% covid (1,5% en la semana previa) y 18,8% para VRS (13,6% en la semana previa).<\/p>\n<p>La hospitalizaci\u00f3n por gripe ha aumentado un 18,2%;, los casos hospitalizados por esta infecci\u00f3n presentan un 20% de neumon\u00eda, un 4,8% de admisi\u00f3n en Unidad de Cuidados Intensivos (UCI) y un 4,6% de letalidad.<\/p>\n<p>Respecto a la covid-19, la tasa de hospitalizaci\u00f3n ha sido de 0,3 casos por cada 100.000 habitantes y para VRS, la tasa de hospitalizaci\u00f3n ha aumentado hasta los 4,8 casos por cada 100.000 habitantes, en comparaci\u00f3n con los 3,2 de la semana previa.\u00a0<\/p>\n<p>El modelo de monitorizaci\u00f3n de la <a href=\"https:\/\/diariofarma.com\/tag\/mortalidad?utm_source=diariofarma&amp;utm_medium=web&amp;utm_campaign=smartlink\" rel=\"nofollow noopener\" target=\"_blank\">mortalidad<\/a> diaria (MoMo) indica que, en la semana 1 del 2026, se produjeron 7.900 fallecimientos en Espa\u00f1a, mientras que se esperaban 9.644.<\/p>\n","protected":false},"excerpt":{"rendered":"La llegada del nuevo a\u00f1o muestra un sensible descenso en la tasa de casos de infecciones por gripe.&hellip;\n","protected":false},"author":2,"featured_media":330712,"comment_status":"","ping_status":"","sticky":false,"template":"","format":"standard","meta":{"footnotes":""},"categories":[92],"tags":[31365,72895,2272,25,24,7749,165,1373,8442,11238,33127,166,23],"class_list":{"0":"post-330711","1":"post","2":"type-post","3":"status-publish","4":"format-standard","5":"has-post-thumbnail","7":"category-salud","8":"tag-atencion-primaria","9":"tag-bronquitis","10":"tag-covid-19","11":"tag-es","12":"tag-espana","13":"tag-gripe","14":"tag-health","15":"tag-infeccion","16":"tag-instituto-de-salud-carlos-iii","17":"tag-mortalidad","18":"tag-neumologia","19":"tag-salud","20":"tag-spain"},"share_on_mastodon":{"url":"https:\/\/pubeurope.com\/@es\/115863194391761533","error":""},"_links":{"self":[{"href":"https:\/\/www.europesays.com\/es\/wp-json\/wp\/v2\/posts\/330711","targetHints":{"allow":["GET"]}}],"collection":[{"href":"https:\/\/www.europesays.com\/es\/wp-json\/wp\/v2\/posts"}],"about":[{"href":"https:\/\/www.europesays.com\/es\/wp-json\/wp\/v2\/types\/post"}],"author":[{"embeddable":true,"href":"https:\/\/www.europesays.com\/es\/wp-json\/wp\/v2\/users\/2"}],"replies":[{"embeddable":true,"href":"https:\/\/www.europesays.com\/es\/wp-json\/wp\/v2\/comments?post=330711"}],"version-history":[{"count":0,"href":"https:\/\/www.europesays.com\/es\/wp-json\/wp\/v2\/posts\/330711\/revisions"}],"wp:featuredmedia":[{"embeddable":true,"href":"https:\/\/www.europesays.com\/es\/wp-json\/wp\/v2\/media\/330712"}],"wp:attachment":[{"href":"https:\/\/www.europesays.com\/es\/wp-json\/wp\/v2\/media?parent=330711"}],"wp:term":[{"taxonomy":"category","embeddable":true,"href":"https:\/\/www.europesays.com\/es\/wp-json\/wp\/v2\/categories?post=330711"},{"taxonomy":"post_tag","embeddable":true,"href":"https:\/\/www.europesays.com\/es\/wp-json\/wp\/v2\/tags?post=330711"}],"curies":[{"name":"wp","href":"https:\/\/api.w.org\/{rel}","templated":true}]}}