{"id":330715,"date":"2026-01-09T04:14:09","date_gmt":"2026-01-09T04:14:09","guid":{"rendered":"https:\/\/www.europesays.com\/es\/330715\/"},"modified":"2026-01-09T04:14:09","modified_gmt":"2026-01-09T04:14:09","slug":"samsung-reimagina-el-futuro-del-diseno-en-ces-2026-guiando-la-tecnologia-para-la-humanidad-samsung-newsroom-peru","status":"publish","type":"post","link":"https:\/\/www.europesays.com\/es\/330715\/","title":{"rendered":"Samsung reimagina el futuro del dise\u00f1o en CES 2026, guiando la tecnolog\u00eda para la humanidad \u2013 Samsung Newsroom Per\u00fa"},"content":{"rendered":"<p>                La sesi\u00f3n de cierre de la serie de Tech Forum de Samsung en CES 2026 destac\u00f3 el lado humano de la tecnolog\u00eda con dise\u00f1adores l\u00edderes de la industria.<\/p>\n<p>Samsung Electronics celebr\u00f3 la sesi\u00f3n final de su serie de Tech Forum de CES 2026, titulada <strong>\u201cThe Human Side of Tech: Designing a Future Worth Living\u201d,<\/strong> en el espacio The First Look de Samsung en The Wynn Las Vegas. El panel, moderado por Debbie Millman, presentadora de \u201cDesign Matters\u201d, cont\u00f3 con la participaci\u00f3n del Chief Design Officer de Samsung, Mauro Porcini, y de los dise\u00f1adores l\u00edderes de la industria Karim Rashid y Fabio Novembre.<\/p>\n<p>\u00a0<\/p>\n<p>Con el minimalismo definiendo el lenguaje visual de la industria tecnol\u00f3gica durante las \u00faltimas dos d\u00e9cadas, este panel de dise\u00f1adores convocado por Samsung plante\u00f3 la pregunta: \u00bfqu\u00e9 sigue? En conjunto, los panelistas exploraron c\u00f3mo una tecnolog\u00eda m\u00e1s c\u00e1lida, expresiva y emocionalmente resonante puede dar forma a experiencias significativas en la actual era de la IA, al tiempo que traza un camino a seguir para la industria.<\/p>\n<p>\u00a0<\/p>\n<p><strong>El dise\u00f1o como un acto de amor<\/strong><\/p>\n<p>La sesi\u00f3n abord\u00f3 una visi\u00f3n compartida sobre el prop\u00f3sito del dise\u00f1o, como algo fundamentalmente centrado en las personas. \u201cEn los \u00faltimos a\u00f1os, el dise\u00f1o en tecnolog\u00eda ha sido algo uniforme\u201d, se\u00f1al\u00f3 la moderadora Debbie Millman. \u201cEn comparaci\u00f3n con otras industrias, la uniformidad en el mundo de la tecnolog\u00eda es una anomal\u00eda. Entonces, \u00bfqu\u00e9 pasar\u00eda si extendi\u00e9ramos la tecnolog\u00eda m\u00e1s all\u00e1 de las especificaciones y la funcionalidad?\u201d<\/p>\n<p>\u00a0<\/p>\n<p>Actualmente, Samsung est\u00e1 abordando esta cuesti\u00f3n al introducir significado m\u00e1s all\u00e1 de los productos, enfoc\u00e1ndose en c\u00f3mo la tecnolog\u00eda se integra en la vida, las experiencias y las necesidades de las personas. Los panelistas debatieron la creciente importancia de esta mentalidad en el panorama actual, en el que las barreras tradicionales de entrada \u2014como el acceso a herramientas, la escala y la capacidad t\u00e9cnica\u2014 contin\u00faan disminuyendo.<\/p>\n<p>\u00a0<\/p>\n<p><strong>El lado humano de la tecnolog\u00eda<\/strong><\/p>\n<p>La discusi\u00f3n destac\u00f3 el papel de la tecnolog\u00eda para hacer visibles la intenci\u00f3n, el cuidado y la humanidad en la vida cotidiana. Los panelistas se\u00f1alaron que la tecnolog\u00eda debe ayudar a las personas a reconocer la reflexi\u00f3n y el cuidado incorporados en los productos que invitan a sus hogares y rutinas.<\/p>\n<p>\u00a0<\/p>\n<p>En este contexto, el Chief Design Officer de Samsung, Mauro Porcini, comparti\u00f3 el prop\u00f3sito del dise\u00f1o de Samsung: enriquecer la calidad de vida de las personas a trav\u00e9s de tecnolog\u00eda significativa dise\u00f1ada para la humanidad. Expuso el compromiso de la compa\u00f1\u00eda de ayudar a las personas a vivir m\u00e1s, vivir mejor, vivir con m\u00e1s intensidad y trascender, mediante tecnolog\u00edas avanzadas que respaldan el bienestar, la creatividad y la autoexpresi\u00f3n.<\/p>\n<p>\u00a0<\/p>\n<p>El panelista Karim Rashid sum\u00f3 a este sentimiento al afirmar: \u201cCuando pensamos en los objetos f\u00edsicos de nuestro mundo, no solo pensamos en la diversidad de opciones, sino tambi\u00e9n en el hecho de que podemos desarrollar conexiones fuertes con los objetos\u201d, dijo. \u201cA trav\u00e9s del design, se puede llegar a tener una conexi\u00f3n emocional muy poderosa con objetos inanimados o incluso con productos\u201d.<\/p>\n<p>\u00a0<\/p>\n<p><strong>Dise\u00f1ar a partir de valores humanos<\/strong><\/p>\n<p>El panel continu\u00f3 explorando c\u00f3mo la IA puede desbloquear nuevas posibilidades de expresi\u00f3n cuando se moldea a partir de valores humanos. Los panelistas debatieron una visi\u00f3n compartida de que la IA alcanza su verdadero potencial cuando es guiada por la Inteligencia Emocional y la Imaginaci\u00f3n Humana, no como un reemplazo de la creatividad humana, sino como una fuerza que la expande.<\/p>\n<p>\u00a0<\/p>\n<p>El CDO Porcini articul\u00f3 esta idea con \u201cIA \u00d7 (IE + IH)\u201d, su enfoque para equilibrar la Inteligencia Emocional y la Imaginaci\u00f3n Humana y aportar significado a la innovaci\u00f3n. Al describir esta filosof\u00eda, el CDO Porcini afirm\u00f3: \u201cCuando dise\u00f1amos y desarrollamos, la IA se ve amplificada por la Inteligencia Emocional y la Imaginaci\u00f3n Humana. Luego, cuando las personas utilizan los productos, la IA amplifica la Inteligencia Emocional y la Imaginaci\u00f3n Humana\u201d. A\u00f1adi\u00f3: \u201cNo teman a la tecnolog\u00eda. Estamos aqu\u00ed para humanizarla, guiarla y darle forma\u201d.<\/p>\n<p>\u00a0<\/p>\n<p>A trav\u00e9s de estas reflexiones, la sesi\u00f3n reforz\u00f3 la creencia de que la tecnolog\u00eda debe ser humanizada, guiada y moldeada para servir a la vida de las personas de maneras cada vez m\u00e1s nuevas y significativas.<\/p>\n<p>\u00a0<\/p>\n<p><strong>El design expresivo impulsa experiencias m\u00e1s significativas<\/strong><\/p>\n<p>La discusi\u00f3n reforz\u00f3 la importancia del dise\u00f1o expresivo para dar vida a un prop\u00f3sito centrado en las personas, creando experiencias que reflejan emoci\u00f3n, apoyan la autoexpresi\u00f3n, invitan a la conexi\u00f3n y estimulan la imaginaci\u00f3n.<\/p>\n<p>\u00a0<\/p>\n<p>\u201cLa felicidad es el objetivo del dise\u00f1o\u201d, afirm\u00f3 Fabio Novembre. \u201cNuestra b\u00fasqueda de la felicidad es a trav\u00e9s del design, haciendo posible lo imposible. Creo firmemente en el dise\u00f1o y en que debe volver al centro del escenario\u201d.<\/p>\n<p>\u00a0<\/p>\n<p>Los panelistas se\u00f1alaron que esto refleja un cambio de simplemente dise\u00f1ar objetos a dise\u00f1ar experiencias, en las que la emoci\u00f3n, el significado y la identidad son cada vez m\u00e1s integrales en la forma en que las personas se relacionan con la tecnolog\u00eda. Este enfoque inspira un nuevo tipo de expresi\u00f3n, dando como resultado dise\u00f1o que van de lo sutil y minimalista a lo audaz e imaginativo, todos destinados a dar forma a un futuro que no solo valga la pena vivir, sino tambi\u00e9n amar.<\/p>\n<p>\u00a0<\/p>\n<p><img decoding=\"async\" src=\"https:\/\/www.europesays.com\/es\/wp-content\/uploads\/2026\/01\/Samsung-Corporate-CES-2026-Tech-Forum-Final-Session_Main1.jpg\"\/><\/p>\n<p>\u00a0<\/p>\n<p><img decoding=\"async\" src=\"https:\/\/www.europesays.com\/es\/wp-content\/uploads\/2026\/01\/Samsung-Corporate-CES-2026-Tech-Forum-Final-Session_Main2.jpg\"\/><\/p>\n<p>\u00a0<\/p>\n<p><img decoding=\"async\" src=\"https:\/\/www.europesays.com\/es\/wp-content\/uploads\/2026\/01\/Samsung-Corporate-CES-2026-Tech-Forum-Final-Session_Main3.jpg\"\/><\/p>\n","protected":false},"excerpt":{"rendered":"La sesi\u00f3n de cierre de la serie de Tech Forum de Samsung en CES 2026 destac\u00f3 el lado&hellip;\n","protected":false},"author":2,"featured_media":330716,"comment_status":"","ping_status":"","sticky":false,"template":"","format":"standard","meta":{"footnotes":""},"categories":[81],"tags":[67529,119,123,124,25,24,117,121,122,23,118,120,70951],"class_list":{"0":"post-330715","1":"post","2":"type-post","3":"status-publish","4":"format-standard","5":"has-post-thumbnail","7":"category-ciencia-y-tecnologia","8":"tag-ces-2026","9":"tag-ciencia","10":"tag-ciencia-y-tecnologia","11":"tag-cienciaytecnologia","12":"tag-es","13":"tag-espana","14":"tag-science","15":"tag-science-and-technology","16":"tag-scienceandtechnology","17":"tag-spain","18":"tag-technology","19":"tag-tecnologia","20":"tag-the-first-look-2026"},"share_on_mastodon":{"url":"https:\/\/pubeurope.com\/@es\/115863202475617978","error":""},"_links":{"self":[{"href":"https:\/\/www.europesays.com\/es\/wp-json\/wp\/v2\/posts\/330715","targetHints":{"allow":["GET"]}}],"collection":[{"href":"https:\/\/www.europesays.com\/es\/wp-json\/wp\/v2\/posts"}],"about":[{"href":"https:\/\/www.europesays.com\/es\/wp-json\/wp\/v2\/types\/post"}],"author":[{"embeddable":true,"href":"https:\/\/www.europesays.com\/es\/wp-json\/wp\/v2\/users\/2"}],"replies":[{"embeddable":true,"href":"https:\/\/www.europesays.com\/es\/wp-json\/wp\/v2\/comments?post=330715"}],"version-history":[{"count":0,"href":"https:\/\/www.europesays.com\/es\/wp-json\/wp\/v2\/posts\/330715\/revisions"}],"wp:featuredmedia":[{"embeddable":true,"href":"https:\/\/www.europesays.com\/es\/wp-json\/wp\/v2\/media\/330716"}],"wp:attachment":[{"href":"https:\/\/www.europesays.com\/es\/wp-json\/wp\/v2\/media?parent=330715"}],"wp:term":[{"taxonomy":"category","embeddable":true,"href":"https:\/\/www.europesays.com\/es\/wp-json\/wp\/v2\/categories?post=330715"},{"taxonomy":"post_tag","embeddable":true,"href":"https:\/\/www.europesays.com\/es\/wp-json\/wp\/v2\/tags?post=330715"}],"curies":[{"name":"wp","href":"https:\/\/api.w.org\/{rel}","templated":true}]}}