{"id":330759,"date":"2026-01-09T05:00:12","date_gmt":"2026-01-09T05:00:12","guid":{"rendered":"https:\/\/www.europesays.com\/es\/330759\/"},"modified":"2026-01-09T05:00:12","modified_gmt":"2026-01-09T05:00:12","slug":"el-hubble-apunta-al-espacio-profundo-y-encuentra-un-objeto-imposible-y-estaria-lleno-de-materia-oscura","status":"publish","type":"post","link":"https:\/\/www.europesays.com\/es\/330759\/","title":{"rendered":"El Hubble apunta al espacio profundo y encuentra un objeto &#8216;imposible&#8217;. Y estar\u00eda lleno de materia oscura"},"content":{"rendered":"\n<ul class=\"bodyList bodyList--unordered\">\n<li class=\"bodyList__item\"><a href=\"https:\/\/www.elconfidencial.com\/tecnologia\/ciencia\/2025-12-22\/reino-unido-espacio-posible-final-tierra-1qrt_4272156\/\" target=\"_self\" rel=\"nofollow noopener\">Reino Unido mira al espacio profundo y observa uno de los posibles finales de la Tierra<\/a><\/li>\n<li class=\"bodyList__item\"><a href=\"https:\/\/www.elconfidencial.com\/tecnologia\/ciencia\/2025-12-07\/james-webb-gemela-via-lactea-no-estar-ahi-1qrt_4260950\/\" target=\"_self\" rel=\"nofollow noopener\">El James Webb apunta al espacio profundo y encuentra una galaxia &#8216;gemela&#8217; de la V\u00eda L\u00e1ctea que no deber\u00eda estar ah\u00ed<\/a><\/li>\n<\/ul>\n<p> <a href=\"https:\/\/www.esa.int\/Science_Exploration\/Space_Science\/Cloud-9_a_new_celestial_object_found_by_Hubble\" target=\"_blank\" rel=\"nofollow noopener\">Seg\u00fan ha revelado la Agencia Espacial Europea<\/a> (ESA), el telescopio espacial Hubble <strong>ha identificado una estructura c\u00f3smica in\u00e9dita en el espacio profundo<\/strong>, caracterizada por la ausencia total de estrellas y una composici\u00f3n dominada por materia oscura. El hallazgo se recoge en un <a href=\"https:\/\/iopscience.iop.org\/article\/10.3847\/2041-8213\/ae1584\" target=\"_blank\" rel=\"nofollow noopener\">estudio publicado en The Astrophysical Journal Letters<\/a> y confirma la existencia de Cloud-9, un objeto que no encaja en los esquemas cl\u00e1sicos de formaci\u00f3n gal\u00e1ctica. <\/p>\n<p> La observaci\u00f3n supone la primera detecci\u00f3n confirmada de una Reionization-Limited H I Cloud, conocida por sus siglas RELHIC. Estas nubes, <strong>formadas por hidr\u00f3geno neutro<\/strong>, se originaron en las <a href=\"https:\/\/www.elconfidencial.com\/tecnologia\/ciencia\/2025-06-24\/james-webb-espacio-profundo-medusa-1qrt_4158188\/\" target=\"_self\" rel=\"nofollow noopener\">primeras etapas del universo<\/a> y nunca alcanzaron la densidad necesaria para iniciar procesos de formaci\u00f3n estelar, permaneciendo como reliquias c\u00f3smicas. <\/p>\n<p> Cloud-9 se localiza<strong> a unos 2.000 a\u00f1os luz de la Tierra<\/strong>, en las inmediaciones de la galaxia espiral Messier 94. A diferencia de otras nubes de gas pr\u00f3ximas a la <a href=\"https:\/\/www.elconfidencial.com\/tecnologia\/ciencia\/2025-07-31\/estructura-desconocida-200-luz-via-lactea-1qrt_4183881\/\" target=\"_self\" rel=\"nofollow noopener\">V\u00eda L\u00e1ctea<\/a>, presenta una estructura compacta y altamente esf\u00e9rica, un rasgo poco habitual que permiti\u00f3 diferenciarla de formaciones m\u00e1s irregulares. <\/p>\n<p>            Una ventana al Universo oscuro           <\/p>\n<p> \u201cEsta nube es una ventana al universo oscuro\u201d, explic\u00f3 <a href=\"https:\/\/www.stsci.edu\/~afox\/\" target=\"_blank\" rel=\"nofollow noopener\">Andrew Fox<\/a>, astr\u00f3nomo del Space Telescope Science Institute, al referirse a la <a href=\"https:\/\/www.elconfidencial.com\/tecnologia\/ciencia\/2025-11-26\/nasa-japon-materia-oscura-primera-vez-1qrt_4254923\/\" target=\"_self\" rel=\"nofollow noopener\">dificultad de estudiar la materia oscura<\/a>, que no emite radiaci\u00f3n detectable. En este caso, <strong>el equilibrio entre la presi\u00f3n del gas y la gravedad<\/strong> revela la presencia de un enorme halo invisible. <\/p>\n<blockquote class=\"twitter-tweet\">\n<p lang=\"en\" dir=\"ltr\">\ud83c\udd95 New astronomical object just dropped!<\/p>\n<p>This starless, dark-matter-dominated cloud, nicknamed \u2018Cloud-9\u2019, is the first such object seen in the Universe. 1\/3 <a href=\"https:\/\/t.co\/BV0gr1H0Ae\" rel=\"nofollow\">pic.twitter.com\/BV0gr1H0Ae<\/a><\/p>\n<p>\u2014 HUBBLE (@HUBBLE_space) <a href=\"https:\/\/twitter.com\/HUBBLE_space\/status\/2008226015168831526?ref_src=twsrc%5Etfw\" rel=\"nofollow noopener\" target=\"_blank\">January 5, 2026<\/a><\/p><\/blockquote>\n<p> Las estimaciones indican que Cloud-9 contiene alrededor de<strong> 5.000 millones de masas solares en materia oscura<\/strong>, frente a un n\u00facleo de hidr\u00f3geno neutro de unos 4.900 a\u00f1os luz de di\u00e1metro y una masa gaseosa equivalente a un mill\u00f3n de veces la masa del Sol, una desproporci\u00f3n que refuerza su car\u00e1cter excepcional. <\/p>\n<p>            La historia de una galaxia fallida           <\/p>\n<p> <a href=\"https:\/\/alejandrobll.github.io\/\" target=\"_blank\" rel=\"nofollow noopener\">Alejandro Ben\u00edtez-Llambay<\/a>, investigador principal y astr\u00f3nomo de la Universidad Milano-Bicocca, describi\u00f3 el objeto como \u201c<strong>una historia de una galaxia que nunca lleg\u00f3 a formarse<\/strong>\u201d. La ausencia de estrellas no responde a una limitaci\u00f3n t\u00e9cnica, sino que confirma que la nube qued\u00f3 detenida en una fase temprana del desarrollo c\u00f3smico. <\/p>\n<p>              <img decoding=\"async\" class=\"inTextNews__img\" alt=\"Foto: australia-mina-oro-1-km-materia-oscura-1qrt\" src=\"https:\/\/www.europesays.com\/es\/wp-content\/uploads\/2026\/01\/f.elconfidencial.com\/original\/408\/a0b\/cc7\/408a0bcc7cbcf446e0eadc4c9ad38913.jpg\"  \/>     <\/p>\n<p>TE PUEDE INTERESAR<\/p>\n<p>      <a class=\"inTextNews__title\" href=\"https:\/\/www.elconfidencial.com\/tecnologia\/ciencia\/2025-10-14\/australia-mina-oro-1-km-materia-oscura-1qrt_4227716\/\" onclick=\"window.ECCO.emit(&#039;amplitude&#039;, { dataEventName: &#039;click_related_article_module&#039;, data: { related_article_url: &#039;https:\/\/www.elconfidencial.com\/tecnologia\/ciencia\/2025-10-14\/australia-mina-oro-1-km-materia-oscura-1qrt_4227716\/&#039;, related_article_author: &#039;R. Badillo&#039;, related_article_section: &#039;ciencia&#039; } })\" rel=\"nofollow noopener\" target=\"_blank\"> Australia perfora una mina hasta un kil\u00f3metro de profundidad: no busca oro, sino la sustancia m\u00e1s esquiva del universo <\/a>   <\/p>\n<p>    R. Badillo   <\/p>\n<p> Las observaciones realizadas con la <a href=\"https:\/\/science.nasa.gov\/mission\/hubble\/observatory\/design\/advanced-camera-for-surveys\/\" target=\"_blank\" rel=\"nofollow noopener\">Advanced Camera for Surveys del Hubble<\/a> descartaron que se trate de una galaxia enana extremadamente d\u00e9bil. \u201cCon esta sensibilidad podemos afirmar que <strong>no hay estrellas ocultas<\/strong>\u201d, se\u00f1al\u00f3 <a href=\"https:\/\/www.stsci.edu\/stsci-research\/research-directory\/gagandeep-anand\" target=\"_blank\" rel=\"nofollow noopener\">Gagandeep Anand<\/a>, autor principal del estudio, subrayando la importancia del hallazgo para comprender la evoluci\u00f3n temprana del Universo. <\/p>\n<p>         <script async src=\"https:\/\/platform.twitter.com\/widgets.js\" charset=\"utf-8\"><\/script><\/p>\n","protected":false},"excerpt":{"rendered":"Reino Unido mira al espacio profundo y observa uno de los posibles finales de la Tierra El James&hellip;\n","protected":false},"author":2,"featured_media":330760,"comment_status":"","ping_status":"","sticky":false,"template":"","format":"standard","meta":{"footnotes":""},"categories":[81],"tags":[119,123,124,25,24,117,121,122,23,118,120],"class_list":{"0":"post-330759","1":"post","2":"type-post","3":"status-publish","4":"format-standard","5":"has-post-thumbnail","7":"category-ciencia-y-tecnologia","8":"tag-ciencia","9":"tag-ciencia-y-tecnologia","10":"tag-cienciaytecnologia","11":"tag-es","12":"tag-espana","13":"tag-science","14":"tag-science-and-technology","15":"tag-scienceandtechnology","16":"tag-spain","17":"tag-technology","18":"tag-tecnologia"},"share_on_mastodon":{"url":"https:\/\/pubeurope.com\/@es\/115863383156277053","error":""},"_links":{"self":[{"href":"https:\/\/www.europesays.com\/es\/wp-json\/wp\/v2\/posts\/330759","targetHints":{"allow":["GET"]}}],"collection":[{"href":"https:\/\/www.europesays.com\/es\/wp-json\/wp\/v2\/posts"}],"about":[{"href":"https:\/\/www.europesays.com\/es\/wp-json\/wp\/v2\/types\/post"}],"author":[{"embeddable":true,"href":"https:\/\/www.europesays.com\/es\/wp-json\/wp\/v2\/users\/2"}],"replies":[{"embeddable":true,"href":"https:\/\/www.europesays.com\/es\/wp-json\/wp\/v2\/comments?post=330759"}],"version-history":[{"count":0,"href":"https:\/\/www.europesays.com\/es\/wp-json\/wp\/v2\/posts\/330759\/revisions"}],"wp:featuredmedia":[{"embeddable":true,"href":"https:\/\/www.europesays.com\/es\/wp-json\/wp\/v2\/media\/330760"}],"wp:attachment":[{"href":"https:\/\/www.europesays.com\/es\/wp-json\/wp\/v2\/media?parent=330759"}],"wp:term":[{"taxonomy":"category","embeddable":true,"href":"https:\/\/www.europesays.com\/es\/wp-json\/wp\/v2\/categories?post=330759"},{"taxonomy":"post_tag","embeddable":true,"href":"https:\/\/www.europesays.com\/es\/wp-json\/wp\/v2\/tags?post=330759"}],"curies":[{"name":"wp","href":"https:\/\/api.w.org\/{rel}","templated":true}]}}