{"id":330763,"date":"2026-01-09T05:02:09","date_gmt":"2026-01-09T05:02:09","guid":{"rendered":"https:\/\/www.europesays.com\/es\/330763\/"},"modified":"2026-01-09T05:02:09","modified_gmt":"2026-01-09T05:02:09","slug":"conflicto-estados-unidos-venezuela-ultima-hora-en-directo-hoy-corina-machado-celebra-la-liberacion-de-los-presos-como-una-restitucion-moral-rtve-es","status":"publish","type":"post","link":"https:\/\/www.europesays.com\/es\/330763\/","title":{"rendered":"Conflicto Estados Unidos &#8211; Venezuela, \u00faltima hora en directo hoy | Corina Machado celebra la liberaci\u00f3n de los presos como &quot;una restituci\u00f3n moral&quot; &#8211; RTVE.es"},"content":{"rendered":"<ol>\n<li><a href=\"https:\/\/news.google.com\/rss\/articles\/CBMisAFBVV95cUxNSWVET1R2QW5GcnpFODJfSTBkRlFkQmxtRDB1UWFFQUpwQXpqQllyLXB1NlFVbUJFS2M1ZW1JVmZPX3lyaGN5MFJ6ajlhMUhfSGFCcXZKTDk2M205bUNCcDRJUFZseTVfbnRCWnVUem9MRjlockt6OGpVRFJ0ZC1FbUQySXlLUmJjNnZvdGlOSDBhcldaY3ExY0phMmp3eVNzUlJNT3hkaWJEdEVMeTVnS9IBsAFBVV95cUxNaXFYeTNidUJNMFgwNW0xdTRpeWxTbl9vYndpekFaeGNMYWJzMlQ1VEotdGRkb28xc0o5elRwNmt1bldNZjdiVXJ3SXhUNTlUS0RTYW5HTnR5S2ZwcjFyOXpIdEVxVjhEV2pzNkYwMUhJS0o2ZlliblRWMmMyMXVodWQ1SEt6bjZkX0d3bkphRFltNk5qZk1fOVpXZ2FkQy1VSS1kMmx3X080NU10UXlvTg?oc=5\" target=\"_blank\" rel=\"nofollow noopener\">Conflicto Estados Unidos &#8211; Venezuela, \u00faltima hora en directo hoy | Corina Machado celebra la liberaci\u00f3n de los presos como \u00abuna restituci\u00f3n moral\u00bb<\/a>&nbsp;&nbsp;RTVE.es<\/li>\n<li><a href=\"https:\/\/news.google.com\/rss\/articles\/CBMigwFBVV95cUxNbW9aM2pJZWI2UDcyWHpNLVAtTmpWNFl2NVY5THNQcENBRnY5UF84WFd5bVpXakhqWFMxZDFjWGo1LXhOdS1UN2RORmc1OU5hbnBhTWxROVp3VG8zSEJJWWt5ejZWbXFKbEg0Z2p0ZmlHa1pua1V6OVR3T1VVSEl0Vm9tNNIBgwFBVV95cUxPdktfTkxfUHRCMm43c1ZxdE5sMWx0VUxCWGo3NHJueUJia1pPdzBkcFVibUJhbFRCN0pya0E3QWVSWGFCaVFvdmtlOWxyLVFZZ3d5QnBzUVVEZ1lZRDl5UDFVWmVfd29YelRDcjZfeWFnaTh6WG1NZHB3cUhtbEJXR2lSdw?oc=5\" target=\"_blank\" rel=\"nofollow noopener\">Delcy cede ante Trump al liberar presos emblem\u00e1ticos, pero no afloja la represi\u00f3n<\/a>&nbsp;&nbsp;El Mundo<\/li>\n<li><a href=\"https:\/\/news.google.com\/rss\/articles\/CBMizAFBVV95cUxQUTVJWmc4bDhNWldFdHlfOHFUYjJwX043bE1DUFc1Y3hFTE8zMEtmNkNmY1U1NmI4cVg2RjdCOUxaWVF6al9GakY4RDc2amR2bWRKc2FmMzRhSXoyOS04MXJFZHdsY1dtRE9EVHgteXBPWG5xVzhuenlRRmtXWGwtQjhFLU5FTlJGaHk2bHFvS0tGakJQdHpWNW16TVhRVXRSMTVQcGJTUWdkTmFtZDNPTG9rN1FLRms2MWpiUEYtN3hLOGNMS3d5bWk4alTSAecBQVVfeXFMT0c4alFwWjF5YVc4RFQ2R3FiRm1ubm1Xd0ViSDg3QmRlbmVqejM3UWVkLXp3WjBfWHlFR3lIUFFSbE01MU0wRVVMZERLRmVkb2tkVThRZkpmTGlWWUF1SjQ1RFAwWll4cHU1a1NRYUZDcG1rT0pVVXFhZnZRX0ZRTGZ5aDduOUwzZDB6QmtrRUNpU3laQkw5NktRSE0yekNRcXQxcnhwejVqSUpqVE1iNVZPczRzbnVYNTh1YmVzNE4zT01FbzlQbUVpMWdackRBUmtnSmQ1QnhsTDZkZllnMzdtaGlEVkxB?oc=5\" target=\"_blank\" rel=\"nofollow noopener\">Qui\u00e9n es Enrique M\u00e1rquez, el ex candidato presidencial liberado por el r\u00e9gimen chavista<\/a>&nbsp;&nbsp;Infobae<\/li>\n<li><a href=\"https:\/\/news.google.com\/rss\/articles\/CBMigAJBVV95cUxPR211enRUWEFvRGNTX2NXaHpKTUtxWnoxTUhBRjg4cjNPRUFTOUhjNGFhOXRLWTM1UTZTdG9UVmwtN1UtNktIekJIOFVLNzBJWTQ1UUVZbGxKckdQQmlESUhLZWI1SThTQ080UnNvUDVlSC1FRS1Sa2lLR0JBUm1HU3lCbGY1MkJvOEY0VW5ycXltaVVtdk43S1JSeXROeTZsV19NbWpzdUhOaE9hQ0FXRW8zQTVxNjdXQjA2WDhETHNaOHB0eWFVOHh1TDRMTGFnWXotUkVOTXhJOWYzTXp4TTYxMlUyTjBfZnI2X0VQN0h1aXN2eFp5VTRNbDV4ME9z0gGAAkFVX3lxTFBLVUZiRXVXNklSZnM4Qk1XTkxDTkZJcjEtQ0YwZFdFUWNIRmR1TDB6YTlTU2VjcmlXVTROTUozT3I5SHcwaU5zY1U5dnJPUVp0WHZkRlpQYTZubHg3NlV4RDBCQm54a2J3bXF0MlFwZDFGZUhsNXJHck95czM3a0N3U0FHYXNuOEE1RzFISFRTMVc1RDgwMkhpX2FheHNrWjZxOVp4ZmVweWxMQXlTLTdOMk83NklfV21YSzIxR3FWVnNqQWNfdW9pTGRnS0dmVy1jNE5KUER1dlRRYnphOF9pZmVNMjRydlBONGpjT3RVc2VhNUZfYXBORFNrRjI0Q0E?oc=5\" target=\"_blank\" rel=\"nofollow noopener\">Los seis espa\u00f1oles liberados en Venezuela: \u00bfQui\u00e9nes son y por qu\u00e9 fueron encarcelados por el r\u00e9gimen de<\/a>&nbsp;&nbsp;LaSexta<\/li>\n<li><a href=\"https:\/\/news.google.com\/rss\/articles\/CBMiogFBVV95cUxPRlp5SWNoYkIwVHBsUW14OEdPemxjZ1dzRXAwR3kwRnpsbENkVWdYU1YyT3ItZjJRYW5JS1ZQUnRHbEZkYVNXcU8zRTRUM18yYk4yT3FGUzFlNW1HRkZ1cEtON3dkWmdTVVRCbkRvZFp1Wnlib1V0cFNHb0pIc2l0SDZuZHo1ZmZPdGkyd0d0cjdLYXVEUVBsY09LYVZqeWJWZGc?oc=5\" target=\"_blank\" rel=\"nofollow noopener\">Dos vascos, un canario, un valenciano y una activista de doble nacionalidad: los cinco presos espa\u00f1oles liberados en Venezuela<\/a>&nbsp;&nbsp;ABC<\/li>\n<\/ol>\n","protected":false},"excerpt":{"rendered":"Conflicto Estados Unidos &#8211; Venezuela, \u00faltima hora en directo hoy | Corina Machado celebra la liberaci\u00f3n de los&hellip;\n","protected":false},"author":2,"featured_media":330764,"comment_status":"","ping_status":"","sticky":false,"template":"","format":"standard","meta":{"footnotes":""},"categories":[42],"tags":[17,18,13,14,11,61,62,63,64,19,20,9,10,15,16,12,21,22,65,66,67],"class_list":{"0":"post-330763","1":"post","2":"type-post","3":"status-publish","4":"format-standard","5":"has-post-thumbnail","7":"category-internacional","8":"tag-breaking-news","9":"tag-breakingnews","10":"tag-featured-news","11":"tag-featurednews","12":"tag-headlines","13":"tag-internacional","14":"tag-international","15":"tag-international-news","16":"tag-internationalnews","17":"tag-latest-news","18":"tag-latestnews","19":"tag-news","20":"tag-noticias","21":"tag-noticias-destacadas","22":"tag-noticiasdestacadas","23":"tag-titulares","24":"tag-ultimas-noticias","25":"tag-ultimasnoticias","26":"tag-world","27":"tag-world-news","28":"tag-worldnews"},"share_on_mastodon":{"url":"https:\/\/pubeurope.com\/@es\/115863391084342608","error":""},"_links":{"self":[{"href":"https:\/\/www.europesays.com\/es\/wp-json\/wp\/v2\/posts\/330763","targetHints":{"allow":["GET"]}}],"collection":[{"href":"https:\/\/www.europesays.com\/es\/wp-json\/wp\/v2\/posts"}],"about":[{"href":"https:\/\/www.europesays.com\/es\/wp-json\/wp\/v2\/types\/post"}],"author":[{"embeddable":true,"href":"https:\/\/www.europesays.com\/es\/wp-json\/wp\/v2\/users\/2"}],"replies":[{"embeddable":true,"href":"https:\/\/www.europesays.com\/es\/wp-json\/wp\/v2\/comments?post=330763"}],"version-history":[{"count":0,"href":"https:\/\/www.europesays.com\/es\/wp-json\/wp\/v2\/posts\/330763\/revisions"}],"wp:featuredmedia":[{"embeddable":true,"href":"https:\/\/www.europesays.com\/es\/wp-json\/wp\/v2\/media\/330764"}],"wp:attachment":[{"href":"https:\/\/www.europesays.com\/es\/wp-json\/wp\/v2\/media?parent=330763"}],"wp:term":[{"taxonomy":"category","embeddable":true,"href":"https:\/\/www.europesays.com\/es\/wp-json\/wp\/v2\/categories?post=330763"},{"taxonomy":"post_tag","embeddable":true,"href":"https:\/\/www.europesays.com\/es\/wp-json\/wp\/v2\/tags?post=330763"}],"curies":[{"name":"wp","href":"https:\/\/api.w.org\/{rel}","templated":true}]}}