{"id":330777,"date":"2026-01-09T05:19:10","date_gmt":"2026-01-09T05:19:10","guid":{"rendered":"https:\/\/www.europesays.com\/es\/330777\/"},"modified":"2026-01-09T05:19:10","modified_gmt":"2026-01-09T05:19:10","slug":"sebastian-stan-el-soldado-de-invierno-de-marvel-podria-convertirse-en-el-villano-harvey-dent-en-the-batman-2","status":"publish","type":"post","link":"https:\/\/www.europesays.com\/es\/330777\/","title":{"rendered":"Sebastian Stan, el Soldado de Invierno de Marvel, podr\u00eda convertirse en el villano Harvey Dent en The Batman 2"},"content":{"rendered":"<p class=\"c-paragraph\">Los h\u00e9roes de <a href=\"https:\/\/www.hobbyconsolas.com\/reportajes\/universo-cinematografico-marvel-origen-fases-futuro-orden-ver-series-peliculas-ucm-2025-1208290\" title=\"Universo Cinematogr\u00e1fico de Marvel: origen, fases, futuro y orden para ver las series y pel\u00edculas del UCM en 2025\" rel=\"nofollow noopener\" target=\"_blank\">Marvel<\/a> no se jubilan; y sus actores, casi que tampoco: <a href=\"https:\/\/www.hobbyconsolas.com\/noticias\/thunderbolts-ya-tiene-fecha-estreno-disney-plus-sera-mucho-antes-creias-1478472\" title=\"Thunderbolts* ya tiene fecha de estreno en Disney Plus y ser\u00e1 mucho antes de lo que cre\u00edas\" rel=\"nofollow noopener\" target=\"_blank\">Sebastian Stan<\/a> <b>lleva m\u00e1s de una d\u00e9cada siendo Bucky Barnes en el UCM<\/b>.<\/p>\n<p class=\"c-paragraph\">El <a href=\"https:\/\/www.hobbyconsolas.com\/reviews\/critica-capitan-america-soldado-invierno-66458\" title=\"Capit\u00e1n Am\u00e9rica: el soldado de invierno. \u00a1Cr\u00edtica doble!\" rel=\"nofollow noopener\" target=\"_blank\">Soldado de Invierno<\/a> salt\u00f3 a la fama con la pel\u00edcula que lleva su nombre. <b>Desde entonces ha aparecido en las pel\u00edculas m\u00e1s destacadas de la productora<\/b>, y tambi\u00e9n lo veremos en <a href=\"https:\/\/www.hobbyconsolas.com\/hobbycine\/avengers-doomsday-se-deja-ver-primer-teaser-trailer-rumbo-regreso-robert-downey-jr-ucm_6910694_0.html\" title=\"Vengadores: Doomsday se deja ver en el primer teaser tr\u00e1iler, rumbo al regreso de Robert Downey Jr. al UCM\" rel=\"nofollow noopener\" target=\"_blank\">Doomsday<\/a>.<\/p>\n<p class=\"c-paragraph\">Lo cierto es que <b>Stan parec\u00eda un tanto \u201cquemado\u201d del personaje<\/b>, pero no as\u00ed de los superh\u00e9roes. De hecho, todo indica que est\u00e1 a punto de pasarse a la competencia del <a href=\"https:\/\/www.hobbyconsolas.com\/reportajes\/estas-son-proximas-peliculas-superheroes-dc-estrenaran-fechas-aproximadas-1412985\" title=\"Estas son las pr\u00f3ximas pel\u00edculas de superh\u00e9roes DC que se estrenar\u00e1n, y las fechas aproximadas\" rel=\"nofollow noopener\" target=\"_blank\">universo DC<\/a> con <a href=\"https:\/\/www.hobbyconsolas.com\/hobbycine\/the-batman-parte-ii-tiene-un-guion-brillante-que-emociono-colin-farrell-es-realmente-conmovedora_6884028_0.html\" title=\"The Batman Parte II tiene un guion \u201cbrillante\u201d que emocion\u00f3 a Colin Farrell: \u201cEs realmente conmovedora\u201d\" rel=\"nofollow noopener\" target=\"_blank\">The Batman 2<\/a>.<\/p>\n<p>HBO Max<\/p>\n<p><img decoding=\"async\" loading=\"lazy\" alt=\"HBO Max Logo\" width=\"640\" height=\"776\" src=\"https:\/\/www.europesays.com\/es\/wp-content\/uploads\/2025\/12\/691d76a3ecc0f.jpeg\"\/><\/p>\n<p class=\"c-passport__description\">HBO Max tiene uno de los mayores y mejores cat\u00e1logos del mundo del streaming, y adem\u00e1s a precios competiivos.<\/p>\n<p>Sebastian Stan puede convertirse en Harvey Dent<\/p>\n<p class=\"c-paragraph\"><b>The Batman 2 ya habr\u00eda encontrado a su Harvey Dent<\/b>, y proviene del Universo Marvel: el actor rumano se convertir\u00eda en el fiscal de Gotham.<\/p>\n<p class=\"c-paragraph\">Todo surgi\u00f3 hace unos d\u00edas, cuando <a href=\"https:\/\/deadline.com\/2026\/01\/the-batman-part-ii-sebastian-stan-1236665032\/\" rel=\"nofollow noreferrer noopener\" title=\"Deadline\" target=\"_blank\">Deadline<\/a> desvel\u00f3 que <b>Sebastian estaba en plenas negociaciones para unirse al reparto<\/b> de la pel\u00edcula.<\/p>\n<p class=\"c-paragraph\">De inmediato surgieron las especulaciones:<b> \u00bfpodr\u00eda Stan ser Hush, el villano m\u00e1s manipulador de Batman?<\/b> \u00bfO tal vez Talon, miembro del temible Tribunal de los B\u00fahos?<\/p>\n<p class=\"c-paragraph\">La duda se ha despejado de la forma m\u00e1s inusual: <b>a trav\u00e9s del estilista del actor, Michael Fisher<\/b>, quien ha \u201csoltado la liebre\u201d en <a href=\"https:\/\/www.instagram.com\/mjonf?utm_source=ig_web_button_share_sheet&amp;igsh=ZDNlZDc0MzIxNw==\" rel=\"nofollow noreferrer noopener\" title=\"Michael Fisher\" target=\"_blank\">Instagram<\/a>.<\/p>\n<p class=\"c-paragraph\">En dicha red social, Fisher republic\u00f3 <b>dos im\u00e1genes que mostraban a Sebastian transformado en Harvey Dent<\/b>; demasiada coincidencia como para no tener validez. <\/p>\n<p class=\"c-paragraph\">Cabe se\u00f1alar que los rumores hablan solo de \u201cHarvey Dent\u201d. De momento <b>no se menciona de forma expl\u00edcita su alter ego, Dos Caras<\/b>.<\/p>\n<p class=\"c-paragraph\">En los c\u00f3mics, <b>Dent es fiscal del distrito y alguien cercano a Bruce Wayne, hasta que un ataque con \u00e1cido lo desfigura<\/b>. Trastornado, decide convertirse en un villano, que se juega el destino de sus v\u00edctimas a cara o cruz.<\/p>\n<p class=\"c-paragraph\"><b>Dos Caras ha tenido varias versiones de imagen real<\/b>; la m\u00e1s recordada a cargo de <a href=\"https:\/\/www.hobbyconsolas.com\/reportajes\/que-paso-fue-aaron-eckhart-1478603\" title=\"Qu\u00e9 pas\u00f3 con Aaron Eckhart, el enemigo de Batman que dej\u00f3 de triunfar tras El caballero oscuro\" rel=\"nofollow noopener\" target=\"_blank\">Aaron Eckhart<\/a> en <a href=\"https:\/\/www.hobbyconsolas.com\/reviews\/cine-superheroes-critica-caballero-oscuro-87334\" title=\"Cine de superh\u00e9roes: Cr\u00edtica de El Caballero Oscuro\" rel=\"nofollow noopener\" target=\"_blank\">El Caballero Oscuro<\/a>; precedido por Tommy Lee Jones en Batman Forever.<\/p>\n<p class=\"c-paragraph\">De confirmarse la noticia, <b>Sebastian compartir\u00e1 espacio con una de sus compa\u00f1eras en los Vengadores<\/b>: Scarlett Johansson, que ha firmado por The Batman 2 y <a href=\"https:\/\/www.hobbyconsolas.com\/hobbycine\/the-batman-parte-ii-traeria-scarlett-johanson-un-papel-vinculado-un-importante-villano-caballero-oscuro_6910849_0.html\" title=\"The Batman Parte II traer\u00eda a Scarlett Johanson en un papel vinculado a un importante villano del Caballero Oscuro\" rel=\"nofollow noopener\" target=\"_blank\">podr\u00eda interpretar a la esposa de Dent<\/a>.<\/p>\n<p class=\"c-paragraph\">La secuela de <a href=\"https:\/\/www.hobbyconsolas.com\/reviews\/critica-batman-thriller-neo-noir-intenso-oscuro-sucio-amaran-fans-joker-1020041\" title=\"Cr\u00edtica de The Batman, una de las mejores pel\u00edculas de superh\u00e9roes para un intenso Caballero Oscuro\" rel=\"nofollow noopener\" target=\"_blank\">The Batman<\/a><b> traer\u00e1 de vuelta a Robert Pattinson como el Hombre Murci\u00e9lago y Colin Farrell en el papel de Ping\u00fcino<\/b>, sin que a\u00fan se conozcan detalles del argumento.<\/p>\n<p class=\"c-paragraph\">Una secuela que ha de ponerse en marcha pronto: The Batman 2 tiene fijada, como fecha de estreno,<b> el 1 de octubre de 2027<\/b>.<\/p>\n<p><script async src=\"\/\/www.instagram.com\/embed.js\"><\/script><\/p>\n","protected":false},"excerpt":{"rendered":"Los h\u00e9roes de Marvel no se jubilan; y sus actores, casi que tampoco: Sebastian Stan lleva m\u00e1s de&hellip;\n","protected":false},"author":2,"featured_media":330778,"comment_status":"","ping_status":"","sticky":false,"template":"","format":"standard","meta":{"footnotes":""},"categories":[169],"tags":[177,146,147,25,24,176,16250,2631,175,11678,14953,23,76223],"class_list":{"0":"post-330777","1":"post","2":"type-post","3":"status-publish","4":"format-standard","5":"has-post-thumbnail","7":"category-cine","8":"tag-cine","9":"tag-entertainment","10":"tag-entretenimiento","11":"tag-es","12":"tag-espana","13":"tag-film","14":"tag-invierno","15":"tag-marvel","16":"tag-movies","17":"tag-sebastian","18":"tag-soldado","19":"tag-spain","20":"tag-stan"},"share_on_mastodon":{"url":"https:\/\/pubeurope.com\/@es\/115863457870106266","error":""},"_links":{"self":[{"href":"https:\/\/www.europesays.com\/es\/wp-json\/wp\/v2\/posts\/330777","targetHints":{"allow":["GET"]}}],"collection":[{"href":"https:\/\/www.europesays.com\/es\/wp-json\/wp\/v2\/posts"}],"about":[{"href":"https:\/\/www.europesays.com\/es\/wp-json\/wp\/v2\/types\/post"}],"author":[{"embeddable":true,"href":"https:\/\/www.europesays.com\/es\/wp-json\/wp\/v2\/users\/2"}],"replies":[{"embeddable":true,"href":"https:\/\/www.europesays.com\/es\/wp-json\/wp\/v2\/comments?post=330777"}],"version-history":[{"count":0,"href":"https:\/\/www.europesays.com\/es\/wp-json\/wp\/v2\/posts\/330777\/revisions"}],"wp:featuredmedia":[{"embeddable":true,"href":"https:\/\/www.europesays.com\/es\/wp-json\/wp\/v2\/media\/330778"}],"wp:attachment":[{"href":"https:\/\/www.europesays.com\/es\/wp-json\/wp\/v2\/media?parent=330777"}],"wp:term":[{"taxonomy":"category","embeddable":true,"href":"https:\/\/www.europesays.com\/es\/wp-json\/wp\/v2\/categories?post=330777"},{"taxonomy":"post_tag","embeddable":true,"href":"https:\/\/www.europesays.com\/es\/wp-json\/wp\/v2\/tags?post=330777"}],"curies":[{"name":"wp","href":"https:\/\/api.w.org\/{rel}","templated":true}]}}