{"id":330785,"date":"2026-01-09T05:23:11","date_gmt":"2026-01-09T05:23:11","guid":{"rendered":"https:\/\/www.europesays.com\/es\/330785\/"},"modified":"2026-01-09T05:23:11","modified_gmt":"2026-01-09T05:23:11","slug":"cada-vez-parece-mas-real-filtran-que-la-rumoreada-nueva-expansion-de-the-witcher-3-nos-llevaria-a-zerrikania-vandal","status":"publish","type":"post","link":"https:\/\/www.europesays.com\/es\/330785\/","title":{"rendered":"Cada vez parece m\u00e1s real: filtran que la rumoreada nueva expansi\u00f3n de The Witcher 3 nos llevar\u00eda a Zerrikania &#8211; Vandal"},"content":{"rendered":"<ol>\n<li><a href=\"https:\/\/news.google.com\/rss\/articles\/CBMi7gFBVV95cUxOQ05hYkRuYlA1Y1JNakM0MmU1dG52bGFJRFBjUkdDTkg5Qlh2b1dmRGxkUURjdFFBSC14OFN5U2FjTVFlS29lUTlqY3lFNVBySGNMWUlWXzZOaVpMUWZIZDBnU1pUb2l6XzFtRGlPazlDdkhGN21fYUZ6ZjdpZkZHNlV4RVNtclBEMUU4cnVSaHVJb3Y0cWI4b3MtbGtLcFppQ001WDExclItQXJMaVNhRnA5WjVmT2Z5dzJJM1NHRHhGNlFuMEk1ZWRUbVdiaFBRR1BkbW8zcmRVakpxa244QVFVLVVBd0RuZm1zcjJ30gHzAUFVX3lxTE5QNnJFU1pCVVpVRXNhT251a2pWclhDRWJzNGJpMy1XWDFZdExsRWtpUWxia1FSMlZpS05BblZmYVRLR0tzX3REY3Qxb2k2ajJ5X2JYVEt5QjdGYmEzUVNFREd2V1FYYl9qYV9ENEpycHZkeFFYc3dYa3JUUjdiSHFKem8zM0hKcUVpSWEzTXV6Zm5rejRLT2YxSE9JT3JiV0RGWVpzVzczOEtZNzc2Znlra1JZdEJVTktYRXJQRmU1bUM0d0dxMzNWVmlKX181Q2lYUTh0dFItNXo4MFRoYnZkcDV0UV8xdHJzdkdFMkFLYU5fVQ?oc=5\" target=\"_blank\" rel=\"nofollow noopener\">Cada vez parece m\u00e1s real: filtran que la rumoreada nueva expansi\u00f3n de The Witcher 3 nos llevar\u00eda a Zerrikania<\/a>&nbsp;&nbsp;Vandal<\/li>\n<li><a href=\"https:\/\/news.google.com\/rss\/articles\/CBMitwFBVV95cUxQUy1lakVFVnNCN1U5eU9qNWd2Z09MeHZrMm1CTk92dXc0R0xHOThMaUt6SFBiUGZWRGsxcWRKM2dlek9GdTJFZFBLVndJUlRJMGd4MFVIcnd4Zy1yZ0djVmlYWmMzWFR5RnV6WkVkVGw1TVhLWjgwTHlRUzFKZmlKa0JDZDZrWkl3WUxINEp1cGZlX1JfNHh4MVI0azhDTktGMWcwT191X0hIVzVFRUlFMVVoWUotSUnSAbwBQVVfeXFMTTVxbk5NQ0phRkFraUl2TmktZFNBbF9NblpaM0NzckZMYkxlaFdrUlJjMWNWeDBkY2lfNTZ0TTFfdXdqc3BSVzdSQ2lSenQzVHFHTWQ5NnYxYmEzaEtsRC1yV0tmR25VaDAybTNjWmJyNUs1MGZ2WUlnR2xBSUZ6VFFaRDhFU3NiRlA3ckx2VmRXNmN4QWkzZHdfaUdiSlBJNlBhVi1RQ1FGUmRsemtTclVkdThEV0dhbVBTbko?oc=5\" target=\"_blank\" rel=\"nofollow noopener\">The Witcher 3 podr\u00eda a\u00f1adir una nueva regi\u00f3n con su DLC, seg\u00fan rumores<\/a>&nbsp;&nbsp;Nintenderos<\/li>\n<li><a href=\"https:\/\/news.google.com\/rss\/articles\/CBMi-wFBVV95cUxQcTFWUFFXZk5iSEhaTTgwOC16SzhDVFVhLWIzVFVDODBPRVJGQnBiXzUtc1hIYXFVU1ZmSF8xc1hCVUFYa2wyM1Q3MlIySHhOYVlzaWV6UEdNc29WSDlBMzF0SEUxQUE3dnpKX0w2MnhNVGFqRnJoN0VPNFQxenZzX1ZGNEgxRldSZnByNGpGaVh0NkVrQTE3MEZnNVJaVlg3Mi1XcFJ5MUJIVW43elhRZURKZGVUdzd3ZUhXd1hFYUQ4bjlwSFRIUFU2QzB4NEpfanQyaXRnR2NxaHBBVmVPeW1vbGdKa0p1LXdSYlZERHVkWURJUmhpYXVWSdIBgAJBVV95cUxNWHhIeTk5ZW96VFhteURtZDJQOGRMemdiNlJoTlNLU1dpVlJMZkFBWlVDQjc5akNKbXVaZG5yUG5tLWJvSF8yRVRWQnRsTVZ0YlF3LU9EdWNSbE5rQVAtVjlLd3dWOTVacmN3ektpWHdfU0YwZEgyeGlwQ1lKUXN6SHJXWkYxU2RTR3RjMWxCbDFmczFVMUUzSEd5OFJZSlc4amo4b19feHEtTEhFZU1yR3AzNktRQ2hCNzNkUmV0THBaNm1TeXFVZkZkYmlsRndNUkh6X1ZmTjFYMmdxQW53enNfYTk1bjBmcDNUMm90dnFnREpQWnNPTXRzUXVIRUVF?oc=5\" target=\"_blank\" rel=\"nofollow noopener\">\u00ab100% seguro\u00bb. CD Projekt tiene un plan maestro para que vuelvas a The Witcher 3 con un nuevo DLC, o eso&#8230;<\/a>&nbsp;&nbsp;3DJuegos<\/li>\n<li><a href=\"https:\/\/news.google.com\/rss\/articles\/CBMi_wFBVV95cUxPcmdVU0xNNnY3Qmw2QkZqUVF1Ri1sYkl1WW9na0NadUNDdmlpWVdaQ3F0RDdMQjVXTjYyV2ttUnJYY3lra0x1Y2Q4dS10WWYwNkZNWE1MY1M3TmlXdzFWdWt5UDhrY0d2NlpRZC1tVWc5YjFqZVV2dGVLdWw2Nm9Yams4ZUh6UV9VcmlLcjR1VVhCS2dfTHdNMmdieEVDUEE0VlJXMzZyTTBSN3ZsOUxDNndEVmpJNnVGNUExTG9SZV9pRGcyUU00LS1pODV6N2RtTTd6M0VydjJqSTFaa2JMVFluYUZySjFrY2lQME1nSTEtOEVKcnM5X0dUM1BySjA?oc=5\" target=\"_blank\" rel=\"nofollow noopener\">The Witcher 3 recibir\u00e1 \u00abnuevo contenido\u00bb este 2026 al 100%: un analista aporta nuevas pruebas y aviva la esperanza de ver un DLC<\/a>&nbsp;&nbsp;Hobby Consolas<\/li>\n<li><a href=\"https:\/\/news.google.com\/rss\/articles\/CBMi1wFBVV95cUxOSmxCQmIwOEtNclFWZk5IQ2xqcXN2V2NUNlJ0NG0wY1hTRFJRUTc0MnBiWldnWEJaU2V1TGNhZHg3aU5VQVJVZkM0VTFPeVZjLWtVOHAtdEFDaHoyZl9ld3U1SGc2UlpOTXlxX3NSUV9zZzdXd2dWOW1yZUhoUHZUOGNjeUtzMkREdWw0Umtxc2p1TG92dkFFZkZvV0VRR2VZbEw0aU8yRjF2SExIUWlJZmlFSDF5TDliWUFvelM3ZjVCRTRnQ1M1UHhfdHlsTi1pS1NSeFZFONIB3AFBVV95cUxOUnlSN3pEMm94UVN1REl3TGhES2pFQjRNLVltZG1nMlFUYmNhVmRrdWpnZzFpT19tZ0lHemNkbHJjWkdBQjlJZW5WcHFvSjNwdVBNNGp4TGJJdzJfSWE2blZxWlNNUkVDN1ZVUE9YQlNpWUpsZEpKOFIxYkQ2VjlUZVk2Qk4zOVh4RGgyRFNmOFp4WDc1RXJPdzVfc3FtejllRzJmcVR1ZW5zUlY1T291VHh0NnJ2Ui1HU3UwTlJKVzAwdkVIdjJGNmh6M19zY0VMeG1BNDFFOUxvZ1JC?oc=5\" target=\"_blank\" rel=\"nofollow noopener\">&#8216;Es 100 % seguro&#8217;: Vuelven a insistir en que The Witcher 3 recibir\u00e1 una nueva expansi\u00f3n este a\u00f1o<\/a>&nbsp;&nbsp;Vandal<\/li>\n<\/ol>\n","protected":false},"excerpt":{"rendered":"Cada vez parece m\u00e1s real: filtran que la rumoreada nueva expansi\u00f3n de The Witcher 3 nos llevar\u00eda a&hellip;\n","protected":false},"author":2,"featured_media":330786,"comment_status":"","ping_status":"","sticky":false,"template":"","format":"standard","meta":{"footnotes":""},"categories":[81],"tags":[1554,29148,72339,119,123,124,25,24,133,134,117,121,122,23,118,120,3498,59603,72338,131,132,72341,135,76224],"class_list":{"0":"post-330785","1":"post","2":"type-post","3":"status-publish","4":"format-standard","5":"has-post-thumbnail","7":"category-ciencia-y-tecnologia","8":"tag-1554","9":"tag-cada","10":"tag-cd-projekt-red","11":"tag-ciencia","12":"tag-ciencia-y-tecnologia","13":"tag-cienciaytecnologia","14":"tag-es","15":"tag-espana","16":"tag-online","17":"tag-ps4","18":"tag-science","19":"tag-science-and-technology","20":"tag-scienceandtechnology","21":"tag-spain","22":"tag-technology","23":"tag-tecnologia","24":"tag-the","25":"tag-the-witcher","26":"tag-the-witcher-3","27":"tag-vandal","28":"tag-videojuegos","29":"tag-witcher","30":"tag-xbox-one","31":"tag-zerrikania"},"share_on_mastodon":{"url":"https:\/\/pubeurope.com\/@es\/115863473622442795","error":""},"_links":{"self":[{"href":"https:\/\/www.europesays.com\/es\/wp-json\/wp\/v2\/posts\/330785","targetHints":{"allow":["GET"]}}],"collection":[{"href":"https:\/\/www.europesays.com\/es\/wp-json\/wp\/v2\/posts"}],"about":[{"href":"https:\/\/www.europesays.com\/es\/wp-json\/wp\/v2\/types\/post"}],"author":[{"embeddable":true,"href":"https:\/\/www.europesays.com\/es\/wp-json\/wp\/v2\/users\/2"}],"replies":[{"embeddable":true,"href":"https:\/\/www.europesays.com\/es\/wp-json\/wp\/v2\/comments?post=330785"}],"version-history":[{"count":0,"href":"https:\/\/www.europesays.com\/es\/wp-json\/wp\/v2\/posts\/330785\/revisions"}],"wp:featuredmedia":[{"embeddable":true,"href":"https:\/\/www.europesays.com\/es\/wp-json\/wp\/v2\/media\/330786"}],"wp:attachment":[{"href":"https:\/\/www.europesays.com\/es\/wp-json\/wp\/v2\/media?parent=330785"}],"wp:term":[{"taxonomy":"category","embeddable":true,"href":"https:\/\/www.europesays.com\/es\/wp-json\/wp\/v2\/categories?post=330785"},{"taxonomy":"post_tag","embeddable":true,"href":"https:\/\/www.europesays.com\/es\/wp-json\/wp\/v2\/tags?post=330785"}],"curies":[{"name":"wp","href":"https:\/\/api.w.org\/{rel}","templated":true}]}}