{"id":330789,"date":"2026-01-09T05:25:26","date_gmt":"2026-01-09T05:25:26","guid":{"rendered":"https:\/\/www.europesays.com\/es\/330789\/"},"modified":"2026-01-09T05:25:26","modified_gmt":"2026-01-09T05:25:26","slug":"cofepris-emite-alerta-sanitaria-por-lotes-de-formula-infantil-nestle-ssm","status":"publish","type":"post","link":"https:\/\/www.europesays.com\/es\/330789\/","title":{"rendered":"Cofepris emite alerta sanitaria por lotes de f\u00f3rmula infantil Nestl\u00e9: SSM"},"content":{"rendered":"<p>\u2022 Por probable contaminaci\u00f3n con una toxina<\/p>\n<p><strong>Morelia, Michoac\u00e1n, 8 de enero de 2026.-<\/strong> La Comisi\u00f3n Federal para la Protecci\u00f3n contra Riesgos Sanitarios (Cofepris), a trav\u00e9s de la Secretar\u00eda de Salud de Michoac\u00e1n (SSM), informa a la poblaci\u00f3n sobre el retiro voluntario del mercado que realiza la empresa Nestl\u00e9 M\u00e9xico de los productos NAN\u00ae\ufe0f Alfamino\u00ae\ufe0f y Alfamino\u00ae\ufe0f, ambos en presentaci\u00f3n de 400 gramos.<\/p>\n<p>Esta medida precautoria se lleva a cabo debido a la probable contaminaci\u00f3n con una toxina producida por el microorganismo Bacillus cereus en uno de los ingredientes utilizados en los lotes implicados, lo que podr\u00eda representar un riesgo para la salud, especialmente en lactantes.<\/p>\n<p>Los productos involucrados corresponden exclusivamente a los siguientes n\u00fameros de lote y fechas de caducidad:<\/p>\n<p>\u2022\u2060 \u2060NAN\u00ae\ufe0f Alfamino\u00ae\ufe0f<br \/>\u2022\u2060 \u2060Lote 52030017Y2, caducidad 22\/07\/2027<br \/>\u2022\u2060 \u2060Lote 52040017Y1, caducidad 23\/07\/2027<br \/>\u2022\u2060 \u2060Alfamino\u00ae\ufe0f<br \/>\u2022\u2060 \u2060Lote 51060017Y2, caducidad 30\/04\/2027<br \/>\u2022\u2060 \u2060Lote 51070017Y1, caducidad 30\/04\/2027.<\/p>\n<p>Ante esta situaci\u00f3n, Cofepris recomienda a la poblaci\u00f3n no adquirir ni consumir los productos y lotes antes mencionados. En caso de haberlos adquirido, suspender de inmediato su uso y consultar a un profesional de la salud. Contactar a la empresa Nestl\u00e9 M\u00e9xico para recibir orientaci\u00f3n y seguimiento a trav\u00e9s de su sitio oficial de atenci\u00f3n al consumidor.<\/p>\n<p>La Cofepris y la SSM reiteran que el retiro se limita \u00fanicamente a los lotes se\u00f1alados y se mantienen acciones de vigilancia y control sanitario para salvaguardar la salud de la poblaci\u00f3n.<\/p>\n","protected":false},"excerpt":{"rendered":"\u2022 Por probable contaminaci\u00f3n con una toxina Morelia, Michoac\u00e1n, 8 de enero de 2026.- La Comisi\u00f3n Federal para&hellip;\n","protected":false},"author":2,"featured_media":330790,"comment_status":"","ping_status":"","sticky":false,"template":"","format":"standard","meta":{"footnotes":""},"categories":[42],"tags":[17,18,74569,74567,13,14,582,11,61,62,63,64,19,20,30162,9,10,15,16,33752,166,33753,12,21,22,65,66,67],"class_list":{"0":"post-330789","1":"post","2":"type-post","3":"status-publish","4":"format-standard","5":"has-post-thumbnail","7":"category-internacional","8":"tag-breaking-news","9":"tag-breakingnews","10":"tag-comunicacion-social","11":"tag-dependencia-michoacan","12":"tag-featured-news","13":"tag-featurednews","14":"tag-gobierno","15":"tag-headlines","16":"tag-internacional","17":"tag-international","18":"tag-international-news","19":"tag-internationalnews","20":"tag-latest-news","21":"tag-latestnews","22":"tag-michoacan","23":"tag-news","24":"tag-noticias","25":"tag-noticias-destacadas","26":"tag-noticiasdestacadas","27":"tag-portal","28":"tag-salud","29":"tag-sitio-web","30":"tag-titulares","31":"tag-ultimas-noticias","32":"tag-ultimasnoticias","33":"tag-world","34":"tag-world-news","35":"tag-worldnews"},"share_on_mastodon":{"url":"https:\/\/pubeurope.com\/@es\/115863481453439435","error":""},"_links":{"self":[{"href":"https:\/\/www.europesays.com\/es\/wp-json\/wp\/v2\/posts\/330789","targetHints":{"allow":["GET"]}}],"collection":[{"href":"https:\/\/www.europesays.com\/es\/wp-json\/wp\/v2\/posts"}],"about":[{"href":"https:\/\/www.europesays.com\/es\/wp-json\/wp\/v2\/types\/post"}],"author":[{"embeddable":true,"href":"https:\/\/www.europesays.com\/es\/wp-json\/wp\/v2\/users\/2"}],"replies":[{"embeddable":true,"href":"https:\/\/www.europesays.com\/es\/wp-json\/wp\/v2\/comments?post=330789"}],"version-history":[{"count":0,"href":"https:\/\/www.europesays.com\/es\/wp-json\/wp\/v2\/posts\/330789\/revisions"}],"wp:featuredmedia":[{"embeddable":true,"href":"https:\/\/www.europesays.com\/es\/wp-json\/wp\/v2\/media\/330790"}],"wp:attachment":[{"href":"https:\/\/www.europesays.com\/es\/wp-json\/wp\/v2\/media?parent=330789"}],"wp:term":[{"taxonomy":"category","embeddable":true,"href":"https:\/\/www.europesays.com\/es\/wp-json\/wp\/v2\/categories?post=330789"},{"taxonomy":"post_tag","embeddable":true,"href":"https:\/\/www.europesays.com\/es\/wp-json\/wp\/v2\/tags?post=330789"}],"curies":[{"name":"wp","href":"https:\/\/api.w.org\/{rel}","templated":true}]}}