{"id":330793,"date":"2026-01-09T05:27:12","date_gmt":"2026-01-09T05:27:12","guid":{"rendered":"https:\/\/www.europesays.com\/es\/330793\/"},"modified":"2026-01-09T05:27:12","modified_gmt":"2026-01-09T05:27:12","slug":"renee-nicole-la-mujer-que-un-agente-del-ice-mato-en-mineapolis-era-poeta-y-madre-de-tres-hijos","status":"publish","type":"post","link":"https:\/\/www.europesays.com\/es\/330793\/","title":{"rendered":"Renee Nicole, la mujer que un agente del ICE mat\u00f3 en Mine\u00e1polis, era poeta y madre de tres hijos"},"content":{"rendered":"<p>            Las claves<\/p>\n<p>\n                nuevo<br \/>\n                Generado con IA\n            <\/p>\n<p>        <a class=\"key__news__heading--closed-content\" href=\"http:\/\/www.elespanol.com\/suscripciones\/#utm_source=internal&amp;utm_medium=claves\" rel=\"nofollow noopener\" target=\"_blank\"><\/p>\n<p class=\"item--text\">\n                            Renee Nicole Good, poeta y madre de tres hijos, fue asesinada por un agente del ICE durante una redada en Mine\u00e1polis.\n                        <\/p>\n<p class=\"item--text\">\n                            La mujer no ten\u00eda antecedentes de activismo pol\u00edtico ni comportamiento violento; era conocida por su car\u00e1cter compasivo y su vida dedicada a la familia.\n                        <\/p>\n<p class=\"item--text\">\n                            Su muerte ha generado protestas y cr\u00edticas, reavivando el debate sobre la violencia policial y las pol\u00edticas migratorias en Estados Unidos.\n                        <\/p>\n<p class=\"item--text\">\n                            La versi\u00f3n oficial del gobierno, que la present\u00f3 como una amenaza, ha sido desmentida por testigos y videos del incidente.\n                        <\/p>\n<p class=\"paragraph\" id=\"paragraph_1\"><strong>Ni \u00abterrorista\u00bb ni \u00abagitadora profesional\u00bb<\/strong>. A medida que pasan las horas, la versi\u00f3n de la Casa Blanca sobre el <strong>asesinato de Renee Nicole Good<\/strong> -la <a href=\"https:\/\/www.elespanol.com\/mundo\/america\/eeuu\/20260107\/muere-mujer-recibir-disparos-agentes-migratorios-unidos-redada-minnesota\/1003744081724_0.html?utm_cmp_rs=linksinline\" rel=\"nofollow noopener\" target=\"_blank\">mujer de 37 a\u00f1os que falleci\u00f3 el mi\u00e9rcoles tras recibir varios disparos <\/a>de un agente del Servicio de Inmigraci\u00f3n y Control de Aduanas (<strong>ICE<\/strong>) durante un operativo en <strong>Mine\u00e1polis<\/strong>&#8211; comienza a desmoronarse.<\/p>\n<p class=\"paragraph\" id=\"paragraph_2\">Cristiana devota,<strong> poeta, escritora, viuda y madre de tres hijos,<\/strong> uno de ellos de tan s\u00f3lo 6 a\u00f1os, Renee Nicole perdi\u00f3 la vida sin oponer resistencia ni mediar palabra, sin defensa alguna.<\/p>\n<p class=\"paragraph\" id=\"paragraph_3\">Su muerte, la quinta que ha tenido lugar durante operativos migratorios bajo el Gobierno de <a href=\"https:\/\/www.elespanol.com\/personajes\/donald_trump\/?utm_cmp_rs=linksinline\" target=\"_blank\" rel=\"nofollow noopener\">Donald Trump<\/a>, en esta ciudad de <strong>Minnesota<\/strong>, la misma donde hace casi seis a\u00f1os muri\u00f3 el afroamericano <strong>George Floyd<\/strong> a manos de la Polic\u00eda,<strong> amenaza con incendiar, a\u00fan m\u00e1s, las calles de un pa\u00eds cada vez m\u00e1s polarizado<\/strong>.<\/p>\n<p><img loading=\"lazy\" decoding=\"async\" alt=\"Militares reunidos para escuchar lo que el presidente Trump tiene que decirles.\" height=\"180\" src=\"https:\/\/www.europesays.com\/es\/wp-content\/uploads\/2026\/01\/1003743948643_259090932_320x180.jpg\" width=\"320\" data-lazy-status=\"processed\" data-lazy-info=\"remove loading item 1\"\/><\/p>\n<p class=\"paragraph\" id=\"paragraph_4\">En su cuenta de Instagram, Good se describ\u00eda como <strong>\u00abpoeta, escritora, esposa, madre y una guitarrista mediocre de Colorado;<\/strong> que vive en Minneapolis, Minnesota\u00bb.<\/p>\n<p class=\"paragraph\" id=\"paragraph_5\"><strong>Apenas llevaba instalada unos meses en esta ciudad<\/strong>, donde viv\u00eda con su nueva pareja y su hijo de 6 a\u00f1os tras mudarse desde Kansas City sin saber que en su nuevo destino su vida se ver\u00eda segada.<\/p>\n<p>Un ser humano incre\u00edble\u00bb<\/p>\n<p class=\"paragraph\" id=\"paragraph_6\"><strong>\u00abRenee era una de las personas m\u00e1s amables que he conocido\u00bb<\/strong>, se\u00f1al\u00f3 su madre destrozada en declaraciones al diario Minnesota Star Tribune. \u00abHa cuidado de personas toda su vida. Era compasiva, cari\u00f1osa, comprensiva. Un ser humano incre\u00edble\u00bb, a\u00f1adi\u00f3.<\/p>\n<p class=\"paragraph\" id=\"paragraph_7\">Nacida y crecida en Colorado Springs, Good qued\u00f3 <strong>viuda tras fallecer su esposo, el comediante Timothy Macklin, en 2023.<\/strong> Fruto de esta relaci\u00f3n naci\u00f3 el ni\u00f1o que ahora queda hu\u00e9rfano y del que se ocupar\u00e1 la madre de la fallecida.<\/p>\n<p class=\"paragraph\" id=\"paragraph_8\">Renee <strong>ten\u00eda adem\u00e1s otros dos hijos<\/strong>, dos adolescentes de 15 y 12 a\u00f1os, de un matrimonio anterior.<\/p>\n<p class=\"paragraph\" id=\"paragraph_9\">Su actual pareja, que actu\u00f3 el mi\u00e9rcoles como portavoz ante los medios tras el asesinato, la describi\u00f3 como una<strong> \u00abcristiana devota\u00bb<\/strong> que incluso hab\u00eda participado en viajes de misiones a Irlanda del Norte cuando era m\u00e1s joven.<\/p>\n<p><img decoding=\"async\" alt=\"Renee Nicole Good junto a su pareja, con la que viv\u00eda en Mine\u00e1polis.\" data-imgm=\"true\" height=\"180\" loading=\"lazy\"  src=\"https:\/\/www.europesays.com\/es\/wp-content\/uploads\/2026\/01\/1003744082888_260830325_1024x576.jpg\"  width=\"320\"\/><\/p>\n<p>                                                            Renee Nicole Good junto a su pareja, con la que viv\u00eda en Mine\u00e1polis.<\/p>\n<p>                    @Renee.N.Good\/Instagram<\/p>\n<p class=\"paragraph\" id=\"paragraph_10\">Aunque ahora era <strong>ama de casa,<\/strong> hab\u00eda trabajado anteriormente como higienista dental y en una gestor\u00eda bancaria, adem\u00e1s de <strong>ganar un premio en 2020<\/strong> en la Universidad Old Dominion de Virginia por su obra Sobre el aprendizaje de la disecci\u00f3n de fetos de cerdos y comparti\u00f3 un <strong>podcast<\/strong> con su segundo marido.<\/p>\n<p class=\"paragraph\" id=\"paragraph_11\">En sus redes sociales no hay ni rastro de<strong> activismo pol\u00edtico<\/strong> ni siquiera ninguna menci\u00f3n de sus preferencias pol\u00edticas. Renee usaba Facebook, Instagram y Pinterest para compart<strong>ir publicaciones sobre su familia y amigos,<\/strong> adem\u00e1s de <strong>noticias y art\u00edculos relacionados con tatuajes, peinados o decoraci\u00f3n del hogar.<\/strong><\/p>\n<p>Asesinada sin resistencia<\/p>\n<p class=\"paragraph\" id=\"paragraph_12\">Este fat\u00eddico mi\u00e9rcoles la mujer estaba presente como<strong> observadora ciudadana en una de las redadas de ICE en Mine\u00e1polis,<\/strong> como parte de las iniciativas de la comunidad para vigilar el comportamiento de los agentes federales durante los operativos antiinmigraci\u00f3n para que haya testigos oculares en caso de violencia o abuso policial.<\/p>\n<p class=\"paragraph\" id=\"paragraph_13\">En videos compartidos en redes sociales se ve como en un momento dado <strong>Good fue rodeada por agentes del ICE<\/strong> que le ped\u00edan bajarse del veh\u00edculo.<\/p>\n<blockquote class=\"twitter-tweet\">\n<p dir=\"ltr\" lang=\"en\">To all of the MAGA Republicans and ICE defenders who are claiming that this woman in Minneapolis, Minnesota, tried to run ICE officers over with her car before they shot and killed her, here is the actual video.<\/p>\n<p>As you can clearly see, there are three ICE officers to the side of\u2026 <a href=\"https:\/\/t.co\/mWLV0mYVZR\" rel=\"nofollow\">pic.twitter.com\/mWLV0mYVZR<\/a><\/p>\n<p>\u2014 Ed Krassenstein (@EdKrassen) <a href=\"https:\/\/twitter.com\/EdKrassen\/status\/2008966548094939417?ref_src=twsrc%5Etfw\" rel=\"nofollow noopener\" target=\"_blank\">January 7, 2026<\/a><\/p><\/blockquote>\n<p class=\"paragraph\" id=\"paragraph_14\">Al intentar huir, uno de los oficiales dispar\u00f3 hacia la ventana del conductor y, segundos despu\u00e9s, el auto choca contra otro veh\u00edculo estacionado en la misma calle, unos metros m\u00e1s adelante.<\/p>\n<p class=\"paragraph\" id=\"paragraph_15\">La <strong>mujer no falleci\u00f3 al instante.<\/strong> Sali\u00f3 de su veh\u00edculo <strong>cubierta de sangre en busca de ayuda<\/strong>, pero los agentes del ICE impidieron a un hombre que se identific\u00f3 como m\u00e9dico poder auxiliarla, seg\u00fan denunci\u00f3 un testigo de la macabra escena a la cadena local FOX9.<\/p>\n<p>La criminalizaci\u00f3n de Renee<\/p>\n<p class=\"paragraph\" id=\"paragraph_16\">La criminalizaci\u00f3n de Renee se produjo casi a la misma velocidad que su asesinato. Con su ret\u00f3rica habitual e inhumana, la <strong>Administraci\u00f3n Trump se puso en marcha para se\u00f1alar como sospechoso o delincuente<\/strong> a todo aquel que se oponga a sus pol\u00edticas, en este caso la migratoria.<\/p>\n<p class=\"paragraph\" id=\"paragraph_17\">La secretaria del Departamento de Seguridad Nacional,<strong> Kristi Noem,<\/strong> confirm\u00f3 la muerte en una rueda de prensa posterior al incidente e insisti\u00f3 en que el agente actu\u00f3 en defensa propia ante un acto de <strong>\u00abterrorismo dom\u00e9stico\u00bb.<\/strong> \u00abNuestro agente cumpli\u00f3 con el entrenamiento e hizo exactamente lo que se le hab\u00eda ense\u00f1ado a hacer en una situaci\u00f3n as\u00ed\u00bb, defendi\u00f3 Noem.<\/p>\n<p class=\"paragraph\" id=\"paragraph_18\"><strong>Versi\u00f3n que corrobor\u00f3 p\u00fablicamente el propio Trump<\/strong> en una publicaci\u00f3n en Truth Social en la que respald\u00f3 la actuaci\u00f3n de los agentes, llegando a acusar a la mujer de atropellar a un agente, cosa que no sucedi\u00f3.<\/p>\n<p class=\"paragraph\" id=\"paragraph_19\">\u00abLa mujer, una<strong> agitadora profesional <\/strong>comport\u00f3 de<strong> forma agresiva, obstruyendo y resisti\u00e9ndose<\/strong>. <strong>Luego ha atropellado de forma violenta, deliberada y cruel a un agente del ICE<\/strong>, que parece haber disparado en defensa propia. Se est\u00e1 analizando la situaci\u00f3n en su totalidad. La izquierda radical amenaza, agrede y ataca a las fuerzas de seguridad a diario\u00bb.<\/p>\n<p class=\"paragraph\" id=\"paragraph_20\">El asesor de Seguridad Nacional de Trump<strong>, Stephen Miller<\/strong>, sostuvo, por su parte, que el Partido Dem\u00f3crata \u00abest\u00e1 decidido a incitar a una insurrecci\u00f3n violenta para mantener a millones de intrusos criminales extranjeros\u00bb en EEUU.<\/p>\n<p><img decoding=\"async\" alt=\"Manifestantes durante una manifestaci\u00f3n en Nueva York por el asesinato de Renee Nicole Good en Minneapolis.\" data-imgm=\"true\" height=\"180\" loading=\"lazy\"  src=\"https:\/\/www.europesays.com\/es\/wp-content\/uploads\/2026\/01\/1003744082643_260827516_1024x576.jpg\"  width=\"320\"\/><\/p>\n<p>                                                            Manifestantes durante una manifestaci\u00f3n en Nueva York por el asesinato de Renee Nicole Good en Minneapolis.<\/p>\n<p>                    Efe<\/p>\n<p class=\"paragraph\" id=\"paragraph_22\">Una versi\u00f3n sin pies ni cabeza que desminti\u00f3 el gobernador dem\u00f3crata de Minnesota, <strong>Tim Walz,<\/strong> quien se postul\u00f3 a vicepresidente de Estados Unidos en las elecciones de 2024.<strong> \u00abLo que estamos viendo son las consecuencias de una gobernanza dise\u00f1ada para generar miedo, titulares y conflicto<\/strong>. Hoy, esa imprudencia le cost\u00f3 la vida a alguien\u00bb, denunci\u00f3 Walz el mi\u00e9rcoles.<\/p>\n<p class=\"paragraph\" id=\"paragraph_23\">Por su parte, el alcalde de Minneapolis<strong>, Jacob Frey<\/strong>, exigi\u00f3 el mi\u00e9rcoles la retirada inmediata de los agentes del ICE. \u00abV\u00e1yanse a la mierda\u00bb, espet\u00f3 adem\u00e1s de tildar la intervenci\u00f3n como un<strong> abuso de poder<\/strong>.<\/p>\n<p class=\"paragraph\" id=\"paragraph_24\">Entre el \u00faltimo semestre de 2025 y enero presente, ICE ha desplegado <strong>a m\u00e1s de 2.000 agentes en Minnesota<\/strong> y reportado m\u00e1s de 400 arrestos, de acuerdo con datos oficiales.<\/p>\n<p>Mine\u00e1polis, otra vez foco de las protestas<\/p>\n<p class=\"paragraph\" id=\"paragraph_25\">Tras el asesinato de Renee<strong>, miles de personas se congregaron en la noche del mi\u00e9rcoles en el lugar del tiroteo<\/strong>, en una zona residencial del barrio Central de la ciudad.<\/p>\n<p class=\"paragraph\" id=\"paragraph_26\">Velas colocadas en el lugar iluminaron la noche invernal, mientras algunos manifestantes fueron recibidos por agentes federales fuertemente armados con m\u00e1scaras de gas que dispararon sustancias qu\u00edmicas irritantes.<\/p>\n<p class=\"paragraph\" id=\"paragraph_27\">Los opositores de Trump convocaron adem\u00e1s<strong> protestas en varias ciudades estadounidenses<\/strong>, lo que aumenta el riesgo de que el asesinato se convierta en un punto de conflicto nacional por su despliegue de agentes federales en ciudades y estados liderados por los dem\u00f3cratas.<\/p>\n<p><img decoding=\"async\" alt=\"Una mujer ora en un monumento en el lugar en el que Renee Nicole Good fue asesinada a tiros en Minneapolis.\" data-imgm=\"true\" height=\"180\" loading=\"lazy\"  src=\"https:\/\/www.europesays.com\/es\/wp-content\/uploads\/2026\/01\/1003744082639_260827432_1024x576.jpg\"  width=\"320\"\/><\/p>\n<p>                                                            Una mujer ora en un monumento en el lugar en el que Renee Nicole Good fue asesinada a tiros en Minneapolis.<\/p>\n<p>                    Efe<\/p>\n<p class=\"paragraph\" id=\"paragraph_28\">Este asesinato adem\u00e1s vuelve a colocar a Mine\u00e1polis en el <strong>epicentro de las protestas por la violencia policial casi seis a\u00f1os despu\u00e9s del caso Floyd.<\/strong><\/p>\n<p class=\"paragraph\" id=\"paragraph_29\">Floyd, afroamericano de 46 a\u00f1os<strong>, muri\u00f3 tras ser inmovilizado por un agente de polic\u00eda que mantuvo la rodilla sobre su cuello<\/strong> durante m\u00e1s de nueve minutos mientras el repet\u00eda que no pod\u00eda respirar.<\/p>\n<p class=\"paragraph\" id=\"paragraph_30\">Un<strong> v\u00eddeo grabado por una testigo contradijo la versi\u00f3n policial inicial y provoc\u00f3 protestas<\/strong> en Mine\u00e1polis que luego se extendieron por otras ciudades de Estados Unidos y algunas europeas.<\/p>\n<p class=\"paragraph\" id=\"paragraph_31\">Las protestas motivaron algunos cambios en la reglamentaci\u00f3n sobre la actuaci\u00f3n de la polic\u00eda y consolidaron el movimiento <strong>Black Lives Matter<\/strong> y la lucha contra el racismo en las fuerzas de seguridad.<\/p>\n<p class=\"paragraph\" id=\"paragraph_32\">La condena a 22 a\u00f1os y medio de prisi\u00f3n al agente que asesin\u00f3 a Floyd y a penas menores a los otros tres agentes que participaron en el arresto convirti\u00f3 el caso Floyd en un s\u00edmbolo global de la lucha contra la violencia policial.<\/p>\n<p class=\"paragraph\" id=\"paragraph_33\">Ahora<strong>, la muerte de esta mujer se ha producido en un contexto diferente<\/strong>, las protestas contra las redadas que est\u00e1 llevando a cabo el ICE en Mine\u00e1polis, la mayor ciudad de Minnesota.<\/p>\n<p class=\"paragraph\" id=\"paragraph_34\">En ellas ha detenido ya a m\u00e1s de 1.000 migrantes, algunos de Ecuador, M\u00e9xico y El Salvador, incluyendo m\u00e1s de 150 el lunes, la mayor operaci\u00f3n migratoria en lo que va del a\u00f1o.<\/p>\n<p>                                    <script async src=\"https:\/\/platform.twitter.com\/widgets.js\" charset=\"utf-8\"><\/script><\/p>\n","protected":false},"excerpt":{"rendered":"Las claves nuevo Generado con IA Renee Nicole Good, poeta y madre de tres hijos, fue asesinada por&hellip;\n","protected":false},"author":2,"featured_media":330794,"comment_status":"","ping_status":"","sticky":false,"template":"","format":"standard","meta":{"footnotes":""},"categories":[5],"tags":[17,18,352,115,25,24,629,13,14,11,590,19,20,9,10,15,16,23,12,21,22,19972],"class_list":{"0":"post-330793","1":"post","2":"type-post","3":"status-publish","4":"format-standard","5":"has-post-thumbnail","7":"category-titulares","8":"tag-breaking-news","9":"tag-breakingnews","10":"tag-donald-trump","11":"tag-eeuu","12":"tag-es","13":"tag-espana","14":"tag-estados-unidos","15":"tag-featured-news","16":"tag-featurednews","17":"tag-headlines","18":"tag-inmigracion","19":"tag-latest-news","20":"tag-latestnews","21":"tag-news","22":"tag-noticias","23":"tag-noticias-destacadas","24":"tag-noticiasdestacadas","25":"tag-spain","26":"tag-titulares","27":"tag-ultimas-noticias","28":"tag-ultimasnoticias","29":"tag-violencia-policial"},"share_on_mastodon":{"url":"https:\/\/pubeurope.com\/@es\/115863489330257014","error":""},"_links":{"self":[{"href":"https:\/\/www.europesays.com\/es\/wp-json\/wp\/v2\/posts\/330793","targetHints":{"allow":["GET"]}}],"collection":[{"href":"https:\/\/www.europesays.com\/es\/wp-json\/wp\/v2\/posts"}],"about":[{"href":"https:\/\/www.europesays.com\/es\/wp-json\/wp\/v2\/types\/post"}],"author":[{"embeddable":true,"href":"https:\/\/www.europesays.com\/es\/wp-json\/wp\/v2\/users\/2"}],"replies":[{"embeddable":true,"href":"https:\/\/www.europesays.com\/es\/wp-json\/wp\/v2\/comments?post=330793"}],"version-history":[{"count":0,"href":"https:\/\/www.europesays.com\/es\/wp-json\/wp\/v2\/posts\/330793\/revisions"}],"wp:featuredmedia":[{"embeddable":true,"href":"https:\/\/www.europesays.com\/es\/wp-json\/wp\/v2\/media\/330794"}],"wp:attachment":[{"href":"https:\/\/www.europesays.com\/es\/wp-json\/wp\/v2\/media?parent=330793"}],"wp:term":[{"taxonomy":"category","embeddable":true,"href":"https:\/\/www.europesays.com\/es\/wp-json\/wp\/v2\/categories?post=330793"},{"taxonomy":"post_tag","embeddable":true,"href":"https:\/\/www.europesays.com\/es\/wp-json\/wp\/v2\/tags?post=330793"}],"curies":[{"name":"wp","href":"https:\/\/api.w.org\/{rel}","templated":true}]}}