{"id":330816,"date":"2026-01-09T05:46:15","date_gmt":"2026-01-09T05:46:15","guid":{"rendered":"https:\/\/www.europesays.com\/es\/330816\/"},"modified":"2026-01-09T05:46:15","modified_gmt":"2026-01-09T05:46:15","slug":"square-enix-music-comparte-este-cover-orquestal-de-final-fantasy-vii-remake-let-the-battles-begin","status":"publish","type":"post","link":"https:\/\/www.europesays.com\/es\/330816\/","title":{"rendered":"Square Enix Music comparte este cover orquestal de Final Fantasy VII Remake: \u00abLet the Battles Begin\u00bb"},"content":{"rendered":"<p>\u00a1Nos llegan novedades sobre <strong>Final<\/strong>\u00a0<strong>Fantasy VII Remake Intergrade, que llega el 22 de enero de 2026 a Nintendo Switch 2<\/strong>! Vuelve a llegarnos informaci\u00f3n tras el\u00a0<a href=\"https:\/\/www.nintenderos.com\/2024\/06\/rumor-filtrados-nuevos-detalles-de-final-fantasy-ix-remake\/\" rel=\"nofollow noopener\" target=\"_blank\">\u00faltimo set de detalles del remake de la novena entrega<\/a>, y esta vez traemos m\u00e1s novedades que interesar\u00e1n a los fans de\u00a0<strong>Final Fantasy<\/strong>. Nos llegan tras las \u00faltimas entregas de\u00a0<a href=\"https:\/\/www.nintenderos.com\/2024\/10\/el-creador-de-final-fantasy-siente-que-engano-a-nintendo-con-playstation-y-final-fantasy-vii\/\" rel=\"nofollow noopener\" target=\"_blank\">Final Fantasy VII<\/a>.<\/p>\n<p>En este caso, tras el\u00a0<a href=\"https:\/\/www.nintenderos.com\/nintendo-switch-2\/final-fantasy-vii-remake-intergrade-se-luce-en-este-gameplay-del-modo-portatil-de-nintendo-switch-2\/\" rel=\"nofollow noopener\" target=\"_blank\">gameplay en Switch 2<\/a>, as\u00ed como\u00a0<a href=\"https:\/\/www.nintenderos.com\/nintendo-switch-2\/square-enix-confirma-los-fps-oficiales-de-final-fantasy-vii-remake-intergrade-en-nintendo-switch-2\/\" rel=\"nofollow noopener\" target=\"_blank\">los FPS en esta consola<\/a>, parece que tenemos\u00a0m\u00e1s detalles del futuro de estre proyecto de Square Enix. Square Enix ha confirmado que la trilog\u00eda completa de Final Fantasy VII Remake\u00a0<a href=\"https:\/\/www.nintenderos.com\/nintendo-switch-2\/final-fantasy-vii-remake-intergrade-confirma-la-trilogia-completa-en-nintendo-switch-2-game-key-card-y-precio\/\" rel=\"nofollow noopener\" target=\"_blank\">llegar\u00e1<\/a>\u00a0a\u00a0Nintendo Switch 2. Tambi\u00e9n\u00a0<a href=\"https:\/\/www.nintenderos.com\/nintendo-switch-2\/final-fantasy-vii-remake-intergrade-confirma-la-trilogia-completa-en-nintendo-switch-2-game-key-card-y-precio\/\" rel=\"nofollow noopener\" target=\"_blank\">ofreci\u00f3<\/a>\u00a0el precio del primer remake junto a la confirmaci\u00f3n de que es game key card y ahora se ha lanzado\u00a0<a href=\"https:\/\/www.nintenderos.com\/nintendo-switch-2\/demo-de-final-fantasy-vii-remake-intergrade-ya-disponible-en-nintendo-switch-2-con-regalos\/\" rel=\"nofollow noopener\" target=\"_blank\">una demo gratis del juego<\/a>.<\/p>\n<p>Tras esta demo, ahora\u00a0<strong>Square Enix Music<\/strong>\u00a0ha publicado un nuevo v\u00eddeo musical. Abajo podemos escuchar\u00a0<strong>una versi\u00f3n orquestal de \u00abLet the Battles Begin\u00bb<\/strong>\u00a0de Final Fantasy VII Remake, compuesta por Nobuo Uematsu e interpretada aqu\u00ed por la Orquesta Filarm\u00f3nica de Tokio:<\/p>\n<p>Otros contenidos en esta categor\u00eda:<\/p>\n<p>\u00bfQu\u00e9 pens\u00e1is vosotros de estas novedades confirmadas? No dud\u00e9is en dejarlo en los comentarios. Para terminar, tambi\u00e9n pod\u00e9is encontrar\u00a0<a href=\"https:\/\/www.nintenderos.com\/?s=Final+Fantasy\" rel=\"nofollow noopener\" target=\"_blank\">nuestra cobertura completa sobre Final Fantasy aqu\u00ed<\/a>.<\/p>\n<p><a class=\"external\" href=\"https:\/\/gonintendo.com\/contents\/56497-square-enix-music-shares-a-final-fantasy-vii-remake-let-the-battles-begin-cover\" rel=\"nofollow noopener\" target=\"_blank\">V\u00eda<\/a>.<\/p>\n","protected":false},"excerpt":{"rendered":"\u00a1Nos llegan novedades sobre Final\u00a0Fantasy VII Remake Intergrade, que llega el 22 de enero de 2026 a Nintendo&hellip;\n","protected":false},"author":2,"featured_media":291000,"comment_status":"","ping_status":"","sticky":false,"template":"","format":"standard","meta":{"footnotes":""},"categories":[81],"tags":[119,123,124,25,24,27127,117,121,122,23,118,120],"class_list":{"0":"post-330816","1":"post","2":"type-post","3":"status-publish","4":"format-standard","5":"has-post-thumbnail","7":"category-ciencia-y-tecnologia","8":"tag-ciencia","9":"tag-ciencia-y-tecnologia","10":"tag-cienciaytecnologia","11":"tag-es","12":"tag-espana","13":"tag-final-fantasy-vii-remake","14":"tag-science","15":"tag-science-and-technology","16":"tag-scienceandtechnology","17":"tag-spain","18":"tag-technology","19":"tag-tecnologia"},"share_on_mastodon":{"url":"https:\/\/pubeurope.com\/@es\/115863564026157303","error":""},"_links":{"self":[{"href":"https:\/\/www.europesays.com\/es\/wp-json\/wp\/v2\/posts\/330816","targetHints":{"allow":["GET"]}}],"collection":[{"href":"https:\/\/www.europesays.com\/es\/wp-json\/wp\/v2\/posts"}],"about":[{"href":"https:\/\/www.europesays.com\/es\/wp-json\/wp\/v2\/types\/post"}],"author":[{"embeddable":true,"href":"https:\/\/www.europesays.com\/es\/wp-json\/wp\/v2\/users\/2"}],"replies":[{"embeddable":true,"href":"https:\/\/www.europesays.com\/es\/wp-json\/wp\/v2\/comments?post=330816"}],"version-history":[{"count":0,"href":"https:\/\/www.europesays.com\/es\/wp-json\/wp\/v2\/posts\/330816\/revisions"}],"wp:featuredmedia":[{"embeddable":true,"href":"https:\/\/www.europesays.com\/es\/wp-json\/wp\/v2\/media\/291000"}],"wp:attachment":[{"href":"https:\/\/www.europesays.com\/es\/wp-json\/wp\/v2\/media?parent=330816"}],"wp:term":[{"taxonomy":"category","embeddable":true,"href":"https:\/\/www.europesays.com\/es\/wp-json\/wp\/v2\/categories?post=330816"},{"taxonomy":"post_tag","embeddable":true,"href":"https:\/\/www.europesays.com\/es\/wp-json\/wp\/v2\/tags?post=330816"}],"curies":[{"name":"wp","href":"https:\/\/api.w.org\/{rel}","templated":true}]}}