{"id":330818,"date":"2026-01-09T05:48:19","date_gmt":"2026-01-09T05:48:19","guid":{"rendered":"https:\/\/www.europesays.com\/es\/330818\/"},"modified":"2026-01-09T05:48:19","modified_gmt":"2026-01-09T05:48:19","slug":"venezuela-la-libertad-de-prensa-es-urgente-para-garantizar-el-derecho-a-una-informacion-confiable-sobre-la-crisis","status":"publish","type":"post","link":"https:\/\/www.europesays.com\/es\/330818\/","title":{"rendered":"Venezuela: La libertad de prensa es urgente para garantizar el derecho a una informaci\u00f3n confiable sobre la crisis"},"content":{"rendered":"<p class=\"text-align-justify\" dir=\"ltr\">Tras a\u00f1os de represi\u00f3n y estricto control de la informaci\u00f3n bajo el gobierno de Nicol\u00e1s Maduro, las condiciones para el periodismo en Venezuela se han deteriorado a\u00fan m\u00e1s despu\u00e9s de la acci\u00f3n militar ilegal de Estados Unidos del 3 de enero y la consiguiente inestabilidad institucional. Los periodistas enfrentan ahora riesgos mayores e imprevisibles en un entorno cada vez m\u00e1s fragmentado, donde prevalece la arbitrariedad. La intimidaci\u00f3n, las amenazas directas, la revisi\u00f3n de tel\u00e9fonos y las eliminaciones forzadas de contenidos period\u00edsticos \u2014pr\u00e1cticas que se generalizaron despu\u00e9s de <a href=\"https:\/\/rsf.org\/es\/venezuela-nuevo-informe-de-rsf-y-organizaciones-aliadas-denuncia-el-miedo-la-intimidaci\u00f3n-y-la\" data-entity-type=\"external\" rel=\"nofollow noopener\" target=\"_blank\">las elecciones de 2024<\/a>\u2014 se ven ahora agravadas por nuevos peligros. Estas amenazas ya no provienen de una sola autoridad estatal identificable, sino de m\u00faltiples actores, lo que incrementa significativamente la inseguridad para los profesionales de los medios.<\/p>\n<p class=\"text-align-justify\" dir=\"ltr\">Seg\u00fan RSF, alrededor de 200 periodistas extranjeros se encuentran actualmente retenidos en C\u00facuta, Colombia, a la espera de autorizaci\u00f3n para ingresar a Venezuela. De acuerdo con periodistas colombianos que viven en C\u00facuta y que hablaron con RSF \u2014y prefieren permanecer en el anonimato por razones de seguridad\u2014, incluso quienes cuentan con permisos de trabajo v\u00e1lidos podr\u00edan no lograr cruzar la frontera, ya que el acceso depende en gran medida de la discrecionalidad de soldados individuales. Muchos de los que logran ingresar al pa\u00eds son posteriormente deportados.<\/p>\n<p class=\"text-align-justify\" dir=\"ltr\">Al mismo tiempo, el gobierno venezolano pr\u00e1cticamente no brinda informaci\u00f3n oficial, mientras que los medios independientes siguen gravemente debilitados por la presi\u00f3n pol\u00edtica, las dificultades econ\u00f3micas y el exilio. Esto ha creado un profundo vac\u00edo informativo. Las redes sociales est\u00e1n cada vez m\u00e1s inundadas de desinformaci\u00f3n y contenidos manipulados, gran parte de ellos generados mediante inteligencia artificial, incluidos videos fabricados de venezolanos celebrando el ataque estadounidense y\u00a0deepfakes que muestran a soldados estadounidenses junto a Maduro.<\/p>\n","protected":false},"excerpt":{"rendered":"Tras a\u00f1os de represi\u00f3n y estricto control de la informaci\u00f3n bajo el gobierno de Nicol\u00e1s Maduro, las condiciones&hellip;\n","protected":false},"author":2,"featured_media":330819,"comment_status":"","ping_status":"","sticky":false,"template":"","format":"standard","meta":{"footnotes":""},"categories":[42],"tags":[17,18,13,14,11,61,62,63,64,19,20,9,10,15,16,12,21,22,65,66,67],"class_list":{"0":"post-330818","1":"post","2":"type-post","3":"status-publish","4":"format-standard","5":"has-post-thumbnail","7":"category-internacional","8":"tag-breaking-news","9":"tag-breakingnews","10":"tag-featured-news","11":"tag-featurednews","12":"tag-headlines","13":"tag-internacional","14":"tag-international","15":"tag-international-news","16":"tag-internationalnews","17":"tag-latest-news","18":"tag-latestnews","19":"tag-news","20":"tag-noticias","21":"tag-noticias-destacadas","22":"tag-noticiasdestacadas","23":"tag-titulares","24":"tag-ultimas-noticias","25":"tag-ultimasnoticias","26":"tag-world","27":"tag-world-news","28":"tag-worldnews"},"share_on_mastodon":{"url":"https:\/\/pubeurope.com\/@es\/115863572624705818","error":""},"_links":{"self":[{"href":"https:\/\/www.europesays.com\/es\/wp-json\/wp\/v2\/posts\/330818","targetHints":{"allow":["GET"]}}],"collection":[{"href":"https:\/\/www.europesays.com\/es\/wp-json\/wp\/v2\/posts"}],"about":[{"href":"https:\/\/www.europesays.com\/es\/wp-json\/wp\/v2\/types\/post"}],"author":[{"embeddable":true,"href":"https:\/\/www.europesays.com\/es\/wp-json\/wp\/v2\/users\/2"}],"replies":[{"embeddable":true,"href":"https:\/\/www.europesays.com\/es\/wp-json\/wp\/v2\/comments?post=330818"}],"version-history":[{"count":0,"href":"https:\/\/www.europesays.com\/es\/wp-json\/wp\/v2\/posts\/330818\/revisions"}],"wp:featuredmedia":[{"embeddable":true,"href":"https:\/\/www.europesays.com\/es\/wp-json\/wp\/v2\/media\/330819"}],"wp:attachment":[{"href":"https:\/\/www.europesays.com\/es\/wp-json\/wp\/v2\/media?parent=330818"}],"wp:term":[{"taxonomy":"category","embeddable":true,"href":"https:\/\/www.europesays.com\/es\/wp-json\/wp\/v2\/categories?post=330818"},{"taxonomy":"post_tag","embeddable":true,"href":"https:\/\/www.europesays.com\/es\/wp-json\/wp\/v2\/tags?post=330818"}],"curies":[{"name":"wp","href":"https:\/\/api.w.org\/{rel}","templated":true}]}}