{"id":330823,"date":"2026-01-09T05:56:07","date_gmt":"2026-01-09T05:56:07","guid":{"rendered":"https:\/\/www.europesays.com\/es\/330823\/"},"modified":"2026-01-09T05:56:07","modified_gmt":"2026-01-09T05:56:07","slug":"asi-es-la-nueva-pinarello-dogma-f-del-equipo-pinarello-q36-5-pro-cycling-esmtb-com","status":"publish","type":"post","link":"https:\/\/www.europesays.com\/es\/330823\/","title":{"rendered":"As\u00ed es la nueva Pinarello Dogma F del equipo Pinarello Q36.5 Pro Cycling &#8211; ESMTB.com"},"content":{"rendered":"<ol>\n<li><a href=\"https:\/\/news.google.com\/rss\/articles\/CBMilgFBVV95cUxPSHlvMHVTaXRLS0dMb201a2M3RzhKdG8ydFNHRzkzRnFJREx3elRSUFp0aHVHaGZ0RG1iQlp6dFJOYnZ2RmV5czMzSDVzYk16N2pwdkpCTVRXUnQtSDZKS0p5YVdpRVF2RFU5dEtaekh1elNNSkJhVUZ0aGdvQTlCY3lGcWZETHRoUEJYOTVVQ2VlSXZ4R0E?oc=5\" target=\"_blank\" rel=\"nofollow noopener\">As\u00ed es la nueva Pinarello Dogma F del equipo Pinarello Q36.5 Pro Cycling<\/a>&nbsp;&nbsp;ESMTB.com<\/li>\n<li><a href=\"https:\/\/news.google.com\/rss\/articles\/CBMitgFBVV95cUxPcVNoRnZMNjRMYi1KVjJ0X0lsQmJnRnJuSTFrUnQ1TXRIR0RkRUJJQUFwbktDRjd5Rnpwa0oxcHFjN2Rndi1abzhuQ1BPOXRJWWs0UG9hWlZlaGZDTDJPVWV2Sm1KRmRZVHluSnVJdjhJT2ljUmpKTGhOLXdLODZKcUhrNFVrZHpUWmhQWVE5VHFBTFVvdE1xSnVQUjJJV3E1WTJCRXVtZmRlX2pqLURPbC1XT2dIUQ?oc=5\" target=\"_blank\" rel=\"nofollow noopener\">Pidcock presenta el nuevo kit 2026 del Pinarello-Q36.5: azul marino y dorado con sello italiano<\/a>&nbsp;&nbsp;Brujulabike.com<\/li>\n<li><a href=\"https:\/\/news.google.com\/rss\/articles\/CBMi6gFBVV95cUxNcWdJWHJwT0Z2SldvT01NTW1pWGRmdjN2ejhyQzhaVl9PRERraVRhWm9mdXcxR2RKaUo4aDdic3A1T2wyLXlHNnhrTEZjM0gtN3NwU0hGNHhOcUtnb3l5ZXc0ZDh2dDg4dFd5WjhyOGxjejFYQUNMTE5BYV9aNEVoOTFJaE8xSFkwZ24ySVRyeTRjXzFrUUVFemt4SU9hbjE4MlhQa0ZQaDdqcXlvek41V3NJbVpMRHRLQ1AycHhYTWxXX0FxY1Nuel9DbUZWQ3Zvc3JLZk9QbGY3SnpibTFpXzE5WlpuSHB1ZFHSAfcBQVVfeXFMUEZ5VHIwbnV6TEpsdnBLUk9OYVVMLUEzemVUV19rZjNPRlRlRUlVRDJEQVlkX1o1VG9IclpTVXU2cW1sSDJFMUhXak1IampGLUltMy1UdU9QZFUxR1hkNm1LaVZhX09CeGk4TzdPejJuSk1GUFk0UENnajlDSDlpalFDSkRCV0tRZVRYbl80Tm51RUlWQVZGaU1WbWk5bUp3Wm1fbHFZMkN2aHZEbGMyWUZFdjFXWjA4Y3o2Ul9vSi1xQVNSTUw5VzFaeFU5WFRHdUxCaUp3ejhFemg3QnE5dG9JNEg3ZTQ3Smt1S0pKNUd0OVJsN05Zaw?oc=5\" target=\"_blank\" rel=\"nofollow noopener\">Desvelada la espectacular Dogma F del Pinarello Q36.5 Pro Cycling Team de Tom Pidcock, con r\u00e9plica a la venta<\/a>&nbsp;&nbsp;Mundo Deportivo<\/li>\n<li><a href=\"https:\/\/news.google.com\/rss\/articles\/CBMiwAFBVV95cUxNZlc2dk5pdDhxRmdwYmJRSHpWZlg4TE5QSUU4UXk1dW5WaHhneFA5RTZpMi1ZVXhNMGhFeDdybUtYYVAyUVpCc1hZbnZPR1lGWTRxcHc3UW01STZWN1JGSVJ4eVc1OGFyNTl4NXZ1SUp5ejI2WWZwX2xaX1pYaDZTM2V2OTlDVHpObnJUR2t5UWxhRzltVk00TGtDWVhwODFPeUNkdEVsdGhkeUV4RWh4cnN6bC02dzFLWTQtdzVGMnQ?oc=5\" target=\"_blank\" rel=\"nofollow noopener\">Pinarello Dogma F 2026: Ingenier\u00eda Aerodin\u00e1mica &#8211; An\u00e1lisis T\u00e9cnico<\/a>&nbsp;&nbsp;Bikezona.com<\/li>\n<li><a href=\"https:\/\/news.google.com\/rss\/articles\/CBMinwFBVV95cUxOU0ZWQkxlVlROTWNJN3FtTmpMazVxT1pHcGRjVEtLZmVFbjRjNUxMenNvaUVNNmN6dUtJYXVLZVhrNGI1cW5FSm5fSXdMNlMwdzlBMXdRWVN5bzhwYktyRHVMTGxBbkszS2tJVHMzOXdsZnRsbDlSU0lwWjJtZ3FBcVBsUGV3WHBBQ0RnSy1uekVhLWItSEVkLWU2MXRBNHc?oc=5\" target=\"_blank\" rel=\"nofollow noopener\">Pinarello-Q36.5 Pro Cycling Team presenta su nueva imagen con Pidcock al frente<\/a>&nbsp;&nbsp;ESMTB.com<\/li>\n<\/ol>\n","protected":false},"excerpt":{"rendered":"As\u00ed es la nueva Pinarello Dogma F del equipo Pinarello Q36.5 Pro Cycling&nbsp;&nbsp;ESMTB.com Pidcock presenta el nuevo kit&hellip;\n","protected":false},"author":2,"featured_media":330824,"comment_status":"","ping_status":"","sticky":false,"template":"","format":"standard","meta":{"footnotes":""},"categories":[273],"tags":[37669,313,312,168,25,24,48689,33988,23,167],"class_list":{"0":"post-330823","1":"post","2":"type-post","3":"status-publish","4":"format-standard","5":"has-post-thumbnail","7":"category-ciclismo","8":"tag-bicis-pro","9":"tag-ciclismo","10":"tag-cycling","11":"tag-deportes","12":"tag-es","13":"tag-espana","14":"tag-pinarello","15":"tag-road","16":"tag-spain","17":"tag-sports"},"share_on_mastodon":{"url":"https:\/\/pubeurope.com\/@es\/115863603313725733","error":""},"_links":{"self":[{"href":"https:\/\/www.europesays.com\/es\/wp-json\/wp\/v2\/posts\/330823","targetHints":{"allow":["GET"]}}],"collection":[{"href":"https:\/\/www.europesays.com\/es\/wp-json\/wp\/v2\/posts"}],"about":[{"href":"https:\/\/www.europesays.com\/es\/wp-json\/wp\/v2\/types\/post"}],"author":[{"embeddable":true,"href":"https:\/\/www.europesays.com\/es\/wp-json\/wp\/v2\/users\/2"}],"replies":[{"embeddable":true,"href":"https:\/\/www.europesays.com\/es\/wp-json\/wp\/v2\/comments?post=330823"}],"version-history":[{"count":0,"href":"https:\/\/www.europesays.com\/es\/wp-json\/wp\/v2\/posts\/330823\/revisions"}],"wp:featuredmedia":[{"embeddable":true,"href":"https:\/\/www.europesays.com\/es\/wp-json\/wp\/v2\/media\/330824"}],"wp:attachment":[{"href":"https:\/\/www.europesays.com\/es\/wp-json\/wp\/v2\/media?parent=330823"}],"wp:term":[{"taxonomy":"category","embeddable":true,"href":"https:\/\/www.europesays.com\/es\/wp-json\/wp\/v2\/categories?post=330823"},{"taxonomy":"post_tag","embeddable":true,"href":"https:\/\/www.europesays.com\/es\/wp-json\/wp\/v2\/tags?post=330823"}],"curies":[{"name":"wp","href":"https:\/\/api.w.org\/{rel}","templated":true}]}}