{"id":330856,"date":"2026-01-09T06:19:07","date_gmt":"2026-01-09T06:19:07","guid":{"rendered":"https:\/\/www.europesays.com\/es\/330856\/"},"modified":"2026-01-09T06:19:07","modified_gmt":"2026-01-09T06:19:07","slug":"felipe-orts-busca-su-8o-titulo-y-lucia-gonzalez-el-7o","status":"publish","type":"post","link":"https:\/\/www.europesays.com\/es\/330856\/","title":{"rendered":"Felipe Orts busca su 8\u00ba t\u00edtulo y Luc\u00eda Gonz\u00e1lez el 7\u00ba"},"content":{"rendered":"<p>El municipio conquense de Taranc\u00f3n acoge este fin de semana el <strong>Campeonato de Espa\u00f1a de Ciclocross 2026<\/strong>, una de las grandes citas del calendario nacional. Del 9 al 11 de enero, m\u00e1s de 700 corredores se dar\u00e1n cita en el circuito de la Ermita de la Virgen de Ri\u00e1nsares, escenario de un Nacional que llega cargado de alicientes deportivos y con varios nombres propios llamados a marcar el devenir del campeonato.<\/p>\n<p>El trazado de Taranc\u00f3n, con 3.000 metros de longitud, se sit\u00faa en la pradera que rodea la Ermita de la Virgen de Ri\u00e1nsares, patrona de la localidad. Aunque de historia reciente, <strong>el circuito se ha consolidado como uno de los referentes del ciclocross nacional<\/strong> gracias a un dise\u00f1o completo y exigente, con pasos elevados, laderas, obst\u00e1culos artificiales, arenero y un montaje muy cuidado, fruto del trabajo del Club Training Zone Taranc\u00f3n, el Ayuntamiento y el respaldo de las instituciones provinciales y auton\u00f3micas.<\/p>\n<p>Felipe Orts, a por un octavo entorchado hist\u00f3rico<\/p>\n<p>El gran foco estar\u00e1 puesto, una vez m\u00e1s, en <strong>Felipe Orts.<\/strong> El alicantino llega a Taranc\u00f3n tras firmar una temporada internacional de alto nivel y con la opci\u00f3n de sumar su octavo t\u00edtulo nacional \u00e9lite, lo que le permitir\u00eda agrandar a\u00fan m\u00e1s su palmar\u00e9s en el Campeonato de Espa\u00f1a.<\/p>\n<p><img class=\" lazyload\" border=\"0\" alt=\"Campeonato de Espa\u00f1a de Ciclocross 2026: Felipe Orts busca su 8\u00ba t\u00edtulo y Luc\u00eda Gonz\u00e1lez el 7\u00ba\" width=\"855\" height=\"481\"  data-\/><\/p>\n<p>No lo tendr\u00e1 sencillo. En la l\u00ednea de salida estar\u00e1n <strong>Kevin Su\u00e1rez<\/strong>, vencedor el pasado a\u00f1o en Taranc\u00f3n; <strong>Jofre Cullell<\/strong>, segundo en el \u00faltimo Nacional disputado en As Pontes; <strong>Mario Junquera<\/strong>, tercero en 2025; y <strong>Gonzalo Inguanzo<\/strong>, que llega como ganador de la Copa de Espa\u00f1a tras una temporada muy s\u00f3lida.<\/p>\n<p>Duelo femenino: Luc\u00eda Gonz\u00e1lez contra la historia<\/p>\n<p>En la prueba femenina, uno de los grandes alicientes ser\u00e1 <strong>el intento de Luc\u00eda Gonz\u00e1lez por igualar el r\u00e9cord hist\u00f3rico de siete t\u00edtulos nacionales que ostenta Aida Nu\u00f1o<\/strong>. La asturiana, seis veces campeona de Espa\u00f1a y vencedora en Taranc\u00f3n el pasado a\u00f1o, llega tras una temporada complicada en la que no ha podido tener continuidad por motivos de salud.<\/p>\n<p><img class=\" lazyload\" border=\"0\" alt=\"Campeonato de Espa\u00f1a de Ciclocross 2026: Felipe Orts busca su 8\u00ba t\u00edtulo y Luc\u00eda Gonz\u00e1lez el 7\u00ba\" width=\"2976\" height=\"1742\"  data-\/><\/p>\n<p><strong>Su principal rival volver\u00e1 a ser su compa\u00f1era de equipo y vigente campeona, Sof\u00eda Rodr\u00edguez<\/strong>, en un nuevo duelo interno del Nesta. A ellas se suman corredoras como<strong> Sara Cueto<\/strong>, tercera en As Pontes, o <strong>Alicia Gonz\u00e1lez<\/strong>, en una carrera que se presenta muy abierta.<\/p>\n<p>Categor\u00edas sub23: talento joven y nombres a seguir<\/p>\n<p>En la categor\u00eda sub23 masculina, <strong>Ra\u00fal Mira parte como principal favorito<\/strong>, con opositores claros como <strong>Unax Gal\u00e1n, David Ivars o el madrile\u00f1o Emilio Reinoso<\/strong>.<\/p>\n<p>Entre las f\u00e9minas sub23, destaca el debut en la categor\u00eda de <strong>Lorena Pati\u00f1o<\/strong>, campeona de Espa\u00f1a j\u00fanior en 2025, que se medir\u00e1 a la actual campeona <strong>Marta Beti o a Ana L\u00f3pez,<\/strong> ganadora en Taranc\u00f3n el pasado a\u00f1o cuando a\u00fan era j\u00fanior. Tambi\u00e9n destaca la presencia de<strong> Paula Blasi,<\/strong> campeona de Europa sub23 de carretera y bronce mundialista, adem\u00e1s de corredoras como <strong>Irati Aranguren o Marta Cano<\/strong>, campeona de Catalu\u00f1a este invierno.<\/p>\n<p>Benjam\u00edn Noval, gran referencia en j\u00fanior masculino<\/p>\n<p>En la categor\u00eda j\u00fanior masculina, todas las miradas estar\u00e1n puestas en <strong>Benjam\u00edn Noval<\/strong>, campe\u00f3n en As Pontes y una de las grandes sensaciones del ciclismo nacional. El asturiano se enfrentar\u00e1 a una generaci\u00f3n muy competitiva, con nombres como <strong>Mart\u00edn Fern\u00e1ndez<\/strong>, ganador de la Copa de Espa\u00f1a, o<strong> Ra\u00fal L\u00f3pez<\/strong>, reciente vencedor en Amberes (B\u00e9lgica).<\/p>\n<p>En j\u00fanior femenino,<strong> Aitana Guti\u00e9rrez<\/strong>, dominadora de la Copa de Espa\u00f1a, parte como referencia, aunque deber\u00e1 vigilar a <strong>Carla Ba\u00f1uls, Mirari Gotxi, Alejandra Neira o Lidia Castro<\/strong>, todas ellas con victorias esta temporada.<\/p>\n<p>M\u00e1ster y Team Relay<\/p>\n<p>Las categor\u00edas m\u00e1ster superar\u00e1n los 300 participantes, con la presencia de corredores de gran prestigio como los actuales campeones del mundo Ruth Moll e Isaac Su\u00e1rez, adem\u00e1s de habituales como Felisa Ares, Jordi Re\u00f1\u00e9, Deborah S\u00e1nchez, Miguel Llaneza, Gerard Moya, I\u00f1aki Carro, Aitor Zabaleta o Jos\u00e9 Juli\u00e1n Balaguer.<\/p>\n<p>El campeonato se abrir\u00e1 el viernes con la prueba de Team Relay, que dar\u00e1 el pistoletazo de salida oficial al evento.<\/p>\n<p>Las carreras del s\u00e1bado y domingo podr\u00e1n seguirse en Sportpublic TV, mientras que <strong>RTVE Play ofrecer\u00e1 en directo las pruebas \u00e9lite.<\/strong><\/p>\n<p><strong>Viernes 9 de enero<\/strong><\/p>\n<ul>&#13;<\/p>\n<li>15:45 h \u2014 Relevos por equipos (Team Relay)<\/li>\n<p>&#13;\n<\/ul>\n<p><strong>S\u00e1bado 10 de enero<\/strong><\/p>\n<ul>&#13;<\/p>\n<li>09:00 h \u2014 M\u00e1ster 30 masculino<\/li>\n<p>&#13;<\/p>\n<li>10:00 h \u2014 M\u00e1ster 40 masculino<\/li>\n<p>&#13;<\/p>\n<li>11:20 h \u2014 M\u00e1ster 50 y 60 masculino<\/li>\n<p>&#13;<\/p>\n<li>12:30 h \u2014 Cadete femenino &amp; M\u00e1ster femenino<\/li>\n<p>&#13;<\/p>\n<li>13:50 h \u2014 Cadete masculino<\/li>\n<p>&#13;<\/p>\n<li>14:45 h \u2014 Sub23 masculino<\/li>\n<p>&#13;\n<\/ul>\n<p><strong>Domingo 11 de enero<\/strong><\/p>\n<ul>&#13;<\/p>\n<li>09:00 h \u2014 J\u00fanior femenino<\/li>\n<p>&#13;<\/p>\n<li>10:20 h \u2014 J\u00fanior masculino<\/li>\n<p>&#13;<\/p>\n<li>11:30 h \u2014 \u00c9lite\/Sub23 femenino<\/li>\n<p>&#13;<\/p>\n<li>12:45 h \u2014 \u00c9lite masculino<\/li>\n<p>&#13;\n<\/ul>\n","protected":false},"excerpt":{"rendered":"El municipio conquense de Taranc\u00f3n acoge este fin de semana el Campeonato de Espa\u00f1a de Ciclocross 2026, una&hellip;\n","protected":false},"author":2,"featured_media":330857,"comment_status":"","ping_status":"","sticky":false,"template":"","format":"standard","meta":{"footnotes":""},"categories":[273],"tags":[313,312,168,25,24,23,167],"class_list":{"0":"post-330856","1":"post","2":"type-post","3":"status-publish","4":"format-standard","5":"has-post-thumbnail","7":"category-ciclismo","8":"tag-ciclismo","9":"tag-cycling","10":"tag-deportes","11":"tag-es","12":"tag-espana","13":"tag-spain","14":"tag-sports"},"share_on_mastodon":{"url":"https:\/\/pubeurope.com\/@es\/115863693715389383","error":""},"_links":{"self":[{"href":"https:\/\/www.europesays.com\/es\/wp-json\/wp\/v2\/posts\/330856","targetHints":{"allow":["GET"]}}],"collection":[{"href":"https:\/\/www.europesays.com\/es\/wp-json\/wp\/v2\/posts"}],"about":[{"href":"https:\/\/www.europesays.com\/es\/wp-json\/wp\/v2\/types\/post"}],"author":[{"embeddable":true,"href":"https:\/\/www.europesays.com\/es\/wp-json\/wp\/v2\/users\/2"}],"replies":[{"embeddable":true,"href":"https:\/\/www.europesays.com\/es\/wp-json\/wp\/v2\/comments?post=330856"}],"version-history":[{"count":0,"href":"https:\/\/www.europesays.com\/es\/wp-json\/wp\/v2\/posts\/330856\/revisions"}],"wp:featuredmedia":[{"embeddable":true,"href":"https:\/\/www.europesays.com\/es\/wp-json\/wp\/v2\/media\/330857"}],"wp:attachment":[{"href":"https:\/\/www.europesays.com\/es\/wp-json\/wp\/v2\/media?parent=330856"}],"wp:term":[{"taxonomy":"category","embeddable":true,"href":"https:\/\/www.europesays.com\/es\/wp-json\/wp\/v2\/categories?post=330856"},{"taxonomy":"post_tag","embeddable":true,"href":"https:\/\/www.europesays.com\/es\/wp-json\/wp\/v2\/tags?post=330856"}],"curies":[{"name":"wp","href":"https:\/\/api.w.org\/{rel}","templated":true}]}}