{"id":330860,"date":"2026-01-09T06:22:09","date_gmt":"2026-01-09T06:22:09","guid":{"rendered":"https:\/\/www.europesays.com\/es\/330860\/"},"modified":"2026-01-09T06:22:09","modified_gmt":"2026-01-09T06:22:09","slug":"viaja-manana-y-las-sensaciones-son-buenas","status":"publish","type":"post","link":"https:\/\/www.europesays.com\/es\/330860\/","title":{"rendered":"Viaja ma\u00f1ana y las sensaciones son buenas"},"content":{"rendered":"<p><a href=\"https:\/\/okdiario.com\/diariomadridista\/real-madrid\/mensaje-animo-mbappe-sus-companeros-antes-supercopa-confio-1000-vamos-triunfar-592931\" target=\"_blank\" rel=\"noopener noreferrer nofollow\"><strong>Kylian Mbapp\u00e9<\/strong><\/a> estar\u00e1 en la final de la Supercopa 2025. El jugador del <strong>Real Madrid<\/strong> viajar\u00e1 este viernes a Arabia Saud\u00ed, donde el conjunto blanco se medir\u00e1 al <a href=\"https:\/\/okdiario.com\/diariomadridista\/real-madrid\/habra-clasico-final-supercopa-espana-real-madrid-barcelona-citan-arabia-saudi-593775\" target=\"_blank\" rel=\"noopener noreferrer nofollow\">Barcelona<\/a> el domingo en el partido por el t\u00edtulo. Un Cl\u00e1sico en el que estar\u00e1 el mejor jugador del mundo, como ha confirmado <strong>Xabi Alonso<\/strong> al t\u00e9rmino del derbi de semifinales. \u00ab<strong>Kylian viaja ma\u00f1ana<\/strong>\u00bb, ha comenzado diciendo, para despu\u00e9s especificar el estado de forma en el que est\u00e1 y las posibilidades que tiene de participar en el partido: \u00ab<strong>Est\u00e1 mucho mejor. Ha entrenado y las sensaciones son buenas.<\/strong> Tiene las mismas opciones de jugar la final que el resto\u00bb.<\/p>\n<p>El Real Madrid tendr\u00e1 a su estrella a su disposici\u00f3n. Despu\u00e9s de que los blancos accedieran a la final de la Supercopa de Espa\u00f1a, tras ganar el derbi ante el Atl\u00e9tico por 1-2. A falta de Mbapp\u00e9, fue <strong>Valverde<\/strong> el encargado de resolver el partido, junto con un Courtois que estuvo otra vez sobresaliente. El uruguayo marc\u00f3 de falta directa en el minuto 2, mientras que asisti\u00f3 a <strong>Rodrygo<\/strong> en la segunda mitad para hacer el 0-2. Luego toc\u00f3 sufrir, tras el gol de <strong>Sorloth<\/strong> instantes despu\u00e9s.<\/p>\n<p>Una vez que se ha confirmado el pase de los blancos a la final del domingo, <strong>Kylian Mabpp\u00e9<\/strong> viajar\u00e1 a Yeda para unirse al resto de sus compa\u00f1eros y concentrarse de cara a esa final en la que puede jugar. El t\u00e9cnico del conjunto blanco ya hab\u00eda se\u00f1alado que el franc\u00e9s estaba \u00fanicamente descartado para las semifinales, dejando entrever que viajar\u00eda en caso de clasificarse para la final.<\/p>\n<p>Tras ganar al Atl\u00e9tico, Alonso ha confirmado la presencia de Mbapp\u00e9 en la final de la Supercopa. El galo viajar\u00e1 el viernes a la ciudad de <strong>Arabia Saud\u00ed,<\/strong> donde le esperan sus compa\u00f1eros de cara al Cl\u00e1sico del domingo, donde el Real Madrid buscar\u00e1 su primer t\u00edtulo del curso. Lo har\u00e1n con un <strong>Kylian Mbapp\u00e9<\/strong> que le ha marcado a los cul\u00e9s seis goles en cinco partidos con la camiseta blanca, a los que se suman otros seis en cuatro encuentros con la el\u00e1stica del PSG.<\/p>\n","protected":false},"excerpt":{"rendered":"Kylian Mbapp\u00e9 estar\u00e1 en la final de la Supercopa 2025. El jugador del Real Madrid viajar\u00e1 este viernes&hellip;\n","protected":false},"author":2,"featured_media":330861,"comment_status":"","ping_status":"","sticky":false,"template":"","format":"standard","meta":{"footnotes":""},"categories":[268],"tags":[168,25,24,280,282,281,23,167],"class_list":{"0":"post-330860","1":"post","2":"type-post","3":"status-publish","4":"format-standard","5":"has-post-thumbnail","7":"category-futbol","8":"tag-deportes","9":"tag-es","10":"tag-espana","11":"tag-football","12":"tag-futbol","13":"tag-soccer","14":"tag-spain","15":"tag-sports"},"share_on_mastodon":{"url":"https:\/\/pubeurope.com\/@es\/115863705581259033","error":""},"_links":{"self":[{"href":"https:\/\/www.europesays.com\/es\/wp-json\/wp\/v2\/posts\/330860","targetHints":{"allow":["GET"]}}],"collection":[{"href":"https:\/\/www.europesays.com\/es\/wp-json\/wp\/v2\/posts"}],"about":[{"href":"https:\/\/www.europesays.com\/es\/wp-json\/wp\/v2\/types\/post"}],"author":[{"embeddable":true,"href":"https:\/\/www.europesays.com\/es\/wp-json\/wp\/v2\/users\/2"}],"replies":[{"embeddable":true,"href":"https:\/\/www.europesays.com\/es\/wp-json\/wp\/v2\/comments?post=330860"}],"version-history":[{"count":0,"href":"https:\/\/www.europesays.com\/es\/wp-json\/wp\/v2\/posts\/330860\/revisions"}],"wp:featuredmedia":[{"embeddable":true,"href":"https:\/\/www.europesays.com\/es\/wp-json\/wp\/v2\/media\/330861"}],"wp:attachment":[{"href":"https:\/\/www.europesays.com\/es\/wp-json\/wp\/v2\/media?parent=330860"}],"wp:term":[{"taxonomy":"category","embeddable":true,"href":"https:\/\/www.europesays.com\/es\/wp-json\/wp\/v2\/categories?post=330860"},{"taxonomy":"post_tag","embeddable":true,"href":"https:\/\/www.europesays.com\/es\/wp-json\/wp\/v2\/tags?post=330860"}],"curies":[{"name":"wp","href":"https:\/\/api.w.org\/{rel}","templated":true}]}}