{"id":330884,"date":"2026-01-09T06:36:32","date_gmt":"2026-01-09T06:36:32","guid":{"rendered":"https:\/\/www.europesays.com\/es\/330884\/"},"modified":"2026-01-09T06:36:32","modified_gmt":"2026-01-09T06:36:32","slug":"los-medicos-preparan-nuevas-movilizaciones-mas-intensas-para-febrero-y-amenazan-al-ministerio-con-una-huelga-indefinida","status":"publish","type":"post","link":"https:\/\/www.europesays.com\/es\/330884\/","title":{"rendered":"Los m\u00e9dicos preparan nuevas movilizaciones \u00abm\u00e1s intensas\u00bb para febrero y amenazan al ministerio con una huelga indefinida"},"content":{"rendered":"<p class=\"c-paragraph\">Los m\u00e9dicos volver\u00e1n a manifestarse en febrero, en <b>nuevas jornadas de movilizaciones que ser\u00e1n \u00abmucho m\u00e1s intensas\u00bb y en las que no descartan la huelga indefinida<\/b>, seg\u00fan ha avanzado este jueves el comit\u00e9 de huelga, conformado por la Confederaci\u00f3n Estatal de Sindicatos M\u00e9dicos (CESM) y el Sindicato M\u00e9dico Andaluz (SMA), y al que esta semana se han adherido otras cuatro organizaciones: Metges de Catalunya, Amyts, O\u2019MEGA y el Sindicato M\u00e9dico de Euskadi.\u00a0<\/p>\n<p class=\"c-paragraph\">Un nuevo periodo de protestas que arranca con la entrada de 2026 y en <b>rechazo del borrador del Estatuto Marco<\/b> que prepara el <a href=\"https:\/\/www.20minutos.es\/tags\/temas\/ministerio-de-sanidad.html\" title=\"Ministerio de Sanidad\" rel=\"nofollow noopener\" target=\"_blank\">Ministerio de Sanidad <\/a>y que ya el a\u00f1o pasado ocasion\u00f3 varios paros en toda Espa\u00f1a. Los seis sindicatos han escenificado esa \u00abuni\u00f3n sindical\u00bb en una rueda de prensa en la que ya han avanzado que, aunque todav\u00eda no han cerrado el calendario de movilizaciones, las estrategias que seguir\u00e1n a partir de ahora van a ser<b>\u00a0\u00abde m\u00e1ximo nivel confrontativo\u00bb<\/b>, barajando la posibilidad de convocar <b>una huelga indefinida.\u00a0<\/b><\/p>\n<p class=\"c-paragraph\">\u00abLa situaci\u00f3n ha entrado en una din\u00e1mica que ha obligado al comit\u00e9 de huelga a unificarlo al resto de sindicatos m\u00e9dicos con representatividad en las cuatro comunidades aut\u00f3nomas donde no ten\u00edamos representados\u00bb, ha subrayado V\u00edctor Pedrera, secretario general de CESM, quien ha recordado que<a href=\"https:\/\/www.20minutos.es\/nacional\/comite-huelga-abandona-reunion-con-sanidad-tras-rechazar-preacuerdo-alcanzado-lunes-con-los-sindicatos_6911911_0.html\" title=\"El comit\u00e9 de huelga abandona la reuni\u00f3n con Sanidad tras rechazar el preacuerdo alcanzado el lunes con los sindicatos\" rel=\"nofollow noopener\" target=\"_blank\"> el pasado 17 de diciembre se rompi\u00f3 \u00abunilateralmente\u00bb el di\u00e1logo con el Ministerio de Sanidad<\/a>, que d\u00edas antes hab\u00eda llegado a un acuerdo ajeno a ellos con los otros sindicatos sanitarios y en el cual no se recog\u00eda ninguna de las reivindicaciones del colectivo m\u00e9dico, como <b>la creaci\u00f3n de un estatuto propio.\u00a0<\/b>\u00abEl ministerio se est\u00e1 reuniendo ahora con los sindicatos generalistas y decidiendo las condiciones laborales que afectan al colectivo m\u00e9dico.\u00a0<b>Nosotros ah\u00ed no estamos representados\u00bb<\/b>, ha denunciado, en referencia al \u00c1mbito de Negociaci\u00f3n en el que constan SATSE-FSES, FSS-CCOO, UGT, CSIF y CIG-Sa\u00fade.<\/p>\n<p class=\"c-paragraph\">Por su parte, el presidente del Sindicato M\u00e9dico Andaluz,\u00a0<b><b>Rafael Ojeda<\/b><\/b>, ha celebrado su \u00abenorme satisfacci\u00f3n\u00bb por la unidad de la profesi\u00f3n m\u00e9dica que, a su juicio, \u00abescenifica la gravedad del reto al que nos enfrentamos\u00bb. Un desaf\u00edo que, seg\u00fan ha aseverado, implica al Gobierno en su conjunto y a todos los partidos pol\u00edticos, a quienes ha apelado para que abandonen un \u00abenfrentamiento partidista\u00bb que \u00abno soluciona nada\u00bb.\u00a0<\/p>\n<p class=\"c-paragraph\">Seg\u00fan ha explicado Pedrera, de CESM, el acto de este jueves ten\u00eda dos objetivos: por un lado, mostrar la uni\u00f3n de los sindicatos m\u00e9dicos de todo el pa\u00eds en este asunto; y, por otro, consensuar las medidas de protesta que adoptar\u00e1n a partir de ahora y que, seg\u00fan ha asegurado,<b><b>\u00a0\u00abn<\/b><\/b><b><b>o terminar\u00e1n hasta que el ministerio recapacite\u00bb.\u00a0<\/b><\/b>\u00a0\u00abHemos comprobado que con cuatro d\u00edas consecutivos de huelga no es suficiente para el Ministerio de Sanidad\u00bb, ha a\u00f1adido.<\/p>\n<p class=\"c-paragraph\">Presionar\u00e1n tambi\u00e9n<b> a los gobiernos auton\u00f3micos,<\/b> que son quienes tienen las competencias para regular determinadas condiciones laborales, como el fin de las guardias de 24 horas. \u00abNo hay ni uno que no lo pueda eliminar\u00bb, ha sentenciado\u00a0Xavier Lleonart, presidente de Metges de Catalunya.<\/p>\n<p class=\"c-paragraph\">La huelga indefinida est\u00e1 tambi\u00e9n encima de la mesa. \u00abNo descartamos ning\u00fan tipo de medida\u00bb, ha reiterado Lleonart, antes de contar que tambi\u00e9n se est\u00e1 estudiando la viabilidad que tendr\u00eda presentar una\u00a0<b><b>Iniciativa Legislativa Popular (ILP)<\/b><\/b>\u00a0con sus demandas. \u00abSe ha hablado de huelga indefinida, evidentemente, pero no podemos concretar cu\u00e1ndo se empieza y cu\u00e1ndo se acaba, porque tenemos que acabar de coordinarlo\u00bb, ha explicado.\u00a0<\/p>\n<p class=\"c-paragraph\">En cualquier caso, las medidas que acuerden de forma coordinada entre todos los sindicatos m\u00e9dicos ir\u00e1n aparte de las actuaciones que ya estaban previstas para inicios de a\u00f1o. Los sindicatos m\u00e9dicos de Madrid, Catalu\u00f1a, Pa\u00eds Vasco y Galicia convocaron una\u00a0<b>huelga para los pr\u00f3ximos 14 y el 15 de enero a la que, <\/b>aunque s\u00ed que han mostrado su apoyo, no se van a unir. \u00abEl objetivo es convocar acciones conjuntas a futuro\u00bb, ha abundado Pedrera.<\/p>\n","protected":false},"excerpt":{"rendered":"Los m\u00e9dicos volver\u00e1n a manifestarse en febrero, en nuevas jornadas de movilizaciones que ser\u00e1n \u00abmucho m\u00e1s intensas\u00bb y&hellip;\n","protected":false},"author":2,"featured_media":330885,"comment_status":"","ping_status":"","sticky":false,"template":"","format":"standard","meta":{"footnotes":""},"categories":[5],"tags":[17,18,25,24,13,14,11,19,20,4417,6016,50323,9,10,15,16,2860,10352,23,12,21,22],"class_list":{"0":"post-330884","1":"post","2":"type-post","3":"status-publish","4":"format-standard","5":"has-post-thumbnail","7":"category-titulares","8":"tag-breaking-news","9":"tag-breakingnews","10":"tag-es","11":"tag-espana","12":"tag-featured-news","13":"tag-featurednews","14":"tag-headlines","15":"tag-latest-news","16":"tag-latestnews","17":"tag-los","18":"tag-medicos","19":"tag-movilizaciones","20":"tag-news","21":"tag-noticias","22":"tag-noticias-destacadas","23":"tag-noticiasdestacadas","24":"tag-nuevas","25":"tag-preparan","26":"tag-spain","27":"tag-titulares","28":"tag-ultimas-noticias","29":"tag-ultimasnoticias"},"share_on_mastodon":{"url":"https:\/\/pubeurope.com\/@es\/115863760553911449","error":""},"_links":{"self":[{"href":"https:\/\/www.europesays.com\/es\/wp-json\/wp\/v2\/posts\/330884","targetHints":{"allow":["GET"]}}],"collection":[{"href":"https:\/\/www.europesays.com\/es\/wp-json\/wp\/v2\/posts"}],"about":[{"href":"https:\/\/www.europesays.com\/es\/wp-json\/wp\/v2\/types\/post"}],"author":[{"embeddable":true,"href":"https:\/\/www.europesays.com\/es\/wp-json\/wp\/v2\/users\/2"}],"replies":[{"embeddable":true,"href":"https:\/\/www.europesays.com\/es\/wp-json\/wp\/v2\/comments?post=330884"}],"version-history":[{"count":0,"href":"https:\/\/www.europesays.com\/es\/wp-json\/wp\/v2\/posts\/330884\/revisions"}],"wp:featuredmedia":[{"embeddable":true,"href":"https:\/\/www.europesays.com\/es\/wp-json\/wp\/v2\/media\/330885"}],"wp:attachment":[{"href":"https:\/\/www.europesays.com\/es\/wp-json\/wp\/v2\/media?parent=330884"}],"wp:term":[{"taxonomy":"category","embeddable":true,"href":"https:\/\/www.europesays.com\/es\/wp-json\/wp\/v2\/categories?post=330884"},{"taxonomy":"post_tag","embeddable":true,"href":"https:\/\/www.europesays.com\/es\/wp-json\/wp\/v2\/tags?post=330884"}],"curies":[{"name":"wp","href":"https:\/\/api.w.org\/{rel}","templated":true}]}}