{"id":330912,"date":"2026-01-09T06:58:33","date_gmt":"2026-01-09T06:58:33","guid":{"rendered":"https:\/\/www.europesays.com\/es\/330912\/"},"modified":"2026-01-09T06:58:33","modified_gmt":"2026-01-09T06:58:33","slug":"los-sindicatos-medicos-de-toda-espana-se-unen-contra-sanidad-y-la-huelga-indefinida-esta-ya-sobre-la-mesa","status":"publish","type":"post","link":"https:\/\/www.europesays.com\/es\/330912\/","title":{"rendered":"Los sindicatos m\u00e9dicos de toda Espa\u00f1a se unen contra Sanidad y la huelga indefinida est\u00e1 ya sobre la mesa"},"content":{"rendered":"<p style=\"\">Hasta ahora se hab\u00edan movilizado por separado, pero el malestar de los m\u00e9dicos con <a href=\"https:\/\/www.abc.es\/sociedad\/sindicatos-medicos-alertan-retroceso-derechos-laborales-nuevo-20251223121931-nt.html\" target=\"_self\" data-voc-vtm-id=\"in-text-traffic\" title=\"el Estatuto Marco\" rel=\"nofollow noopener\">el Estatuto Marco<\/a> que prepara el <a href=\"https:\/\/www.abc.es\/sociedad\/sanidad-primer-paso-limitar-horas-trabajo-mir-20251229133708-nt.html\" target=\"_self\" data-voc-vtm-id=\"in-text-traffic\" title=\"Ministerio de Sanidad\" rel=\"nofollow noopener\">Ministerio de Sanidad<\/a> es tal que los sindicatos de facultativos de toda Espa\u00f1a han organizado <strong>un frente com\u00fan<\/strong> contra el proyecto de  &#8230; M\u00f3nica Garc\u00eda. A la Confederaci\u00f3n Estatal de Sindicatos M\u00e9dicos (CESM) y el Sindicato M\u00e9dico Andaluz (SMA), los convocantes de las huelgas que han tenido lugar en los \u00faltimos meses, se unen ahora las organizaciones de los territorios que no pertenecen a la confederaci\u00f3n: la Asociaci\u00f3n de M\u00e9dicos y Titulados Superiores de Madrid (Amyts), Metges de Catalunya, el sindicato gallego Omega y el Sindicato M\u00e9dico de Euskadi (SME). <\/p>\n<p class=\"voc-p\" style=\"\">En los pr\u00f3ximos d\u00edas, han asegurado los representantes de las diferentes organizaciones en una rueda de prensa este jueves, anunciar\u00e1n nuevas movilizaciones que ser\u00e1n, ha asegurado V\u00edctor Pedrera, secretario general del CESM, <strong>\u00abm\u00e1s intensas\u00bb que las que ha habido hasta ahora<\/strong>. Aunque no han dado m\u00e1s detalles, pues todav\u00eda tienen que definirlas, durante el encuentro se ha hecho menci\u00f3n a una posible huelga indefinida, as\u00ed como a la presentaci\u00f3n de una iniciativa legislativa popular sobre el estatuto m\u00e9dico, la principal demanda del colectivo. <\/p>\n<p class=\"voc-p\" style=\"\">\u00abA\u00fan no tenemos ninguna medida concreta pero no descartamos ninguna\u00bb, ha espetado por su parte Xavier Lleonart, presidente de Metges de Catalunya. \u00abEntramos en una nueva fase en la que la presi\u00f3n sobre los pol\u00edticos y las administraciones ir\u00e1 a m\u00e1s y no cejaremos hasta que consigamos nuestros objetivos, pase lo que pase\u00bb, ha proseguido.<\/p>\n<p class=\"voc-p\" style=\"\">Los sindicatos m\u00e9dicos de Madrid, Catalu\u00f1a, Pa\u00eds Vasco y Galicia ya ten\u00edan programada una <strong>huelga para los pr\u00f3ximos 14 y 15 de enero,<\/strong> que apoyan tambi\u00e9n el resto de sindicatos aunque no se vayan a unir a la misma. \u00abNosotros valoramos que hacer m\u00e1s d\u00edas sueltos de huelga no era operativo, la apoyamos sin ning\u00fan tipo de fisura, pero el objetivo es convocar acciones conjuntas a futuro\u00bb, ha afirmado Pedrera. <\/p>\n<p>\nNegociaci\u00f3n rota\n<\/p>\n<p class=\"voc-p\" style=\"\">Antes de Navidad, a la vez que el Ministerio de Sanidad alcanzaba un preacuerdo con los sindicatos generalistas que negocian el proyecto (UGT, CCOO, CSIF, Satse y CIG-Sa\u00fade),<a href=\"https:\/\/www.abc.es\/sociedad\/medicos-levantan-mesa-negociacion-sanidad-rechazan-acuerdo-20251217174128-nt.html\" target=\"_self\" data-voc-vtm-id=\"in-text-traffic\" title=\" los m\u00e9dicos se levantaban de la mesa de negociaci\u00f3n con el ministerio\" rel=\"nofollow noopener\"> los m\u00e9dicos se levantaban de la mesa de negociaci\u00f3n con el ministerio<\/a> despu\u00e9s de que el n\u00famero dos de M\u00f3nica Garc\u00eda, Javier Padilla, rompiera la negociaci\u00f3n, afirmaron entonces CESM y el SMA. <\/p>\n<p class=\"voc-p\" style=\"\">Los sindicatos m\u00e9dicos han reiterado la falta de representatividad que tienen en el \u00e1mbito de negociaci\u00f3n, en el que aunque cuentan con un representante, aseguran, no tienen voz. \u00abQueremos que el m\u00e9dico sea bien tratado y que haya un \u00e1mbito de representaci\u00f3n de m\u00e9dicos como en el resto de Europa\u00bb, ha reclamado Miguel L\u00e1zaro, presidente de CESM. <\/p>\n<p class=\"voc-title\">\u00abQueremos un \u00e1mbito de representaci\u00f3n de los m\u00e9dicos como en el resto de Europa\u00bb<\/p>\n<p class=\"voc-article-position__name\">Miguel L\u00e1zaro<\/p>\n<p class=\"voc-article-position__employ\">Presidente de CESM<\/p>\n<p class=\"voc-p\" style=\"\">Las principales reivindicaciones de los m\u00e9dicos pasan por un estatuto propio que regule sus condiciones laborales. La actual propuesta de Estatuto Marco -la ley que regula las condiciones laborales de todos los profesionales de la sanidad- no tiene en cuenta sus aportaciones, asegura. El fin de las guardias de 24 horas, una mayor remuneraci\u00f3n de las horas de guardia o una clasificaci\u00f3n profesional que tenga en cuenta su formaci\u00f3n y responsabilidad son algunas de sus demandas. <\/p>\n","protected":false},"excerpt":{"rendered":"Hasta ahora se hab\u00edan movilizado por separado, pero el malestar de los m\u00e9dicos con el Estatuto Marco que&hellip;\n","protected":false},"author":2,"featured_media":330913,"comment_status":"","ping_status":"","sticky":false,"template":"","format":"standard","meta":{"footnotes":""},"categories":[8],"tags":[6618,17,18,25,24,13,14,11,35645,19,20,6016,50323,9,10,15,16,1811,3905,23,12,21,22,12047],"class_list":{"0":"post-330912","1":"post","2":"type-post","3":"status-publish","4":"format-standard","5":"has-post-thumbnail","7":"category-espana","8":"tag-anuncian","9":"tag-breaking-news","10":"tag-breakingnews","11":"tag-es","12":"tag-espana","13":"tag-featured-news","14":"tag-featurednews","15":"tag-headlines","16":"tag-intensas","17":"tag-latest-news","18":"tag-latestnews","19":"tag-medicos","20":"tag-movilizaciones","21":"tag-news","22":"tag-noticias","23":"tag-noticias-destacadas","24":"tag-noticiasdestacadas","25":"tag-sanidad","26":"tag-sindicatos","27":"tag-spain","28":"tag-titulares","29":"tag-ultimas-noticias","30":"tag-ultimasnoticias","31":"tag-unen"},"share_on_mastodon":{"url":"https:\/\/pubeurope.com\/@es\/115863847179682847","error":""},"_links":{"self":[{"href":"https:\/\/www.europesays.com\/es\/wp-json\/wp\/v2\/posts\/330912","targetHints":{"allow":["GET"]}}],"collection":[{"href":"https:\/\/www.europesays.com\/es\/wp-json\/wp\/v2\/posts"}],"about":[{"href":"https:\/\/www.europesays.com\/es\/wp-json\/wp\/v2\/types\/post"}],"author":[{"embeddable":true,"href":"https:\/\/www.europesays.com\/es\/wp-json\/wp\/v2\/users\/2"}],"replies":[{"embeddable":true,"href":"https:\/\/www.europesays.com\/es\/wp-json\/wp\/v2\/comments?post=330912"}],"version-history":[{"count":0,"href":"https:\/\/www.europesays.com\/es\/wp-json\/wp\/v2\/posts\/330912\/revisions"}],"wp:featuredmedia":[{"embeddable":true,"href":"https:\/\/www.europesays.com\/es\/wp-json\/wp\/v2\/media\/330913"}],"wp:attachment":[{"href":"https:\/\/www.europesays.com\/es\/wp-json\/wp\/v2\/media?parent=330912"}],"wp:term":[{"taxonomy":"category","embeddable":true,"href":"https:\/\/www.europesays.com\/es\/wp-json\/wp\/v2\/categories?post=330912"},{"taxonomy":"post_tag","embeddable":true,"href":"https:\/\/www.europesays.com\/es\/wp-json\/wp\/v2\/tags?post=330912"}],"curies":[{"name":"wp","href":"https:\/\/api.w.org\/{rel}","templated":true}]}}