{"id":330914,"date":"2026-01-09T06:59:14","date_gmt":"2026-01-09T06:59:14","guid":{"rendered":"https:\/\/www.europesays.com\/es\/330914\/"},"modified":"2026-01-09T06:59:14","modified_gmt":"2026-01-09T06:59:14","slug":"resultado-del-proceso-de-seleccion-del-puesto-de-titulado-superior-en-educacion-fisica-en-merida","status":"publish","type":"post","link":"https:\/\/www.europesays.com\/es\/330914\/","title":{"rendered":"Resultado del proceso de selecci\u00f3n del puesto de titulado superior en Educaci\u00f3n F\u00edsica en M\u00e9rida"},"content":{"rendered":"<p><strong>El\u00a0SEXPE realiza difusi\u00f3n p\u00fablicade la\u00a0valoraci\u00f3n de la oferta de empleo\u00a0del puesto de trabajo de titulado\/a\u00a0 superior en Educaci\u00f3n F\u00edsica para el nombramiento de funcionario interino de la Direcci\u00f3n General de J\u00f3venes y Deporte de la Junta de Extremadura.<\/strong><\/p>\n<p>Una vez baremados\u00a0los m\u00e9ritos aportados aplicando los criterios de baremaci\u00f3n de las bases de la\u00a0 convocatoria de la oferta de empleo referida, se aprueba<strong> la\u00a0lista provisional <\/strong>de calificaciones tal y como se indica <a href=\"https:\/\/sexpeemplea.juntaex.es\/descargar.php?modulo=documentos&amp;file=4040\" target=\"_blank\" rel=\"nofollow noopener\">en este documento<\/a>.\u00a0<\/p>\n<p>Se concede un plazo de <strong>3 d\u00edas h\u00e1biles<\/strong> para posibles reclamaciones, a partir del d\u00eda siguiente al de esta publicaci\u00f3n.<\/p>\n<p>Las reclamaciones deber\u00e1n dirigirse a la direcci\u00f3n de correo electr\u00f3nico: <strong>dgjd.ctjd@juntaex.es<\/strong><\/p>\n","protected":false},"excerpt":{"rendered":"El\u00a0SEXPE realiza difusi\u00f3n p\u00fablicade la\u00a0valoraci\u00f3n de la oferta de empleo\u00a0del puesto de trabajo de titulado\/a\u00a0 superior en Educaci\u00f3n&hellip;\n","protected":false},"author":2,"featured_media":330915,"comment_status":"","ping_status":"","sticky":false,"template":"","format":"standard","meta":{"footnotes":""},"categories":[5],"tags":[17,18,25,24,13,14,11,19,20,9,10,15,16,23,12,21,22],"class_list":{"0":"post-330914","1":"post","2":"type-post","3":"status-publish","4":"format-standard","5":"has-post-thumbnail","7":"category-titulares","8":"tag-breaking-news","9":"tag-breakingnews","10":"tag-es","11":"tag-espana","12":"tag-featured-news","13":"tag-featurednews","14":"tag-headlines","15":"tag-latest-news","16":"tag-latestnews","17":"tag-news","18":"tag-noticias","19":"tag-noticias-destacadas","20":"tag-noticiasdestacadas","21":"tag-spain","22":"tag-titulares","23":"tag-ultimas-noticias","24":"tag-ultimasnoticias"},"share_on_mastodon":{"url":"https:\/\/pubeurope.com\/@es\/115863850984924763","error":""},"_links":{"self":[{"href":"https:\/\/www.europesays.com\/es\/wp-json\/wp\/v2\/posts\/330914","targetHints":{"allow":["GET"]}}],"collection":[{"href":"https:\/\/www.europesays.com\/es\/wp-json\/wp\/v2\/posts"}],"about":[{"href":"https:\/\/www.europesays.com\/es\/wp-json\/wp\/v2\/types\/post"}],"author":[{"embeddable":true,"href":"https:\/\/www.europesays.com\/es\/wp-json\/wp\/v2\/users\/2"}],"replies":[{"embeddable":true,"href":"https:\/\/www.europesays.com\/es\/wp-json\/wp\/v2\/comments?post=330914"}],"version-history":[{"count":0,"href":"https:\/\/www.europesays.com\/es\/wp-json\/wp\/v2\/posts\/330914\/revisions"}],"wp:featuredmedia":[{"embeddable":true,"href":"https:\/\/www.europesays.com\/es\/wp-json\/wp\/v2\/media\/330915"}],"wp:attachment":[{"href":"https:\/\/www.europesays.com\/es\/wp-json\/wp\/v2\/media?parent=330914"}],"wp:term":[{"taxonomy":"category","embeddable":true,"href":"https:\/\/www.europesays.com\/es\/wp-json\/wp\/v2\/categories?post=330914"},{"taxonomy":"post_tag","embeddable":true,"href":"https:\/\/www.europesays.com\/es\/wp-json\/wp\/v2\/tags?post=330914"}],"curies":[{"name":"wp","href":"https:\/\/api.w.org\/{rel}","templated":true}]}}