{"id":330918,"date":"2026-01-09T07:07:14","date_gmt":"2026-01-09T07:07:14","guid":{"rendered":"https:\/\/www.europesays.com\/es\/330918\/"},"modified":"2026-01-09T07:07:14","modified_gmt":"2026-01-09T07:07:14","slug":"la-sincera-confesion-de-penarroya-sobre-como-espera-que-le-reciba-el-palau","status":"publish","type":"post","link":"https:\/\/www.europesays.com\/es\/330918\/","title":{"rendered":"La sincera confesi\u00f3n de Pe\u00f1arroya sobre c\u00f3mo espera que le reciba el Palau"},"content":{"rendered":"<p class=\"ft-text\">Este viernes, <a class=\"ft-link ft-link--decoration\" href=\"https:\/\/www.sport.es\/es\/noticias\/barca\/baloncesto\/barca-partizan-horario-ver-tv-125497246\" rel=\"nofollow noopener\" target=\"_blank\"><strong>Bar\u00e7a y Partiz\u00e1n se enfrentan, a partir de las 20:30h (CET), <\/strong><\/a>en la <strong>21\u00aa jornada<\/strong> de la <strong>Euroliga.<\/strong> Un partido que mide al conjunto azulgrana ante el actual colista de la competici\u00f3n europea, en un compromiso con alta carga emocional tras el regreso a la capital catalana de <strong>Nick Calathes, Jabari Parker y Joan Pe\u00f1arroya.<\/strong><\/p>\n<p class=\"ft-text\">El calendario ha sido caprichoso, y ha querido que, dos meses despu\u00e9s de su destituci\u00f3n como entrenador del Bar\u00e7a, el egarense vuelva al Palau como <strong>t\u00e9cnico del Partiz\u00e1n,<\/strong> tras la dimisi\u00f3n hace unas semanas de <strong>Zeljko Obradovic<\/strong> al frente del conjunto de Belgrado.<\/p>\n<p><img decoding=\"async\" src=\"https:\/\/www.europesays.com\/es\/wp-content\/uploads\/2025\/12\/f22c2d3a-e2d8-44c2-95e0-917f682b5449_alta-libre-aspect-ratio_default_0.jpg\" width=\"1200\" height=\"800\" alt=\"Obradovic no reconsider\u00f3 su salida del Partizan a pesar de los ruegos de la directiva serbia\" class=\"ft-helper-img-rd\" loading=\"lazy\"\/><\/p>\n<p class=\"ft-helper-fontColor-quaternary ft-helper-fontSize-body-S ft-helper-spacer-t-xxs\">Obradovic no reconsider\u00f3 su salida del Partizan a pesar de los ruegos de la directiva serbia  \/ PARTIZAN<\/p>\n<p class=\"ft-text\">Los serbios se ejercitaron en el Palau este jueves, y<strong> Pe\u00f1arroya atendi\u00f3 a algunos periodistas<\/strong> para compartir sus impresiones sobre el partido ante el Bar\u00e7a.<\/p>\n<p>Pe\u00f1arroya: \u00abSer\u00e1 un partido especial\u00bb<\/p>\n<p class=\"ft-text\">\u00abSer\u00e1 especial, hace muy poco que estaba aqu\u00ed con el ch\u00e1ndal del Bar\u00e7a. <strong>Siempre es especial regresar a un lugar en el que has trabajado y has estado bien con mucha gente, y m\u00e1s cuando hace tan poco tiempo\u00bb, <\/strong>coment\u00f3 Pe\u00f1arroya a &#8216;Rac 1&#8217;.<\/p>\n<p class=\"ft-text\">Un Pe\u00f1arroya que no esquiv\u00f3 el <strong>complicado momento<\/strong> por el que pasa su equipo, con el que todav\u00eda no ha ganado en Euroliga, y con el que cay\u00f3 al \u00faltimo lugar de la tabla clasificatoria tras la derrota en M\u00f3naco del pasado martes. <strong>\u00abEstoy muy focalizado en la faena importante que tenemos en el Partiz\u00e1n, es un momento de m\u00e1xima dificultad, <\/strong>estamos cambiando algunos jugadores y otras cosas\u00bb.<\/p>\n<p><img decoding=\"async\" src=\"https:\/\/www.europesays.com\/es\/wp-content\/uploads\/2026\/01\/cdc94c1e-9c60-4e9e-83eb-d830afa48fe5_alta-libre-aspect-ratio_default_0.jpg\" width=\"1200\" height=\"675\" alt=\"Pe\u00f1arroya todav\u00eda no ha ganado en Euroliga desde que dirige a Partiz\u00e1n\" class=\"ft-helper-img-rd\" loading=\"lazy\"\/><\/p>\n<p class=\"ft-helper-fontColor-quaternary ft-helper-fontSize-body-S ft-helper-spacer-t-xxs\">Pe\u00f1arroya todav\u00eda no ha ganado en Euroliga desde que dirige a Partiz\u00e1n  \/ EFE<\/p>\n<p>\u00bfC\u00f3mo recibir\u00e1 el Palau a Pe\u00f1arroya?<\/p>\n<p class=\"ft-text\">Cuestionado sobre el recibimiento que espera este viernes, <strong>Pe\u00f1arroya fue sincero,<\/strong> y aunque admiti\u00f3 que es algo que tiene en la mente, tampoco le preocupa demasiado y lo deja a la voluntad de su antigua afici\u00f3n, con la que se reencontrar\u00e1 dos meses despu\u00e9s de su salida del club. <strong>\u00abUno siempre piensa en como le recibir\u00e1n ah\u00ed donde ha estado, pero al final el p\u00fablico es soberano y mostrar\u00e1 la opini\u00f3n que crea oportuna, y yo como siempre, aceptar\u00e9 lo que sea y estar\u00e9 centrado en lo m\u00edo\u00bb,<\/strong> desvel\u00f3.<\/p>\n<p class=\"ft-text\">Sobre ese recibimiento, <strong>Xavi Pascual,<\/strong> su sucesor en el cargo, mostr\u00f3 en la previa del choque la voluntad de que Pe\u00f1arroya tenga un buen recibimiento en el Palau por su v\u00ednculo con el Bar\u00e7a. \u00ab<strong>Pe\u00f1arroya ha sido nuestro entrenador.\u00a0<\/strong>Espero que el Palau lo reciba muy bien. M\u00e1s all\u00e1 de la dificultad de la vida de un entrenador, es muy buen t\u00edo y puso todo para intentar lo mejor para el Bar\u00e7a.<strong>\u00a0Luego la gente valorar\u00e1 si es mejor o peor, pero es uno de los nuestros<\/strong>\u00ab.<\/p>\n<p><img decoding=\"async\" src=\"https:\/\/www.europesays.com\/es\/wp-content\/uploads\/2026\/01\/108573c9-b440-49e5-8267-b766d3986a00_alta-libre-aspect-ratio_default_0.jpg\" width=\"1200\" height=\"675\" alt=\"Joan Pe\u00f1arroya y Toko Shengelia, tras un partido en el Palau Blaugrana\" class=\"ft-helper-img-rd\" loading=\"lazy\"\/><\/p>\n<p class=\"ft-helper-fontColor-quaternary ft-helper-fontSize-body-S ft-helper-spacer-t-xxs\">Joan Pe\u00f1arroya y Toko Shengelia, tras un partido en el Palau Blaugrana  \/ Valent\u00ed Enrich<\/p>\n<p>Elogios de Pascual y Shengelia hacia Pe\u00f1arroya<\/p>\n<p class=\"ft-text\">En la misma l\u00ednea estuvo un Tornike Shengelia que tambi\u00e9n tom\u00f3 la palabra en la previa del duelo ante Partiz\u00e1n, y tuvo palabras de gratitud hacia el que fue su entrenador a principios de curso. \u00ab<strong>Joan necesita que el Palau lo reciba con muchos aplausos y cari\u00f1o. Yo lo har\u00e9. Ha hecho lo m\u00e1ximo que pod\u00eda hacer. <\/strong>De mi parte, se lo he dicho antes tambi\u00e9n, quiero agradecerle todo lo que ha hecho por el club y por m\u00ed\u00bb.<\/p>\n","protected":false},"excerpt":{"rendered":"Este viernes, Bar\u00e7a y Partiz\u00e1n se enfrentan, a partir de las 20:30h (CET), en la 21\u00aa jornada de&hellip;\n","protected":false},"author":2,"featured_media":330919,"comment_status":"","ping_status":"","sticky":false,"template":"","format":"standard","meta":{"footnotes":""},"categories":[269],"tags":[299,2296,298,168,25,24,833,5170,36891,45749,4819,32736,23,167],"class_list":{"0":"post-330918","1":"post","2":"type-post","3":"status-publish","4":"format-standard","5":"has-post-thumbnail","7":"category-baloncesto","8":"tag-baloncesto","9":"tag-barca","10":"tag-basketball","11":"tag-deportes","12":"tag-es","13":"tag-espana","14":"tag-euroliga","15":"tag-joan","16":"tag-palau","17":"tag-partizan","18":"tag-penarroya","19":"tag-recibimiento","20":"tag-spain","21":"tag-sports"},"share_on_mastodon":{"url":"https:\/\/pubeurope.com\/@es\/115863882742671315","error":""},"_links":{"self":[{"href":"https:\/\/www.europesays.com\/es\/wp-json\/wp\/v2\/posts\/330918","targetHints":{"allow":["GET"]}}],"collection":[{"href":"https:\/\/www.europesays.com\/es\/wp-json\/wp\/v2\/posts"}],"about":[{"href":"https:\/\/www.europesays.com\/es\/wp-json\/wp\/v2\/types\/post"}],"author":[{"embeddable":true,"href":"https:\/\/www.europesays.com\/es\/wp-json\/wp\/v2\/users\/2"}],"replies":[{"embeddable":true,"href":"https:\/\/www.europesays.com\/es\/wp-json\/wp\/v2\/comments?post=330918"}],"version-history":[{"count":0,"href":"https:\/\/www.europesays.com\/es\/wp-json\/wp\/v2\/posts\/330918\/revisions"}],"wp:featuredmedia":[{"embeddable":true,"href":"https:\/\/www.europesays.com\/es\/wp-json\/wp\/v2\/media\/330919"}],"wp:attachment":[{"href":"https:\/\/www.europesays.com\/es\/wp-json\/wp\/v2\/media?parent=330918"}],"wp:term":[{"taxonomy":"category","embeddable":true,"href":"https:\/\/www.europesays.com\/es\/wp-json\/wp\/v2\/categories?post=330918"},{"taxonomy":"post_tag","embeddable":true,"href":"https:\/\/www.europesays.com\/es\/wp-json\/wp\/v2\/tags?post=330918"}],"curies":[{"name":"wp","href":"https:\/\/api.w.org\/{rel}","templated":true}]}}