{"id":330922,"date":"2026-01-09T07:09:14","date_gmt":"2026-01-09T07:09:14","guid":{"rendered":"https:\/\/www.europesays.com\/es\/330922\/"},"modified":"2026-01-09T07:09:14","modified_gmt":"2026-01-09T07:09:14","slug":"pilar-rubio-sorprende-con-minifalda-de-cuero-y-botas-altas","status":"publish","type":"post","link":"https:\/\/www.europesays.com\/es\/330922\/","title":{"rendered":"Pilar Rubio sorprende con minifalda de cuero y botas altas"},"content":{"rendered":"<p data-journey-content=\"true\" data-node-id=\"3\" class=\"css-6wxqfj emevuu60\">El pr\u00f3ximo viernes 9 de enero se estrena en Antena 3<strong data-node-id=\"3.1\"> la nueva temporada de <\/strong><strong data-node-id=\"3.2.0\">El Desaf\u00edo<\/strong>, uno de los programas m\u00e1s vistos de nuestro pa\u00eds en el que<strong data-node-id=\"3.4\"> <a href=\"https:\/\/www.elle.com\/es\/star-style\/noticias-famosos\/a46265375\/hijos-pilar-rubio-sergio-ramos-cambio-asombroso\/\" data-vars-ga-outbound-link=\"https:\/\/www.elle.com\/es\/star-style\/noticias-famosos\/a46265375\/hijos-pilar-rubio-sergio-ramos-cambio-asombroso\/\" data-vars-ga-ux-element=\"Hyperlink\" data-vars-ga-call-to-action=\"Pilar Rubio\" data-node-id=\"3.4.1\" class=\"body-link css-103hk4r emevuu60\" rel=\"nofollow noopener\" target=\"_blank\">Pilar Rubio<\/a><\/strong> volver\u00e1 a formar parte del jurado encargado de evaluar las pruebas de los concursantes. Y s\u00ed, este a\u00f1o figuran personajes muy destacados de la talla de Jessica Goicoechea, Patricia Conde, Eduardo Navarrete o Daniel Illescas, entre muchos otros.<\/p>\n<p data-journey-content=\"true\" data-node-id=\"6\" class=\"css-6wxqfj emevuu60\">As\u00ed pues, para ir calentando motores, los protagonistas de esta nueva edici\u00f3n no han dudado en asistir a la presentaci\u00f3n ante los medios, donde, como esper\u00e1bamos, no han faltado los looks m\u00e1s sensacionales e inspiradores. \u00bfEl que m\u00e1s nos ha llamado la atenci\u00f3n? Evidentemente, el de Pilar Rubio.<\/p>\n<p data-journey-content=\"true\" data-node-id=\"9\" class=\"css-6wxqfj emevuu60\">Y es que, si ya es sabido por todos que la presentadora cuenta con uno de los gustos m\u00e1s atrevidos y extravagantes de la televisi\u00f3n, con este \u00faltimo <strong data-node-id=\"9.1\"><a href=\"https:\/\/www.elle.com\/es\/moda\/tendencias\/a63492219\/faldas-ante-cuero-efecto-piel-tendencias-pasarelas\/\" data-vars-ga-outbound-link=\"https:\/\/www.elle.com\/es\/moda\/tendencias\/a63492219\/faldas-ante-cuero-efecto-piel-tendencias-pasarelas\/\" data-vars-ga-ux-element=\"Hyperlink\" data-vars-ga-call-to-action=\"look con minifalda de cuero\" data-node-id=\"9.1.0\" class=\"body-link css-103hk4r emevuu60\" rel=\"nofollow noopener\" target=\"_blank\">look con minifalda de cuero<\/a> <\/strong>lo ha vuelto a confirmar al cien por cien. <\/p>\n<p>Pilar Rubio, protagonista de &#8216;El Desaf\u00edo&#8217; con conjunto de cuero con minifalda y botas altas negras<\/p>\n<p data-journey-content=\"true\" data-node-id=\"13\" class=\"css-6wxqfj emevuu60\">La presentadora y mujer de Sergio Ramos sorprend\u00eda a todos con dos de las tendencias m\u00e1s virales y \u00abatrevidas\u00bb del 2026: los<strong data-node-id=\"13.1\"> conjuntos de cuero <\/strong>y las<strong data-node-id=\"13.3\"> <a href=\"https:\/\/www.elle.com\/es\/moda\/noticias\/a69175863\/como-llevar-botas-altas-marron-chocolate-con-vestidos-faldas-y-pantalones-looks-clasicos\/\" data-vars-ga-outbound-link=\"https:\/\/www.elle.com\/es\/moda\/noticias\/a69175863\/como-llevar-botas-altas-marron-chocolate-con-vestidos-faldas-y-pantalones-looks-clasicos\/\" data-vars-ga-ux-element=\"Hyperlink\" data-vars-ga-call-to-action=\"botas altas\" data-node-id=\"13.3.1\" class=\"body-link css-103hk4r emevuu60\" rel=\"nofollow noopener\" target=\"_blank\">botas altas<\/a><\/strong>. Y s\u00ed, con ambas ha logrado crear un look digno de an\u00e1lisis.<\/p>\n<p><img draggable=\"true\" alt=\"pilar rubio conjunto cuero minifalda botas altas\" title=\"Pilar Rubio conjunto cuero minifalda botas altas\" loading=\"lazy\" width=\"1280\" height=\"1920\" decoding=\"async\" data-nimg=\"1\" style=\"color:transparent;width:100%;height:auto;\"   src=\"https:\/\/www.europesays.com\/es\/wp-content\/uploads\/2026\/01\/pilar-rubio-conjunto-cuero-minifalda-botas-altas-elle-1-695fec7ebf796.jpg\" class=\"css-0 e1g79fud0\"\/><\/p>\n<p>Gtres<\/p>\n<p data-journey-content=\"true\" data-node-id=\"16\" class=\"css-6wxqfj emevuu60\">El conjunto en cuesti\u00f3n estaba formado por una <strong data-node-id=\"16.1\"><a href=\"https:\/\/www.elle.com\/es\/moda\/tendencias\/a67962105\/chaquetas-cazadoras-de-piel-oversize-obsesion-prescriptoras-moda\/\" data-vars-ga-outbound-link=\"https:\/\/www.elle.com\/es\/moda\/tendencias\/a67962105\/chaquetas-cazadoras-de-piel-oversize-obsesion-prescriptoras-moda\/\" data-vars-ga-ux-element=\"Hyperlink\" data-vars-ga-call-to-action=\"chaqueta de cuero\" data-node-id=\"16.1.0\" class=\"body-link css-103hk4r emevuu60\" rel=\"nofollow noopener\" target=\"_blank\">chaqueta de cuero<\/a> con dise\u00f1o &#8216;crop&#8217; y botonadura central en color verde oscuro<\/strong>, y una <strong data-node-id=\"16.3\">minifalda de cuero <\/strong>con silueta recta a juego. Dos prendas sensacionales que juntas conformaban el &#8216;total look&#8217; perfecto para Pilar Rubio.<\/p>\n<p data-journey-content=\"true\" data-node-id=\"18\" class=\"css-6wxqfj emevuu60\">Rubio lo complet\u00f3 con una <strong data-node-id=\"18.1\">camiseta negra de cuello vuelto <\/strong>completamente entallada que le quedaba espectacular. Adem\u00e1s, remat\u00f3 el &#8216;outfit&#8217; con unas <strong data-node-id=\"18.3\">botas altas negras <\/strong>que destacaban por su ca\u00f1a entallada y su tac\u00f3n con plataforma.<\/p>\n<p><img draggable=\"true\" alt=\"pilar rubio conjunto cuero minifalda botas altas\" title=\"Pilar Rubio conjunto cuero minifalda botas altas\" loading=\"lazy\" width=\"1280\" height=\"1920\" decoding=\"async\" data-nimg=\"1\" style=\"color:transparent;width:100%;height:auto;\"   src=\"https:\/\/www.europesays.com\/es\/wp-content\/uploads\/2026\/01\/pilar-rubio-conjunto-cuero-minifalda-botas-altas-elle-2-695fec7f343e8.jpg\" class=\"css-0 e1g79fud0\"\/><\/p>\n<p>Gtres<\/p>\n<p data-journey-content=\"true\" data-node-id=\"21\" class=\"css-6wxqfj emevuu60\">Por supuesto, las bajas temperaturas que protagonizan estos d\u00edas en Madrid obligaron a Pilar a llevar <strong data-node-id=\"21.1\">medias<\/strong>. Esta vez se decant\u00f3 por un dise\u00f1o en negro completamente transparente. Una opci\u00f3n de lo m\u00e1s acertada.<\/p>\n<p data-journey-content=\"true\" data-node-id=\"23\" class=\"css-6wxqfj emevuu60\">Mientras que para el &#8216;beauty look&#8217; se decant\u00f3 por una favorecedora cola alta con raya en medio y un maquillaje con &#8216;eyeliner&#8217; y labial rojo intenso que le quedaba espectacular. <\/p>\n<p><img src=\"https:\/\/www.europesays.com\/es\/wp-content\/uploads\/2026\/01\/1767942554_151_5d174fc2-88a3-4418-a5b3-be884db3ec5f_1678984174.file.png\" alt=\"Headshot of Laura Soria\" title=\"Headshot of Laura Soria\" width=\"100%\" height=\"100%\" decoding=\"async\" loading=\"lazy\" class=\"css-o0wq4v ev8dhu53\"\/><\/p>\n<p>Laura Soria Onieva es experta en moda, tendencias, alfombras rojas y &#8216;celebrities&#8217;. Como apasionada del periodismo y la comunicaci\u00f3n, siempre est\u00e1 atenta a las \u00faltimas novedades del sector. Entiende la moda como una v\u00eda de expresi\u00f3n y siempre busca entender la filosof\u00eda que transmiten los estilismos de las famosas.<\/p>\n<p>La b\u00fasqueda constante de inspiraci\u00f3n la convierte en una prescriptora de futuras tendencias de temporada. As\u00ed, no hay prenda o estilo que se le escape en Instagram y TikTok. Experta en recrear los mejores looks de las famosas e influencers con prendas de las firmas &#8216;low cost&#8217; m\u00e1s exitosas como Zara, Mango, Stradivarius&#8230; As\u00ed como de las firmas espa\u00f1olas que debes tener s\u00ed o s\u00ed en tu radar para que puedas vestir a la \u00faltima. Para ella no hay tendencia imposible: transparencias, aberturas complicadas, brillos, lentejuelas&#8230; Buscar\u00e1 todos los trucos de la mano de las expertas para ense\u00f1ar c\u00f3mo lucirlas sin caer en el error.<\/p>\n<p>Laura Soria se gradu\u00f3 en el doble grado de Periodismo y Comunicaci\u00f3n Audiovisual en la Universidad Rey Juan Carlos y, desde el inicio, ha conseguido experiencia en distintos sectores: radio, televisi\u00f3n, peri\u00f3dico digital&#8230; Actualmente se dedica a la que es su verdadera pasi\u00f3n, el periodismo de moda, como colaboradora de moda y actualidad en la revista ELLE.<\/p>\n<p>Sus constantes ganas de aprender, y su alma inquieta, la han empujado a especializarse a\u00fan m\u00e1s en el mundillo con distintos cursos, destacando el de Marketing Digital y Comunicaci\u00f3n de Moda y Lujo. \u00a0\u00a0<\/p>\n","protected":false},"excerpt":{"rendered":"El pr\u00f3ximo viernes 9 de enero se estrena en Antena 3 la nueva temporada de El Desaf\u00edo, uno&hellip;\n","protected":false},"author":2,"featured_media":330923,"comment_status":"","ping_status":"","sticky":false,"template":"","format":"standard","meta":{"footnotes":""},"categories":[174],"tags":[255,253,146,147,25,24,256,23],"class_list":{"0":"post-330922","1":"post","2":"type-post","3":"status-publish","4":"format-standard","5":"has-post-thumbnail","7":"category-famosos","8":"tag-celebrities","9":"tag-discover","10":"tag-entertainment","11":"tag-entretenimiento","12":"tag-es","13":"tag-espana","14":"tag-famosos","15":"tag-spain"},"share_on_mastodon":{"url":"https:\/\/pubeurope.com\/@es\/115863890393943042","error":""},"_links":{"self":[{"href":"https:\/\/www.europesays.com\/es\/wp-json\/wp\/v2\/posts\/330922","targetHints":{"allow":["GET"]}}],"collection":[{"href":"https:\/\/www.europesays.com\/es\/wp-json\/wp\/v2\/posts"}],"about":[{"href":"https:\/\/www.europesays.com\/es\/wp-json\/wp\/v2\/types\/post"}],"author":[{"embeddable":true,"href":"https:\/\/www.europesays.com\/es\/wp-json\/wp\/v2\/users\/2"}],"replies":[{"embeddable":true,"href":"https:\/\/www.europesays.com\/es\/wp-json\/wp\/v2\/comments?post=330922"}],"version-history":[{"count":0,"href":"https:\/\/www.europesays.com\/es\/wp-json\/wp\/v2\/posts\/330922\/revisions"}],"wp:featuredmedia":[{"embeddable":true,"href":"https:\/\/www.europesays.com\/es\/wp-json\/wp\/v2\/media\/330923"}],"wp:attachment":[{"href":"https:\/\/www.europesays.com\/es\/wp-json\/wp\/v2\/media?parent=330922"}],"wp:term":[{"taxonomy":"category","embeddable":true,"href":"https:\/\/www.europesays.com\/es\/wp-json\/wp\/v2\/categories?post=330922"},{"taxonomy":"post_tag","embeddable":true,"href":"https:\/\/www.europesays.com\/es\/wp-json\/wp\/v2\/tags?post=330922"}],"curies":[{"name":"wp","href":"https:\/\/api.w.org\/{rel}","templated":true}]}}