{"id":330926,"date":"2026-01-09T07:12:08","date_gmt":"2026-01-09T07:12:08","guid":{"rendered":"https:\/\/www.europesays.com\/es\/330926\/"},"modified":"2026-01-09T07:12:08","modified_gmt":"2026-01-09T07:12:08","slug":"que-ver-del-9-al-11-de-enero-en-netflix-disney-amazon-prime-video-hbo-max-movistar-filmin-apple-tv-y-skyshowtime","status":"publish","type":"post","link":"https:\/\/www.europesays.com\/es\/330926\/","title":{"rendered":"Qu\u00e9 ver del 9 al 11 de enero en Netflix, Disney+, Amazon Prime Video, HBO Max, Movistar+, Filmin, Apple TV+ y SkyShowtime"},"content":{"rendered":"<p class=\"\">En el segundo fin de semana del mes, las principales plataformas de streaming tienen estrenos perfectos para remediar la cuesta de enero. Destaca la cuarta temporada de \u2018<b>Machos alfa<\/b>\u2019 en Netflix o la segunda entrega de \u2018<b>The Pitt<\/b>\u2019, la ganadora del Emmy a Mejor Serie Dram\u00e1tica del a\u00f1o. En cuanto a pel\u00edculas, Netflix presume de la adaptaci\u00f3n de \u2018<b>Gente que conocemos en vacaciones<\/b>\u2019, Prime Video trae la pel\u00edcula rom\u00e1ntica \u2018<b>Almas marcadas<\/b>\u2019 y Movistar tiene la comedia \u2018<b>Un juego de tres<\/b>\u2019. Por otro lado, Disney trae la nueva temporada de la serie brit\u00e1nica \u2018<b>Mil golpes<\/b>\u2019, del creador de \u2018Peaky Blinders\u2019. <b>Es hora de repasarlo todo:<\/b><\/p>\n<p><img decoding=\"async\" src=\"https:\/\/www.europesays.com\/es\/wp-content\/uploads\/2026\/01\/2BRAO66XPJFS5OUXNIQBACKABU.jpg\" alt=\"Qu\u00e9 ver del 9 al 11 de enero en Netflix, Disney+, Amazon Prime Video, HBO Max, Movistar+, Filmin, Apple TV+ y SkyShowtime \" height=\"720\" width=\"1280\"   loading=\"lazy\"\/><b>Todas las series y pel\u00edculas de estreno en Netflix<\/b><\/p>\n<p class=\"\"><b>9 de enero<\/b><\/p>\n<ul>\n<li>\u2018Gente que conocemos en vacaciones\u2019 (Pel\u00edcula)<\/li>\n<li>\u2018Machos alfa\u2019 (Serie, Cuarta temporada)<\/li>\n<\/ul>\n<p><b>Todas las series y pel\u00edculas de estreno en <\/b><a href=\"https:\/\/clk.tradedoubler.com\/click?p=304653&amp;a=3041888&amp;epi=notimeriquever&amp;url=https%3A%2F%2Fwww.disneyplus.com%2Fes-es\" target=\"_blank\" rel=\"nofollow sponsored noopener\" title=\"https:\/\/clk.tradedoubler.com\/click?p=304653&amp;a=3041888&amp;epi=notimeriquever&amp;url=https%3A%2F%2Fwww.disneyplus.com%2Fes-es\"><b>Disney+<\/b><\/a><\/p>\n<p class=\"\"><b>9 de enero<\/b><\/p>\n<p><b>Todas las series y pel\u00edculas de estreno en <\/b><a href=\"https:\/\/www.primevideo.com\/offers\/nonprimehomepage\/ref=dv_web_force_rootnnotimeriquever\" target=\"_blank\" rel=\"nofollow sponsored noopener\" title=\"https:\/\/www.primevideo.com\/offers\/nonprimehomepage\/ref=dv_web_force_rootnnotimeriquever\"><b>Amazon Prime Video<\/b><\/a><\/p>\n<p class=\"\"><b>5 de enero<\/b><\/p>\n<ul>\n<li>\u2018Spring Fever\u2019 (Serie)<\/li>\n<\/ul>\n<p class=\"\"><b>6 de enero<\/b><\/p>\n<ul>\n<li>\u2018El Incidente Darwin\u2019 (Serie)<\/li>\n<\/ul>\n<p class=\"\"><b>9 de enero<\/b><\/p>\n<ul>\n<li>\u2018Pelayo. M\u00e1s all\u00e1 del l\u00edmite\u2019 (Serie, documental)<\/li>\n<\/ul>\n<p class=\"\"><b>10 de enero<\/b><\/p>\n<ul>\n<li>\u2018Almas marcadas\u2019 (Pel\u00edcula)<\/li>\n<\/ul>\n<p class=\"\"><b>11 de enero<\/b><\/p>\n<ul>\n<li>\u2018El infiltrado\u2019 (Serie, Segunda temporada)<\/li>\n<\/ul>\n<p><b>Todas las series y pel\u00edculas de estreno en <\/b><a href=\"https:\/\/max.prf.hn\/click\/camref:1100lqTJ3\/pubref:https%3A%2F%2Fwww.max.com%2Fes%2Fes\/ar:notimeriquever\" target=\"_blank\" rel=\"nofollow sponsored noopener\" title=\"https:\/\/max.prf.hn\/click\/camref:1100lqTJ3\/pubref:https%3A%2F%2Fwww.max.com%2Fes%2Fes\/ar:notimeriquever\"><b>HBO Max<\/b><\/a><\/p>\n<p class=\"\"><b>9 de enero<\/b><\/p>\n<p><b>Todas las series y pel\u00edculas de estreno en <\/b><a href=\"https:\/\/clk.tradedoubler.com\/click?p=357743&amp;a=3041888&amp;epi=notimeriquever&amp;url=https%3A%2F%2Fwww.movistarplus.es%2Fcine%2Fdonde-ver\" target=\"_blank\" rel=\"nofollow sponsored noopener\" title=\"https:\/\/clk.tradedoubler.com\/click?p=357743&amp;a=3041888&amp;epi=notimeriquever&amp;url=https%3A%2F%2Fwww.movistarplus.es%2Fcine%2Fdonde-ver\"><b>Movistar Plus+<\/b><\/a><\/p>\n<p class=\"\"><b>9<\/b> <b>de enero<\/b><\/p>\n<ul>\n<li>\u2018Un juego de tres (The Threesome)\u2019 (Pel\u00edcula)<\/li>\n<li>\u2018EE. UU.: censura en las bibliotecas\u2019 (Documental)<\/li>\n<\/ul>\n<p class=\"\"><b>10 de enero<\/b><\/p>\n<ul>\n<li>\u2018Flora y su hijo Max\u2019 (Pel\u00edcula)<\/li>\n<li>\u2018MadS\u2019 (Pel\u00edcula)<\/li>\n<\/ul>\n<p class=\"\"><b>11 de enero<\/b><\/p>\n<ul>\n<li>\u2018Baja de paternidad\u2019 (Pel\u00edcula)<\/li>\n<\/ul>\n<p><b>Todas las series y pel\u00edculas de estreno en Filmin<\/b><\/p>\n<p class=\"\"><b>9 de enero<\/b><\/p>\n<ul>\n<li>\u2018Cosas peque\u00f1as como estas\u2019 (Pel\u00edcula)<\/li>\n<li>\u2018Amar bajo las espinas\u2019 (Pel\u00edcula)<\/li>\n<li>\u20182000 metros hasta Andriivka\u2018 (Documental)<\/li>\n<li>\u2018El \u00faltimo canto n\u00f3mada\u2019 (Documental)<\/li>\n<li>\u2018La hija\u2019 (Pel\u00edcula)<\/li>\n<li>\u2018I Don\u2019t Love You Anymore\u2018 (Pel\u00edcula)<\/li>\n<li>\u2018La ley de Teheran\u2019 (Pel\u00edcula)<\/li>\n<\/ul>\n<p><b>Todas las series y pel\u00edculas de estreno en Apple TV+<\/b><\/p>\n<p class=\"\"><b>9 de enero<\/b><\/p>\n<ul>\n<li>\u2018Teher\u00e1n\u2019 (Serie, Tercera temporada)<\/li>\n<\/ul>\n<p><b>Todas las series y pel\u00edculas de estreno en SkyShowtime<\/b><\/p>\n<p class=\"\">La plataforma SkyShowtime no tiene ning\u00fan estreno programado esta semana. El m\u00e1s cercano ser\u00e1 la segunda temporada de la serie \u2018<b>The Death of Bunny Munro<\/b>\u2019 el pr\u00f3ximo <b>28 de enero.<\/b><\/p>\n<p>Noticias relacionadas<\/p>\n<p class=\"\">Suscr\u00edbete al <a href=\"https:\/\/www.youtube.com\/@meristation\" target=\"_self\" rel=\"nofollow noopener\" title=\"https:\/\/www.youtube.com\/@meristation\">canal de MeriStation en YouTube<\/a>, tu web de videojuegos y entretenimiento para conocer todas las noticias y novedades sobre el mundo del videojuego, cine, series, manga y anime. An\u00e1lisis, entrevistas, tr\u00e1ileres, gameplays, p\u00f3dcast y mucho m\u00e1s. Tambi\u00e9n te animamos a seguir <a href=\"https:\/\/www.tiktok.com\/@meristation\" rel=\"nofollow noopener\" title=\"https:\/\/www.tiktok.com\/@meristation\" target=\"_blank\">nuestra cuenta de TikTok<\/a>. <\/p>\n<p class=\"\">\u00a1S\u00edguenos en ambas y, si est\u00e1s interesado en licenciar este contenido, pincha <a href=\"https:\/\/profesional.elpais.com\/landing-sindicacion\/?utm_medium=interno&amp;utm_source=crosslinking&amp;utm_campaign=sindicacion_as_pie_articulos\" target=\"_blank\" rel=\"nofollow noopener\" title=\"https:\/\/profesional.elpais.com\/landing-sindicacion\/?utm_medium=interno&amp;utm_source=crosslinking&amp;utm_campaign=sindicacion_as_pie_articulos\">aqu\u00ed<\/a>!<\/p>\n<p><script async src=\"\/\/www.tiktok.com\/embed.js\"><\/script><\/p>\n","protected":false},"excerpt":{"rendered":"En el segundo fin de semana del mes, las principales plataformas de streaming tienen estrenos perfectos para remediar&hellip;\n","protected":false},"author":2,"featured_media":330927,"comment_status":"","ping_status":"","sticky":false,"template":"","format":"standard","meta":{"footnotes":""},"categories":[171],"tags":[146,147,25,24,23,214],"class_list":{"0":"post-330926","1":"post","2":"type-post","3":"status-publish","4":"format-standard","5":"has-post-thumbnail","7":"category-tv","8":"tag-entertainment","9":"tag-entretenimiento","10":"tag-es","11":"tag-espana","12":"tag-spain","13":"tag-tv"},"share_on_mastodon":{"url":"https:\/\/pubeurope.com\/@es\/115863902295444985","error":""},"_links":{"self":[{"href":"https:\/\/www.europesays.com\/es\/wp-json\/wp\/v2\/posts\/330926","targetHints":{"allow":["GET"]}}],"collection":[{"href":"https:\/\/www.europesays.com\/es\/wp-json\/wp\/v2\/posts"}],"about":[{"href":"https:\/\/www.europesays.com\/es\/wp-json\/wp\/v2\/types\/post"}],"author":[{"embeddable":true,"href":"https:\/\/www.europesays.com\/es\/wp-json\/wp\/v2\/users\/2"}],"replies":[{"embeddable":true,"href":"https:\/\/www.europesays.com\/es\/wp-json\/wp\/v2\/comments?post=330926"}],"version-history":[{"count":0,"href":"https:\/\/www.europesays.com\/es\/wp-json\/wp\/v2\/posts\/330926\/revisions"}],"wp:featuredmedia":[{"embeddable":true,"href":"https:\/\/www.europesays.com\/es\/wp-json\/wp\/v2\/media\/330927"}],"wp:attachment":[{"href":"https:\/\/www.europesays.com\/es\/wp-json\/wp\/v2\/media?parent=330926"}],"wp:term":[{"taxonomy":"category","embeddable":true,"href":"https:\/\/www.europesays.com\/es\/wp-json\/wp\/v2\/categories?post=330926"},{"taxonomy":"post_tag","embeddable":true,"href":"https:\/\/www.europesays.com\/es\/wp-json\/wp\/v2\/tags?post=330926"}],"curies":[{"name":"wp","href":"https:\/\/api.w.org\/{rel}","templated":true}]}}