{"id":330936,"date":"2026-01-09T07:17:28","date_gmt":"2026-01-09T07:17:28","guid":{"rendered":"https:\/\/www.europesays.com\/es\/330936\/"},"modified":"2026-01-09T07:17:28","modified_gmt":"2026-01-09T07:17:28","slug":"la-escuela-de-cine-de-la-uca-ofrece-un-modulo-sobre-guion-televisivo-impartido-por-javier-olivares-portal-uca","status":"publish","type":"post","link":"https:\/\/www.europesays.com\/es\/330936\/","title":{"rendered":"La Escuela de Cine de la UCA ofrece un m\u00f3dulo sobre guion televisivo impartido por Javier Olivares \u2013 Portal UCA"},"content":{"rendered":"<p data-start=\"333\" data-end=\"495\" style=\"text-align: center;\"><strong>El cocreador de El Ministerio del Tiempo impartir\u00e1 esta acci\u00f3n formativa del 19 de enero al 3 de febrero de 2026 en el edificio Constituci\u00f3n 1812<\/strong><\/p>\n<p data-start=\"497\" data-end=\"906\">La Escuela de Cine de la Universidad de C\u00e1diz pone en marcha el m\u00f3dulo El guion en la ficci\u00f3n televisiva, una acci\u00f3n formativa que se desarrollar\u00e1 del <strong>19 de enero al 3 de febrero de 2026<\/strong>, en horario de 16.30 a 20.30 horas, en el edificio Constituci\u00f3n 1812. El curso estar\u00e1 impartido por el guionista y productor ejecutivo Javier Olivares, una de las figuras m\u00e1s reconocidas del panorama audiovisual espa\u00f1ol.<\/p>\n<p data-start=\"908\" data-end=\"1262\">Esta iniciativa est\u00e1 organizada por el Servicio de Extensi\u00f3n Universitaria del Vicerrectorado de Sostenibilidad y Cultura de la <strong>Universidad de C\u00e1diz<\/strong>, bajo la coordinaci\u00f3n t\u00e9cnica de <strong>Bruto Pomeroy<\/strong>. El m\u00f3dulo cuenta con el patrocinio de la <strong>Diputaci\u00f3n Provincial de C\u00e1diz<\/strong> y la <strong>Fundaci\u00f3n Unicaja<\/strong>, as\u00ed como con la colaboraci\u00f3n del <strong>Ayuntamiento de Puerto Real<\/strong>.<\/p>\n<p data-start=\"1264\" data-end=\"1652\">A trav\u00e9s de sesiones te\u00f3ricas y pr\u00e1cticas, el alumnado podr\u00e1 conocer las claves del oficio de guionista y los procesos creativos que definen la ficci\u00f3n televisiva contempor\u00e1nea. El programa propone un recorrido por la narrativa audiovisual desde sus or\u00edgenes hasta la actualidad, con especial atenci\u00f3n a las transformaciones que han marcado una nueva manera de concebir y producir series.<\/p>\n<p data-start=\"1654\" data-end=\"1948\">Durante el curso se abordar\u00e1 el desarrollo completo de una serie, desde la idea inicial hasta su producci\u00f3n, y se trabajar\u00e1 de forma pr\u00e1ctica sobre aspectos fundamentales como la creaci\u00f3n de personajes, la elaboraci\u00f3n de escaletas y los principales elementos estructurales del guion televisivo.<\/p>\n<p data-start=\"1950\" data-end=\"2487\">Javier Olivares cuenta con una amplia y consolidada trayectoria en el \u00e1mbito de la ficci\u00f3n televisiva. Ha participado como guionista en series como El secreto de la porcelana (TVE), Camino de Santiago, Los hombres de Paco (Antena 3) y Los Serrano (Telecinco), adem\u00e1s de ejercer como director argumental en Ventdelpl\u00e0 (TV3). Ha sido productor ejecutivo de Malaka (TVE) y creador de series como Infidels, Kubala-Moreno i Manch\u00f3n (TV3), V\u00edctor Ros (TVE), Si fueras t\u00fa (TVE Playz) y Atrapa un ladr\u00f3n (Paramount-Telefe).<\/p>\n<p data-start=\"2489\" data-end=\"2988\">Entre sus trabajos m\u00e1s destacados figuran tambi\u00e9n Isabel y El Ministerio del Tiempo, esta \u00faltima creada junto a Pablo Olivares, ambas para TVE. En la actualidad, ha desarrollado la serie Ena, la Reina Victoria Eugenia, pendiente de estreno en TVE, y ha participado como guionista en 33 d\u00edas (Atresmedia), basada en un true crime de la factor\u00eda de Carles Porta. Recientemente ha adaptado su novela Felipe II: Heredar\u00e1s el mundo para Disney y Fonte Films bajo el t\u00edtulo El rey del mundo.<\/p>\n<p data-start=\"2990\" data-end=\"3176\">La informaci\u00f3n completa sobre el m\u00f3dulo y el proceso de inscripci\u00f3n est\u00e1 disponible a trav\u00e9s de los canales habituales del Servicio de Extensi\u00f3n Universitaria de la Universidad de C\u00e1diz:\u00a0<a href=\"https:\/\/celama.uca.es\/cine25-26\/modulo02\/\" rel=\"nofollow noopener\" target=\"_blank\">m\u00e1s informaci\u00f3n e inscripciones<\/a><\/p>\n<p data-start=\"3178\" data-end=\"3203\" data-is-last-node=\"\" data-is-only-node=\"\"><strong>Fotograf\u00eda: Alberto Otero<\/strong><\/p>\n","protected":false},"excerpt":{"rendered":"El cocreador de El Ministerio del Tiempo impartir\u00e1 esta acci\u00f3n formativa del 19 de enero al 3 de&hellip;\n","protected":false},"author":2,"featured_media":330937,"comment_status":"","ping_status":"","sticky":false,"template":"","format":"standard","meta":{"footnotes":""},"categories":[91],"tags":[146,147,25,24,23],"class_list":{"0":"post-330936","1":"post","2":"type-post","3":"status-publish","4":"format-standard","5":"has-post-thumbnail","7":"category-entretenimiento","8":"tag-entertainment","9":"tag-entretenimiento","10":"tag-es","11":"tag-espana","12":"tag-spain"},"share_on_mastodon":{"url":"https:\/\/pubeurope.com\/@es\/115863921931945398","error":""},"_links":{"self":[{"href":"https:\/\/www.europesays.com\/es\/wp-json\/wp\/v2\/posts\/330936","targetHints":{"allow":["GET"]}}],"collection":[{"href":"https:\/\/www.europesays.com\/es\/wp-json\/wp\/v2\/posts"}],"about":[{"href":"https:\/\/www.europesays.com\/es\/wp-json\/wp\/v2\/types\/post"}],"author":[{"embeddable":true,"href":"https:\/\/www.europesays.com\/es\/wp-json\/wp\/v2\/users\/2"}],"replies":[{"embeddable":true,"href":"https:\/\/www.europesays.com\/es\/wp-json\/wp\/v2\/comments?post=330936"}],"version-history":[{"count":0,"href":"https:\/\/www.europesays.com\/es\/wp-json\/wp\/v2\/posts\/330936\/revisions"}],"wp:featuredmedia":[{"embeddable":true,"href":"https:\/\/www.europesays.com\/es\/wp-json\/wp\/v2\/media\/330937"}],"wp:attachment":[{"href":"https:\/\/www.europesays.com\/es\/wp-json\/wp\/v2\/media?parent=330936"}],"wp:term":[{"taxonomy":"category","embeddable":true,"href":"https:\/\/www.europesays.com\/es\/wp-json\/wp\/v2\/categories?post=330936"},{"taxonomy":"post_tag","embeddable":true,"href":"https:\/\/www.europesays.com\/es\/wp-json\/wp\/v2\/tags?post=330936"}],"curies":[{"name":"wp","href":"https:\/\/api.w.org\/{rel}","templated":true}]}}