{"id":330938,"date":"2026-01-09T07:18:13","date_gmt":"2026-01-09T07:18:13","guid":{"rendered":"https:\/\/www.europesays.com\/es\/330938\/"},"modified":"2026-01-09T07:18:13","modified_gmt":"2026-01-09T07:18:13","slug":"epsilon-smile-o-bepicolombo-en-mercurio","status":"publish","type":"post","link":"https:\/\/www.europesays.com\/es\/330938\/","title":{"rendered":"Epsilon, Smile o BepiColombo en Mercurio"},"content":{"rendered":"<p><img id=\"fotoPrincipalNoticia\" src=\"https:\/\/www.europesays.com\/es\/wp-content\/uploads\/2026\/01\/fotonoticia_20260108175636_690.jpg\" loading=\"eager\" decoding=\"async\" style=\"view-transition-name: fechor_20260108175636;\" border=\"0\" alt=\"El director de la Agencia Espacial Europea (ESA), Josef Aschbacher, en una entrevista a Europa Press\" fetchpriority=\"high\" title=\"ESA prev\u00e9 que 2026 sea &quot;uno de los a\u00f1os con m\u00e1s misiones&quot; de su historia: Epsilon, Smile o BepiColombo en Mercurio\" width=\"690\" height=\"460\" itemprop=\"image\"\/><\/p>\n<p>El director de la Agencia Espacial Europea (ESA), Josef Aschbacher, en una entrevista a Europa Press &#8211; JUAN BARBOSA \/\/ EUROPA PRESS<\/p>\n<p>    MADRID 8 Ene. (EUROPA PRESS) &#8211; <\/p>\n<p>   La Agencia Espacial Europea (ESA) prev\u00e9 que el 2026 ser\u00e1 \u00abuno de los a\u00f1os con m\u00e1s misiones y mayor relevancia estrat\u00e9gica\u00bb en su historia, con misiones como Epsilon, Smile o la llegada de BepiColombo en Mercurio.<\/p>\n<p>    As\u00ed lo ha manifestado este jueves en rueda de prensa el director general de la ESA, Josef Aschbacher, quien ha destacado que el 2026 ser\u00e1 un a\u00f1o \u00abdecisivo\u00bb para la agencia.<\/p>\n<p>   \u00abJunto con nuestros Estados miembros y socios, estamos fortaleciendo el papel de Europa en el espacio para la ciencia, la seguridad, la sostenibilidad y la exploraci\u00f3n\u00bb, ha destacado Aschbacher.<\/p>\n<p>    Entre los hitos que prev\u00e9 llevar a cabo la ESA en 2026 destacan el lanzamiento de Smile, una misi\u00f3n que brindar\u00e1 a la humanidad la primera visi\u00f3n completa de c\u00f3mo reacciona la Tierra a las corrientes de part\u00edculas y las r\u00e1fagas de radiaci\u00f3n del Sol.<\/p>\n<p>    El director de la ESA ha destacado que se esperan \u00abmuchas m\u00e1s misiones emocionantes\u00bb, con el lanzamiento de la astronauta de la ESA Sophie Adenot hacia la Estaci\u00f3n Espacial Internacional y varios lanzamientos de Observaci\u00f3n y Navegaci\u00f3n de la Tierra desde el Puerto Espacial Europeo en la Guayana Francesa.<\/p>\n<p>    2026 tambi\u00e9n ser\u00e1 el a\u00f1o de los lanzamientos del primer Ariane 64 y el pr\u00f3ximo Galileo, del impulso del regreso de la humanidad a la Luna, las importantes publicaciones de datos de Gaia y Euclid, la llegada de HERA de la ESA a Didymos y nuevas misiones clim\u00e1ticas como FLEX.<\/p>\n<p>    \u00abEste ser\u00e1 uno de los a\u00f1os con mayor densidad de misiones y de mayor importancia estrat\u00e9gica en la historia de la ESA\u00bb, ha sentenciado el director de la Agencia Espacial Europea.<\/p>\n","protected":false},"excerpt":{"rendered":"El director de la Agencia Espacial Europea (ESA), Josef Aschbacher, en una entrevista a Europa Press &#8211; JUAN&hellip;\n","protected":false},"author":2,"featured_media":330939,"comment_status":"","ping_status":"","sticky":false,"template":"","format":"standard","meta":{"footnotes":""},"categories":[81],"tags":[119,123,124,25,24,117,121,122,23,118,120],"class_list":{"0":"post-330938","1":"post","2":"type-post","3":"status-publish","4":"format-standard","5":"has-post-thumbnail","7":"category-ciencia-y-tecnologia","8":"tag-ciencia","9":"tag-ciencia-y-tecnologia","10":"tag-cienciaytecnologia","11":"tag-es","12":"tag-espana","13":"tag-science","14":"tag-science-and-technology","15":"tag-scienceandtechnology","16":"tag-spain","17":"tag-technology","18":"tag-tecnologia"},"share_on_mastodon":{"url":"https:\/\/pubeurope.com\/@es\/115863925818078530","error":""},"_links":{"self":[{"href":"https:\/\/www.europesays.com\/es\/wp-json\/wp\/v2\/posts\/330938","targetHints":{"allow":["GET"]}}],"collection":[{"href":"https:\/\/www.europesays.com\/es\/wp-json\/wp\/v2\/posts"}],"about":[{"href":"https:\/\/www.europesays.com\/es\/wp-json\/wp\/v2\/types\/post"}],"author":[{"embeddable":true,"href":"https:\/\/www.europesays.com\/es\/wp-json\/wp\/v2\/users\/2"}],"replies":[{"embeddable":true,"href":"https:\/\/www.europesays.com\/es\/wp-json\/wp\/v2\/comments?post=330938"}],"version-history":[{"count":0,"href":"https:\/\/www.europesays.com\/es\/wp-json\/wp\/v2\/posts\/330938\/revisions"}],"wp:featuredmedia":[{"embeddable":true,"href":"https:\/\/www.europesays.com\/es\/wp-json\/wp\/v2\/media\/330939"}],"wp:attachment":[{"href":"https:\/\/www.europesays.com\/es\/wp-json\/wp\/v2\/media?parent=330938"}],"wp:term":[{"taxonomy":"category","embeddable":true,"href":"https:\/\/www.europesays.com\/es\/wp-json\/wp\/v2\/categories?post=330938"},{"taxonomy":"post_tag","embeddable":true,"href":"https:\/\/www.europesays.com\/es\/wp-json\/wp\/v2\/tags?post=330938"}],"curies":[{"name":"wp","href":"https:\/\/api.w.org\/{rel}","templated":true}]}}