{"id":330946,"date":"2026-01-09T07:22:07","date_gmt":"2026-01-09T07:22:07","guid":{"rendered":"https:\/\/www.europesays.com\/es\/330946\/"},"modified":"2026-01-09T07:22:07","modified_gmt":"2026-01-09T07:22:07","slug":"asi-te-hemos-contado-la-victoria-del-real-madrid-ante-el-atletico-de-madrid-en-la-supercopa-de-espana-infobae","status":"publish","type":"post","link":"https:\/\/www.europesays.com\/es\/330946\/","title":{"rendered":"As\u00ed te hemos contado la victoria del Real Madrid ante el Atl\u00e9tico de Madrid en la Supercopa de Espa\u00f1a &#8211; Infobae"},"content":{"rendered":"<ol>\n<li><a href=\"https:\/\/news.google.com\/rss\/articles\/CBMi_AFBVV95cUxNQVBuY3hhdVRLcWtiRHhsRFc5U01UUHhhdWphNUVzSlN5eEhpOXIzeUd6WDFHc2V0X3NvYWx3YUFPSVNVZXhGTTVKTXRpbmtfNTFELW1fcXVrUTdzYzZVNlNyT1FESWRCWFdtdVF6QTNpdDdZX1VieWRvQ2Z5R1RRNWZmM2tIXzh2N2xGNF8wQlg0UjBNQk9LeHNlNGk5eE5nQkVjNkpvamwzN2JBNE5SdkpwTXBpck5ReFl5Z091aHhDamxKRkNSS1NHZWJodWdUNzRlMGc3a3RWNk9LNEllLUcxY1FqVkwwVnF6N0s4UTZVTnlOLU5QVGg2cF_SAZcCQVVfeXFMTzFCaFk2akZCLVgwRTB4c2hNY3JYUHJoUWZUZmI2blptXzB3Q0k1SDR5ay13blU0Rm1XV1pGMzN4SW40RWtDbG5LVXZ1NUtKUHdfTnVINzBCXzVPaEJiT1Z5REFiTEJZQ291azIwRUxIMTR3aUozb3VDMjg3cEZRT1JLS0VRYl93eUc5YnVyQUNzdWNwQkdfTEFwQmtWa1lrQVV4YUMtcnR5eVRhMW1BVEFWeHJObjFiaHZTUEJqMkNLTXdxd1ZrZ2wyeVg1OFVEZUpza1I2QmtacFpad3c1bzNXMFFLSU9aLUJiT2IyY2haQXJBeWRtRjFfb0NkYnM1bDF5WngySHRMMkQxUXRsc2xVVVRBQnpN?oc=5\" target=\"_blank\" rel=\"nofollow noopener\">As\u00ed te hemos contado la victoria del Real Madrid ante el Atl\u00e9tico de Madrid en la Supercopa de Espa\u00f1a<\/a>&nbsp;&nbsp;Infobae<\/li>\n<li><a href=\"https:\/\/news.google.com\/rss\/articles\/CBMibkFVX3lxTFBXSFRERkd6VTJ2TWhhUXRNeFYwN1JDb3VNTmJBbXkwb1lTajFtbV9feEJEM3NiZWUwcjUxYlJWSVRuemV0MzBPNXczRmM3V0Ixczg0RnRFcmoySXlqdU9WQkRqZERDZzQyVnJPdGl30gGCAUFVX3lxTE9KOVk4bWRRSF84aXBGQ0g5aVQ0djhFeHMtOGhqckY3YVlwWUtPS282TnRsMEhVSmxlYTJteGthSDNZOHV6d2VoNjlYRnAzVWExNHNnZDBkVEpOb3lTZkp0UDRya195OVF3M2pibmY1SXYycU0wSFRDeVF4dUJvTUE1QUE?oc=5\" target=\"_blank\" rel=\"nofollow noopener\">Una derrota enga\u00f1osa<\/a>&nbsp;&nbsp;Diario AS<\/li>\n<li><a href=\"https:\/\/news.google.com\/rss\/articles\/CBMi6AFBVV95cUxPajZ3bjZqeFpEcVU2YnU4U3N1WHdOdy1IX0RNOEpZeW5ueWRxY0wwRnU0WWRJUnU5OGNDWHRnM1JxTUdQRXNOZGlYWlZmU3Bnem5sSUJCLW1IODhES3M5WUpESlpBbDdMdHZsNTVuZjZmMDlBMkNuLTgxUGRBbndLcWJTc0NCUzZRXzZvRHM2a0tPZE5mbXg4TDZIcjJEQTY1U2RzeEtlMXQ1dy1MTy1Wa183RHBPa0FxU0psNkFJNDhBbVdjRW1ad2gzWlJpUmpIQ1MwTXl0UWdMNV8xZDlvaHAzYTkycmJS?oc=5\" target=\"_blank\" rel=\"nofollow noopener\">El Real Madrid disputar\u00e1 la final de la Supercopa de Espa\u00f1a contra el Barcelona tras vencer al Atl\u00e9tico por 2-1<\/a>&nbsp;&nbsp;EL PA\u00cdS<\/li>\n<li><a href=\"https:\/\/news.google.com\/rss\/articles\/CBMimwFBVV95cUxOT0J6eFRNUXFBOUNUV05NSmNiOEE4X0NpNlFqdXVoVlRnaUphTmpqTV9lVEFUQ3RIbVB0blN5dzE1VEYzZXB1WHBPRnVmbVdhYWhzdDNmTllZaVB6X3lieTlUMHpUZXBiblk5MURWVEpldXF4TjFYOV9NVnBDdTU2OU5WaU9veG9adl9NR0VrRm01QlF4UFV4Yno4TQ?oc=5\" target=\"_blank\" rel=\"nofollow noopener\">Es el Madrid, pero&#8230; que Dios les pille confesados contra el Bar\u00e7a<\/a>&nbsp;&nbsp;MARCA<\/li>\n<li><a href=\"https:\/\/news.google.com\/rss\/articles\/CBMiywFBVV95cUxNaXNrcUoxUENMV3puQUMtZHpXMVpzMW12Q1loSl94R1Q1blhxSWk2d20yN1hDNDFFT3RpdU54RlYxOWkzcmNMcDlVSTVlTjhLODNLY3JnZDl2Z2N4VktCN2RQRFplSmsyQ2p1OHNyUUxjQktmTUFIcFdqOUpid0ViRWpiNGdCZDdmcGp1LXZfeWFrNjVDNjhxU3BvSXpBM1lZSGhJU0NpcWY2NlptckQ5VWI3cGJKMThjdmZjbjl2RXRWeGtSVjNTWUZsbw?oc=5\" target=\"_blank\" rel=\"nofollow noopener\">Valverde y Rodrygo acaban con el Atl\u00e9tico y permiten a Xabi pelear por su primer t\u00edtulo<\/a>&nbsp;&nbsp;El Confidencial<\/li>\n<\/ol>\n","protected":false},"excerpt":{"rendered":"As\u00ed te hemos contado la victoria del Real Madrid ante el Atl\u00e9tico de Madrid en la Supercopa de&hellip;\n","protected":false},"author":2,"featured_media":330182,"comment_status":"","ping_status":"","sticky":false,"template":"","format":"standard","meta":{"footnotes":""},"categories":[5],"tags":[17,18,25,24,13,14,11,19,20,9,10,15,16,23,12,21,22],"class_list":{"0":"post-330946","1":"post","2":"type-post","3":"status-publish","4":"format-standard","5":"has-post-thumbnail","7":"category-titulares","8":"tag-breaking-news","9":"tag-breakingnews","10":"tag-es","11":"tag-espana","12":"tag-featured-news","13":"tag-featurednews","14":"tag-headlines","15":"tag-latest-news","16":"tag-latestnews","17":"tag-news","18":"tag-noticias","19":"tag-noticias-destacadas","20":"tag-noticiasdestacadas","21":"tag-spain","22":"tag-titulares","23":"tag-ultimas-noticias","24":"tag-ultimasnoticias"},"share_on_mastodon":{"url":"https:\/\/pubeurope.com\/@es\/115863941435281675","error":""},"_links":{"self":[{"href":"https:\/\/www.europesays.com\/es\/wp-json\/wp\/v2\/posts\/330946","targetHints":{"allow":["GET"]}}],"collection":[{"href":"https:\/\/www.europesays.com\/es\/wp-json\/wp\/v2\/posts"}],"about":[{"href":"https:\/\/www.europesays.com\/es\/wp-json\/wp\/v2\/types\/post"}],"author":[{"embeddable":true,"href":"https:\/\/www.europesays.com\/es\/wp-json\/wp\/v2\/users\/2"}],"replies":[{"embeddable":true,"href":"https:\/\/www.europesays.com\/es\/wp-json\/wp\/v2\/comments?post=330946"}],"version-history":[{"count":0,"href":"https:\/\/www.europesays.com\/es\/wp-json\/wp\/v2\/posts\/330946\/revisions"}],"wp:featuredmedia":[{"embeddable":true,"href":"https:\/\/www.europesays.com\/es\/wp-json\/wp\/v2\/media\/330182"}],"wp:attachment":[{"href":"https:\/\/www.europesays.com\/es\/wp-json\/wp\/v2\/media?parent=330946"}],"wp:term":[{"taxonomy":"category","embeddable":true,"href":"https:\/\/www.europesays.com\/es\/wp-json\/wp\/v2\/categories?post=330946"},{"taxonomy":"post_tag","embeddable":true,"href":"https:\/\/www.europesays.com\/es\/wp-json\/wp\/v2\/tags?post=330946"}],"curies":[{"name":"wp","href":"https:\/\/api.w.org\/{rel}","templated":true}]}}