{"id":330947,"date":"2026-01-09T07:27:05","date_gmt":"2026-01-09T07:27:05","guid":{"rendered":"https:\/\/www.europesays.com\/es\/330947\/"},"modified":"2026-01-09T07:27:05","modified_gmt":"2026-01-09T07:27:05","slug":"el-impactante-cambio-fisico-de-paula-badosa-que-es-toda-una-declaracion-de-intenciones-para-la-nueva-temporada","status":"publish","type":"post","link":"https:\/\/www.europesays.com\/es\/330947\/","title":{"rendered":"El impactante cambio f\u00edsico de Paula Badosa que es toda una declaraci\u00f3n de intenciones para la nueva temporada"},"content":{"rendered":"<p class=\"paragraph\">P<b>aula Badosa<\/b> ha irrumpido en la temporada 2026 con una declaraci\u00f3n de intenciones que va mucho m\u00e1s all\u00e1 de sus resultados: su f\u00edsico ha sorprendido tanto como su tenis. La jugadora espa\u00f1ola, de 28 a\u00f1os, ha reaparecido en la escena internacional en el <b>WTA Brisbane International<\/b> mostrando un cuerpo m\u00e1s fuerte, tonificado y preparado para el exigente calendario del circuito profesional, evidenciando que su regreso no es casualidad, sino fruto de un trabajo intenso y meticuloso durante los \u00faltimos meses.<\/p>\n<p class=\"paragraph\">El pasado martes, Badosa se meti\u00f3 en los <b>octavos de final<\/b> del torneo de Brisbane tras ganar un dur\u00edsimo partido de m\u00e1s de tres horas ante la checa <b>Marie Bouzkova (6-7(4), 6-4 y 6-2)<\/b>, sellando una remontada memorable y dejando pistas claras de que su f\u00edsico ha dado un salto cualitativo importante. Pero m\u00e1s all\u00e1 de la victoria, lo que capt\u00f3 la atenci\u00f3n de aficionados y expertos fue la <b>impresionante forma f\u00edsica <\/b>de Badosa. En redes sociales, muchos usuarios comentaron asombrados la definici\u00f3n muscular de sus brazos \u2013tan llamativos que generaron bromas y comparaciones jocosas como \u00ab<b>te da la mano y te carga el m\u00f3vil<\/b>\u00bb\u2013 subrayando que su transformaci\u00f3n no pasa desapercibida.<\/p>\n<p class=\"paragraph\">Este cambio no es un simple capricho est\u00e9tico. Se trata de la culminaci\u00f3n de un proceso de entrenamiento con el objetivo de <b>reforzar su cuerpo tras un periodo complicado marcado por lesiones<\/b>. Badosa no compet\u00eda desde finales de septiembre de 2025, tras retirarse por problemas f\u00edsicos en el <b>WTA 1000 de Pek\u00edn<\/b> y concluir la temporada antes de tiempo, una decisi\u00f3n que le permiti\u00f3 planificar una puesta a punto f\u00edsica m\u00e1s completa de cara al nuevo a\u00f1o.<\/p>\n<p class=\"paragraph\">Fuentes cercanas a su preparaci\u00f3n se\u00f1alan que los \u00faltimos meses los ha dedicado a trabajar codo con codo con su equipo t\u00e9cnico y f\u00edsico para fortalecer su cuerpo y, sobre todo, prevenir futuras lesiones. Aunque Badosa ha tenido hist\u00f3ricamente un juego explosivo \u2013y eso conlleva desgaste f\u00edsico\u2013 <b>esta nueva etapa incluye un enfoque m\u00e1s equilibrado<\/b> entre potencia, resistencia y control corporal, con ejercicios espec\u00edficos para hombros, tronco y piernas, aspectos clave para aguantar los embates de una temporada exigente.<\/p>\n<p>Torneo positivo pese a caer en octavos<\/p>\n<p class=\"paragraph\">Despu\u00e9s de la victoria ante Bouzkova, su siguiente rival en Brisbane fue la kazaja <b>Elena Rybakina<\/b>, n\u00famero 3 del mundo y una de las grandes favoritas al t\u00edtulo. En octavos de final, <b>Badosa no pudo con la potencia y el ritmo de Rybakina, cayendo por 6-3 y 6-2<\/b>.<b> <\/b>Lejos de ser un rev\u00e9s, este partido sirve como una valiosa prueba de fuego para la espa\u00f1ola: enfrentarse a una jugadora de alto calibre tras meses de ausencia f\u00edsica y competitiva es un est\u00edmulo para seguir construyendo.<\/p>\n<p class=\"paragraph\">M\u00e1s all\u00e1 del resultado, lo que m\u00e1s se ha destacado en su juego es precisamente esa resistencia, fortaleza y presencia f\u00edsica que ha ganado, lo que ser\u00e1 clave para afrontar los grandes objetivos de la temporada, entre ellos el <b>Open de Australia <\/b>que empieza la pr\u00f3xima semana y donde Badosa defiende semifinales.<\/p>\n<p class=\"paragraph\">El camino que est\u00e1 haciendo ahora Badosa recuerda inevitablemente al de otra de las figuras m\u00e1s emblem\u00e1ticas del tenis espa\u00f1ol: <b>Rafa Nadal<\/b>. El balear, quien en la \u00faltima etapa de su carrera profesional enfrent\u00f3 una serie de lesiones cr\u00f3nicas\u2013incluyendo problemas de cadera y espalda\u2013 <b>tambi\u00e9n tuvo que replantear su preparaci\u00f3n f\u00edsica de manera radical<\/b> para poder competir al m\u00e1s alto nivel y extender su carrera. Nadal, tras una operaci\u00f3n y largos periodos de rehabilitaci\u00f3n, incorpor\u00f3 programas de entrenamiento enfocados en fortalecer la musculatura que soporta los movimientos explosivos del tenis y adaptar su preparaci\u00f3n a las demandas del circuito moderno.<\/p>\n<p class=\"paragraph\">Aunque sus contextos deportivos y etapas de carrera son distintos, el paralelismo entre Nadal y Badosa es claro: ambos entendieron que en el tenis actual \u2013con una exigencia f\u00edsica brutal y calendarios largos\u2013<b> el f\u00edsico es tanto una herramienta de rendimiento como de supervivencia.<\/b> Y ese nuevo enfoque de Badosa, visible ahora en su musculatura y su presencia en pista, env\u00eda un mensaje inequ\u00edvoco: vuelve fuerte y con la intenci\u00f3n de competir con las mejores del mundo.<\/p>\n<p class=\"c-detail__media__subtitle composite_image\">\n<p>        Rafael Nadal y Paula BadosaAFP7 v\u00eda Europa Press<\/p>\n<p class=\"paragraph\">El impacto del cambio f\u00edsico de Paula Badosa trasciende lo que se ve en las im\u00e1genes o el marcador. Es un reflejo de su mentalidad renovada despu\u00e9s de un ciclo dif\u00edcil de lesiones y altibajos. La propia tenista ha expresado en varias ocasiones la importancia de estar \u00ab<b>emocionada e ilusionada<\/b>\u00bb por volver a su mejor nivel y competir plenamente, y esa ilusi\u00f3n se nota en su postura y en cada uno de sus entrenamientos previos a los torneos.<\/p>\n<p class=\"paragraph\">Con este nuevo aspecto y una preparaci\u00f3n enfocada en la consistencia y la salud f\u00edsica, <b>Badosa afronta 2026 con ambici\u00f3n<\/b>: mantenerse arriba en el ranking, volver a pelear por t\u00edtulos importantes y, sobre todo, disfrutar del tenis, cosa que en los \u00faltimos a\u00f1os le ha resultado complicado<\/p>\n","protected":false},"excerpt":{"rendered":"Paula Badosa ha irrumpido en la temporada 2026 con una declaraci\u00f3n de intenciones que va mucho m\u00e1s all\u00e1&hellip;\n","protected":false},"author":2,"featured_media":330948,"comment_status":"","ping_status":"","sticky":false,"template":"","format":"standard","meta":{"footnotes":""},"categories":[274],"tags":[168,25,24,23,167,327,326],"class_list":{"0":"post-330947","1":"post","2":"type-post","3":"status-publish","4":"format-standard","5":"has-post-thumbnail","7":"category-tenis","8":"tag-deportes","9":"tag-es","10":"tag-espana","11":"tag-spain","12":"tag-sports","13":"tag-tenis","14":"tag-tennis"},"share_on_mastodon":{"url":"https:\/\/pubeurope.com\/@es\/115863961083900598","error":""},"_links":{"self":[{"href":"https:\/\/www.europesays.com\/es\/wp-json\/wp\/v2\/posts\/330947","targetHints":{"allow":["GET"]}}],"collection":[{"href":"https:\/\/www.europesays.com\/es\/wp-json\/wp\/v2\/posts"}],"about":[{"href":"https:\/\/www.europesays.com\/es\/wp-json\/wp\/v2\/types\/post"}],"author":[{"embeddable":true,"href":"https:\/\/www.europesays.com\/es\/wp-json\/wp\/v2\/users\/2"}],"replies":[{"embeddable":true,"href":"https:\/\/www.europesays.com\/es\/wp-json\/wp\/v2\/comments?post=330947"}],"version-history":[{"count":0,"href":"https:\/\/www.europesays.com\/es\/wp-json\/wp\/v2\/posts\/330947\/revisions"}],"wp:featuredmedia":[{"embeddable":true,"href":"https:\/\/www.europesays.com\/es\/wp-json\/wp\/v2\/media\/330948"}],"wp:attachment":[{"href":"https:\/\/www.europesays.com\/es\/wp-json\/wp\/v2\/media?parent=330947"}],"wp:term":[{"taxonomy":"category","embeddable":true,"href":"https:\/\/www.europesays.com\/es\/wp-json\/wp\/v2\/categories?post=330947"},{"taxonomy":"post_tag","embeddable":true,"href":"https:\/\/www.europesays.com\/es\/wp-json\/wp\/v2\/tags?post=330947"}],"curies":[{"name":"wp","href":"https:\/\/api.w.org\/{rel}","templated":true}]}}