{"id":330955,"date":"2026-01-09T07:33:07","date_gmt":"2026-01-09T07:33:07","guid":{"rendered":"https:\/\/www.europesays.com\/es\/330955\/"},"modified":"2026-01-09T07:33:07","modified_gmt":"2026-01-09T07:33:07","slug":"el-bellas-artes-de-asturias-ante-su-ultimo-gran-obstaculo","status":"publish","type":"post","link":"https:\/\/www.europesays.com\/es\/330955\/","title":{"rendered":"El Bellas Artes de Asturias, ante su \u00faltimo gran obst\u00e1culo"},"content":{"rendered":"<p>Es la del <a href=\"https:\/\/www.elcomercio.es\/culturas\/arte\/hallazgo-frena-obra-bellas-artes-asturias-20260107073531-nt.html\" title=\"www.elcomercio.es\" data-voc-vtm-id=\"in-text-traffic\" data-mrf-link=\"www.elcomercio.es\" rel=\"nofollow noopener\" target=\"_blank\">Museo de Bellas Artes<\/a> una continua historia de demoras, de mil problemas con los que lidiar para ir avanzando y creciendo,  &#8230; eso s\u00ed, con paso firme. No fueron f\u00e1ciles los inicios de la ampliaci\u00f3n, all\u00e1 por el comienzo de siglo XX, para un museo que abri\u00f3 sus puertas en 1980 y que necesitaba metros para expandirse y hacerse grande. Y un paseo por las hemerotecas conduce a saber datos tan curiosos como que en 2003 se pensaba que podr\u00eda abrir sus puertas en 2007 \u2013que fue en realidad el a\u00f1o en que se puso la primera piedra\u2013 y que llegada esa fecha se hablaba de 2010 y entonces, del 2011 y hasta la primavera de 2015 no fue que se inaugur\u00f3 la primera fase de la ampliaci\u00f3n. Expropiaciones, permutas y mil l\u00edos jalonaron la ruta que diecis\u00e9is a\u00f1os antes abri\u00f3 un entusiasta Vicente \u00c1lvarez Areces, candidato a\u00fan entonces a la Presidencia del Principado, cuando habl\u00f3 de la &#8216;manzana de oro cultural&#8217; de Oviedo. Era una manzana en sentido puramente urban\u00edstico, que tuvo algo de envenenamiento para ampliar el hist\u00f3rico Palacio de Velarde y unirlo con la Casa Oviedo Portal, para que hubiera paredes m\u00faltiples en las que lucir tanto arte. Y eso requiri\u00f3 de compras, permutas y de la expropiaci\u00f3n del n\u00famero 12 de la calle de la R\u00faa en el a\u00f1o 2006. Aquel parec\u00eda entonces el \u00faltimo escollo, pero la terca realidad ha puesto m\u00e1s obst\u00e1culos en el camino. <\/p>\n<p class=\"v-p\">El proyecto del arquitecto navarrro Patxi Mangado, que abri\u00f3 el museo a la plaza de la Catedral y le dio una segunda piel interna, tambi\u00e9n tuvo que pasar un informe arqueol\u00f3gico antes de ejecutarse y fue obligado conservar algunos de los restos hallados. Es sobre el Oviedo m\u00e1s f\u00e9rtil en historia en el que se ancla esta apuesta por el arte con may\u00fasculas con una colecci\u00f3n que incluye obras de autores que van de Picasso a Dal\u00ed pasando por Mir\u00f3, Goya o el Greco. Y, de nuevo, en esta \u00faltima fase de la ampliaci\u00f3n, la arqueolog\u00eda ha frenado el avance de las m\u00e1quinas con la aparici\u00f3n de notables restos que conducen a conocer mejor el Oviedo medieval y moderno.<\/p>\n<p class=\"v-p\">La investigaci\u00f3n arqueol\u00f3gica es, a decir de la Consejer\u00eda de Cultura \u2013de la que depende el espacio por mucho que la financiaci\u00f3n de ampliaci\u00f3n corra con cargo a Turismo\u2013 la raz\u00f3n \u00fanica de que la obra est\u00e9 parada. Por eso este 2026 ha de ser el a\u00f1o definitivo, el crucial, finalizado ya ese trance. Y lo saben en los \u00f3rganos de gobierno del museo y en la direcci\u00f3n reci\u00e9n estrenada por Mar\u00eda L\u00f3pez-Fanjul. Ella se incorpor\u00f3 hace algo m\u00e1s de un mes cargada de ideas, de ganas de multiplicar la presencia del museo por todos los \u00e1mbitos y geograf\u00edas de Asturias, pero en un momento sin duda complejo y muy delicado, por cuanto los m\u00e1s de cinco millones de financiaci\u00f3n que el Gobierno central aprob\u00f3 para la ampliaci\u00f3n de la pinacoteca regional provienen de los fondos Next Generation de la Uni\u00f3n Europea, a trav\u00e9s del llamado Plan de Modernizaci\u00f3n y Competitividad del sector tur\u00edstico, para el que se aprob\u00f3 una inversi\u00f3n de 62 millones para toda Espa\u00f1a. En el caso de los fondos que ya recibi\u00f3 Asturias est\u00e1n vinculados al Camino de Santiago. <\/p>\n<p class=\"v-p\">Esa financiaci\u00f3n tiene fecha de caducidad. Y esa situaci\u00f3n hace que, en los \u00faltimos meses, se hayan encendido todas las alarmas. A las denuncias del PP alertando de que ese dinero se tendr\u00e1 que devolver si no se ejecutan los trabajos en tiempo y forma, se han unido las constantes preguntas en las juntas de gobierno de la instituci\u00f3n cultural asturiana por parte de los patronos, para las que no ha habido una respuesta clara por parte del Gobierno asturiano. La \u00faltima cita fue el 30 de diciembre, en un cierre de a\u00f1o cargadito de dudas y temores. Incluso hay pendiente una visita a esas excavaciones arqueol\u00f3gicas para que los patronos puedan ver los hallazgos.<\/p>\n<p class=\"v-p\">\u00abEl Reglamento del MRR y las decisiones de ejecuci\u00f3n adoptadas por el Consejo establecen que todos los hitos y objetivos para la aplicaci\u00f3n de las reformas e inversiones deben haberse completado a m\u00e1s tardar el 31 de agosto de 2026. En consonancia con dichas disposiciones, las medidas adoptadas despu\u00e9s del 31 de agosto de 2026 para cumplir los hitos y objetivos no pueden tenerse en cuenta en la evaluaci\u00f3n de las solicitudes de pago. Esto tambi\u00e9n se aplica a las medidas adoptadas para garantizar el cumplimiento satisfactorio de los hitos y objetivos cubiertos por decisiones de suspensi\u00f3n adoptadas antes del 31 de agosto de 2026\u00bb, reza una comunicaci\u00f3n de la Comisi\u00f3n al Parlamento y el Consejo europeos para advertir a los estados miembros de que la cuenta atr\u00e1s ha comenzado, que la prisa acucia.<\/p>\n<p class=\"v-p\">Claro est\u00e1 que la obra del Bellas Artes no estar\u00e1 concluida en esa fecha, porque ni siquiera a d\u00eda de hoy se sabe cu\u00e1ndo la Comisi\u00f3n del Patrimonio del Principado analizar\u00e1 el informe arqueol\u00f3gico que habr\u00e1 de determinar qu\u00e9 hacer con los restos hallados. Habr\u00e1 de ordenar qu\u00e9 conservar en el Museo Arqueol\u00f3gico o mostrar en el nuevo edificio de alguna manera, como sucede en el actual inmueble de la ampliaci\u00f3n, que revela bajo cristales en su suelo algunos vestigios del Oviedo medieval. <\/p>\n<p class=\"v-p\">Desde el Gobierno asturiano se insiste en todo caso en que habr\u00e1 obra: \u00abLas actuaciones se retomar\u00e1n pr\u00f3ximamente y el presupuesto tiene garantizada su ejecuci\u00f3n\u00bb, aseguran desde la Consejer\u00eda de Turismo. No se aporta ninguna fecha para el arranque de los esperad\u00edsimos trabajos.<\/p>\n<p class=\"v-p\">Dicho todo lo dicho, y llegados a este punto, conviene recordar que las obras debieron haber comenzado en el a\u00f1o 2022, pero problemas administrativos acabaron por demorar todo el proceso previo. Fue a finales de 2021 cuando se empezaron a desalojar las zonas afectadas, lo que supuso que se movieran treinta toneladas de libros y dos mil obras de arte. Luego, se trasladaron los despachos y el personal. Y el plan, ese siempre ha sido el mismo, es que el museo permanezca siempre abierto, aunque pueda tener que asumir algunos cierres parciales.<\/p>\n<p class=\"v-p\">Fue en julio de 2024 cuando empezaron a verse movimientos de obra, que en octubre dar\u00edan como resultado la demolici\u00f3n del edificio de la calle de San Ana \u2013no sin pol\u00e9mica, hubo rechazo por parte de algunos historiadores a ese derribo\u2013 que permitir\u00e1 levantar el nuevo inmueble de 1.838 metros cuadrados construidos, que se distribuir\u00e1n entre dos s\u00f3tanos, planta baja y tres alturas. El edificio es una pieza intermedia que da servicio a los otros dos inmuebles actuales, el de la Ampliaci\u00f3n y Velarde, lo que facilitar\u00e1 la comunicaci\u00f3n de ambos. El espacio se distribuir\u00e1 entre dos s\u00f3tanos, planta baja y tres alturas. El edificio albergar\u00e1 un sal\u00f3n de actos en la planta baja, el taller de restauraci\u00f3n en la primera, las oficinas y dependencias administrativas en el segundo piso y en la tercera planta, con vistas hacia la Catedral, la tienda y la cafeter\u00eda. Tambi\u00e9n dispondr\u00e1 de dos plantas a modo de s\u00f3tano, -1 y -2, que permitir\u00e1n conectar este nuevo edificio con el s\u00f3tano -2 de la fase I y as\u00ed hacer operativos los almacenes, as\u00ed como unir el s\u00f3tano -1 de la fase I, permitiendo acceso a la sala de exposiciones temporales. El presupuesto inicial era de 5,4 millones de euros aunque, finalmente, la obra dise\u00f1ada por Mangado se adjudic\u00f3 en 4,4 millones. Tambi\u00e9n se redujo el tiempo de ejecuci\u00f3n, pasando de 24 meses a 20.<\/p>\n<p class=\"v-p\">En aquel ya lejano 2015 en el que se inaugur\u00f3 la primera fase de la ampliaci\u00f3n y el museo comenz\u00f3 a dar su gran salto, empez\u00f3 a multiplicar sus visitantes. Casi 146.000 recorrieron sus salas en 2024. Y el crecimiento se augura que continuar\u00e1 con el proyecto concluido. Pero el temor est\u00e1 ah\u00ed, siempre latente, por las condiciones concretas de esos fondos europeos generados para revitalizar el continente tras la pandemia del covid. Ha habido casos ya en los que se han devuelto fondos de la convocatoria por falta de ejecuci\u00f3n. Ha ocurrido, sin ir m\u00e1s lejos, con el Ayuntamiento de Pamplona, que devolvi\u00f3 a finales del pasado a\u00f1o al Gobierno central 312.152 euros de subvenciones destinadas a programas de apoyo al comercio porque algunas de las 59 actuaciones previstas no se ejecutaron o se ejecutaron fuera del plazo previsto.<\/p>\n","protected":false},"excerpt":{"rendered":"Es la del Museo de Bellas Artes una continua historia de demoras, de mil problemas con los que&hellip;\n","protected":false},"author":2,"featured_media":330956,"comment_status":"","ping_status":"","sticky":false,"template":"","format":"standard","meta":{"footnotes":""},"categories":[173],"tags":[1575,229,233,1968,231,230,1967,232,234,146,147,25,24,3956,10299,23,3667],"class_list":{"0":"post-330955","1":"post","2":"type-post","3":"status-publish","4":"format-standard","5":"has-post-thumbnail","7":"category-arte-y-diseno","8":"tag-ante","9":"tag-arte","10":"tag-arte-y-diseno","11":"tag-artes","12":"tag-arts","13":"tag-arts-and-design","14":"tag-bellas","15":"tag-design","16":"tag-diseno","17":"tag-entertainment","18":"tag-entretenimiento","19":"tag-es","20":"tag-espana","21":"tag-gran","22":"tag-obstaculo","23":"tag-spain","24":"tag-ultimo"},"share_on_mastodon":{"url":"https:\/\/pubeurope.com\/@es\/115863984665588290","error":""},"_links":{"self":[{"href":"https:\/\/www.europesays.com\/es\/wp-json\/wp\/v2\/posts\/330955","targetHints":{"allow":["GET"]}}],"collection":[{"href":"https:\/\/www.europesays.com\/es\/wp-json\/wp\/v2\/posts"}],"about":[{"href":"https:\/\/www.europesays.com\/es\/wp-json\/wp\/v2\/types\/post"}],"author":[{"embeddable":true,"href":"https:\/\/www.europesays.com\/es\/wp-json\/wp\/v2\/users\/2"}],"replies":[{"embeddable":true,"href":"https:\/\/www.europesays.com\/es\/wp-json\/wp\/v2\/comments?post=330955"}],"version-history":[{"count":0,"href":"https:\/\/www.europesays.com\/es\/wp-json\/wp\/v2\/posts\/330955\/revisions"}],"wp:featuredmedia":[{"embeddable":true,"href":"https:\/\/www.europesays.com\/es\/wp-json\/wp\/v2\/media\/330956"}],"wp:attachment":[{"href":"https:\/\/www.europesays.com\/es\/wp-json\/wp\/v2\/media?parent=330955"}],"wp:term":[{"taxonomy":"category","embeddable":true,"href":"https:\/\/www.europesays.com\/es\/wp-json\/wp\/v2\/categories?post=330955"},{"taxonomy":"post_tag","embeddable":true,"href":"https:\/\/www.europesays.com\/es\/wp-json\/wp\/v2\/tags?post=330955"}],"curies":[{"name":"wp","href":"https:\/\/api.w.org\/{rel}","templated":true}]}}