{"id":330957,"date":"2026-01-09T07:35:09","date_gmt":"2026-01-09T07:35:09","guid":{"rendered":"https:\/\/www.europesays.com\/es\/330957\/"},"modified":"2026-01-09T07:35:09","modified_gmt":"2026-01-09T07:35:09","slug":"carlos-lozano-concursante-de-gh-duo-4-revela-el-verdadero-motivo-de-su-retirada-de-la-television-durante-cuatro-anos","status":"publish","type":"post","link":"https:\/\/www.europesays.com\/es\/330957\/","title":{"rendered":"Carlos Lozano, concursante de &#8216;GH D\u00daO 4&#8217;, revela el verdadero motivo de su retirada de la televisi\u00f3n durante cuatro a\u00f1os"},"content":{"rendered":"<p><strong>La organizaci\u00f3n de \u2018GH D\u00daO\u2019<\/strong> llevaba d\u00edas anunciando <strong>un fichaje bomba<\/strong>. Emit\u00edan anuncios en los que aseguraban que alguien que llevaba cuatro a\u00f1os retirado de la televisi\u00f3n, iba a regresar como concursante. Pues bien, misterio resuelto. <a href=\"https:\/\/www.lecturas.com\/television\/mejores-momentos-gala-estreno-gh-duo-salto-normas-queja-audiencia-proximas-incorporaciones_186925\" rel=\"nofollow noopener\" target=\"_blank\">La gala de estreno del reality de Telecinco,<\/a> ha supuesto<strong> la vuelta de Carlos Lozano<\/strong> (63 a\u00f1os) a la peque\u00f1a pantalla. Ha regresado <a href=\"https:\/\/www.lecturas.com\/television\/gh-duo-4-listado-completo-todos-concursantes-confirmados_186458\" rel=\"nofollow noopener\" target=\"_blank\">como concursante de la nueva edici\u00f3n<\/a> del programa de convivencia. Una vuelta en la que ha dejado varias confesiones.<\/p>\n<p>La raz\u00f3n por la que Carlos dej\u00f3 la televisi\u00f3n<\/p>\n<p>Por un lado, Carlos Lozano ha contado <strong>el motivo por el que ha estado ausente<\/strong> de la televisi\u00f3n durante a\u00f1os. En una de sus primeras conexiones con Jorge Javier V\u00e1zquez, ha contado que <strong>\u00abme hac\u00eda falta un respiro<\/strong>, pero\u00a0cuando habl\u00e9 con &#8216;Gran Hermano&#8217;\u00a0de nuevo, vi al equipo y dije\u2026 Vamos para adelante\u00bb. Por tanto, la necesidad de descansar y de desconectar fue lo que hizo que Carlos se retirara durante un tiempo del medio en el que trabaj\u00f3 durante a\u00f1os como presentador, colaborador e incluso como concursante de este mismo reality.<\/p>\n<p><img loading=\"lazy\" decoding=\"async\"   src=\"https:\/\/www.europesays.com\/es\/wp-content\/uploads\/2026\/01\/carlos-lozano_8e51d05a_260109061233_1200x663.webp.webp\" alt=\"Carlos Lozano\" class=\"lazyload\" width=\"1200\" height=\"663\" data-aspectratio=\"1200\/663\"\/><\/p>\n<p>Ha contado que necesit\u00f3 un respiro y que de ah\u00ed su marcha de la peque\u00f1a pantalla.<\/p>\n<p>&#13;Telecinco<\/p>\n<p>Cabe recordar que hace unos a\u00f1os, <strong>Carlos Lozano particip\u00f3 en \u2018GH VIP\u2019<\/strong>. Lleg\u00f3 hasta la gran final. Carlos se hizo <strong>con la segunda posici\u00f3n<\/strong> en una edici\u00f3n que gan\u00f3 Laura Matamoros. De hecho, ha recordado que \u00abla primera vez qued\u00e9 segundo, vamos a ver si la segunda gano\u00bb. Por tanto, sabe bien lo que es participar en el reality de convivencia. Un concurso en el que ahora se ha reencontrado con viejos conocidos con los que ya ha protagonizado alg\u00fan que otro momento destacado.<\/p>\n<p>Sus reencuentros con Bel\u00e9n Rodr\u00edguez y Cristina Piaget<\/p>\n<p>Una de las personas a las que ha vuelto a ver <strong>ha sido a Bel\u00e9n Rodr\u00edguez.<\/strong> Carlos Lozano y la colaboradora se conocen desde hace a\u00f1os. Y no solo eso. Tal y como ha reconocido Bel\u00e9n durante el estreno de \u2018GH D\u00daO\u2019, <strong>tuvieron un tonteo<\/strong>. Sin embargo, lo suyo no fue a m\u00e1s. Entre otras cosas, porque tal y como ha dicho Bel\u00e9n sobre \u00e9l, \u201cme cae muy bien, pero\u00a0luego tiene su punto insoportable, eso lo sabemos todos\u201d.<\/p>\n<p><img loading=\"lazy\" decoding=\"async\"   src=\"https:\/\/www.europesays.com\/es\/wp-content\/uploads\/2026\/01\/belen-rodriguez-y-carlos-lozano_7c6a480d_260109061128_1200x666.webp.webp\" alt=\"Bel\u00e9n Rodr\u00edguez y Carlos Lozano\" class=\"lazyload\" width=\"1200\" height=\"666\" data-aspectratio=\"1200\/666\"\/><\/p>\n<p>Bel\u00e9n y Carlos han sacado a relucir su tonteo del pasado.<\/p>\n<p>&#13;Telecinco<\/p>\n<p>A la que tambi\u00e9n conoce Carlos Lozano desde hace mucho tiempo, es <strong>a Cristina Piaget<\/strong>. \u00ab\u00c9ramos muy inocentes en los 90\u00bb, ha dicho Carlos al ver a la actriz pero sin entrar en m\u00e1s detalles sobre qu\u00e9 tipo de relaci\u00f3n tuvieron. Lo que s\u00ed han dejado claro los dos en ese momento, han sido que llegan al reality con ganas y que esperan llevarse bien y llegar cuanto m\u00e1s lejos mejor. Eso s\u00ed, una vez que ha terminado la gala, Carlos s\u00ed ha desvelado lo que hubo entre ellos.<\/p>\n<p><img loading=\"lazy\" decoding=\"async\"   src=\"https:\/\/www.europesays.com\/es\/wp-content\/uploads\/2026\/01\/cristina-piaget-y-carlos-lozano_f8471ceb_260109061030_1200x666.webp.webp\" alt=\"Cristina Piaget y Carlos lozano\" class=\"lazyload\" width=\"1200\" height=\"666\" data-aspectratio=\"1200\/666\"\/><\/p>\n<p>Carlos ha contado que en el pasado, tuvo algo m\u00e1s que una amistad con Cristina.<\/p>\n<p>&#13;Telecinco<\/p>\n<p>En el minutado de \u2018GH D\u00daO\u2019, han contado que una de las primeras confesiones de Carlos Lozano <strong>en la casa de Tres Cantos<\/strong> ha sido que \u00abyo no tengo ning\u00fan problema en reconocerlo. Nos mir\u00e1bamos a los ojos y nos bes\u00e1bamos en los labios. Fue muy bonito\u00bb. Por tanto, seg\u00fan el presentador,<strong> Cristina y \u00e9l tuvieron algo m\u00e1s<\/strong> que una amistad en el pasado.<\/p>\n<p>El de Bel\u00e9n Rodr\u00edguez y el de Cristina Piaget no han sido los \u00fanicos nombres que Carlos Lozano ha escuchado en cuanto a su pasado amoroso se refiere. En una de las primeras conversaciones que ha mantenido con su compa\u00f1ero Mario Jefferson, el cantante le ha preguntado <strong>por su ex Miriam Saavedra<\/strong>. Aunque no se ha podido escuchar la respuesta del presentador, el artista ha dicho minutos despu\u00e9s que ha sentido que ha metido la pata al preguntarle por ella. Habr\u00e1 que esperar a ver si Carlos cuenta m\u00e1s sobre su actual relaci\u00f3n con la mujer con la que estuvo durante a\u00f1os.<\/p>\n","protected":false},"excerpt":{"rendered":"La organizaci\u00f3n de \u2018GH D\u00daO\u2019 llevaba d\u00edas anunciando un fichaje bomba. Emit\u00edan anuncios en los que aseguraban que&hellip;\n","protected":false},"author":2,"featured_media":330958,"comment_status":"","ping_status":"","sticky":false,"template":"","format":"standard","meta":{"footnotes":""},"categories":[171],"tags":[146,147,25,24,23,214],"class_list":{"0":"post-330957","1":"post","2":"type-post","3":"status-publish","4":"format-standard","5":"has-post-thumbnail","7":"category-tv","8":"tag-entertainment","9":"tag-entretenimiento","10":"tag-es","11":"tag-espana","12":"tag-spain","13":"tag-tv"},"share_on_mastodon":{"url":"https:\/\/pubeurope.com\/@es\/115863992594912684","error":""},"_links":{"self":[{"href":"https:\/\/www.europesays.com\/es\/wp-json\/wp\/v2\/posts\/330957","targetHints":{"allow":["GET"]}}],"collection":[{"href":"https:\/\/www.europesays.com\/es\/wp-json\/wp\/v2\/posts"}],"about":[{"href":"https:\/\/www.europesays.com\/es\/wp-json\/wp\/v2\/types\/post"}],"author":[{"embeddable":true,"href":"https:\/\/www.europesays.com\/es\/wp-json\/wp\/v2\/users\/2"}],"replies":[{"embeddable":true,"href":"https:\/\/www.europesays.com\/es\/wp-json\/wp\/v2\/comments?post=330957"}],"version-history":[{"count":0,"href":"https:\/\/www.europesays.com\/es\/wp-json\/wp\/v2\/posts\/330957\/revisions"}],"wp:featuredmedia":[{"embeddable":true,"href":"https:\/\/www.europesays.com\/es\/wp-json\/wp\/v2\/media\/330958"}],"wp:attachment":[{"href":"https:\/\/www.europesays.com\/es\/wp-json\/wp\/v2\/media?parent=330957"}],"wp:term":[{"taxonomy":"category","embeddable":true,"href":"https:\/\/www.europesays.com\/es\/wp-json\/wp\/v2\/categories?post=330957"},{"taxonomy":"post_tag","embeddable":true,"href":"https:\/\/www.europesays.com\/es\/wp-json\/wp\/v2\/tags?post=330957"}],"curies":[{"name":"wp","href":"https:\/\/api.w.org\/{rel}","templated":true}]}}