{"id":330959,"date":"2026-01-09T07:37:07","date_gmt":"2026-01-09T07:37:07","guid":{"rendered":"https:\/\/www.europesays.com\/es\/330959\/"},"modified":"2026-01-09T07:37:07","modified_gmt":"2026-01-09T07:37:07","slug":"musica-para-camaleones-%e2%98%85%e2%98%85-1-2","status":"publish","type":"post","link":"https:\/\/www.europesays.com\/es\/330959\/","title":{"rendered":"m\u00fasica para camaleones \u2605\u2605 1\/2"},"content":{"rendered":"<p>Pongamos por caso que \u201cSong Sung Blue\u201d tuviera una versi\u00f3n espa\u00f1ola en un universo paralelo en el que hubieran existido, por ejemplo, unos imitadores de Raphael o de Camela o de Andy &amp; Lucas. En \u201cSuperstar\u201d Nacho Vigalondo nos ha ense\u00f1ado, con su atrevida meditaci\u00f3n sobre la vida de Yurena\/Tamara, que la distancia ir\u00f3nica no siempre es la mejor manera de abordar un icono kistch, <b>y lo mismo servir\u00eda para homenajear a todos esos artistas de covers de club de carretera<\/b> o de fiestas verbeneras que han paseado sus delirios de grandeza por plazas dif\u00edciles de torear.<\/p>\n<p>Es, en definitiva, lo que hace Craig Brewer (\u201cLas vidas de Sing Sing\u201d) cuando retrata, c\u00f3mo no, el auge y la ca\u00edda y la resurrecci\u00f3n de Lightning and Thunder, los \u2018copycats\u2019 de Neil Diamond que llegaron a ser teloneros de Pearl Jam, y que, en concierto, por obra y gracia de la entrega y el entusiasmo de Hugh Jackman y Kate Hudson, casi cantan mejor que el original.<\/p>\n<p>No hay ni un \u00e1pice de superioridad moral en su acercamiento a esta pareja de so\u00f1adores, t\u00edpicos representantes de la \u2018white trash\u2019 m\u00e1s recalcitrante, aunque el arco dram\u00e1tico de sus vidas, que Brewer saca de un documental del 2008, parezca dise\u00f1ado, con escuadra y cartab\u00f3n, <b>para manipular al gran p\u00fablico y democratizar sus l\u00e1grimas.<\/b> En ese sentido, cuando se trata de puntualizar la carrera hacia el \u00e9xito de este par de perdedores enamorados con la irrupci\u00f3n de la tragedia, la pel\u00edcula no puede ser m\u00e1s t\u00f3pica y sensiblera.<\/p>\n<p><b>Lo mejor:<\/b><\/p>\n<p>Jackman y Hudson d\u00e1ndolo todo y m\u00e1s sobre los escenarios menos glamourosos.<\/p>\n<p><b>Lo peor:<\/b><\/p>\n<p>Su estructura dram\u00e1tica es previsible y melodram\u00e1tica, en el sentido peyorativo de la palabra.<\/p>\n","protected":false},"excerpt":{"rendered":"Pongamos por caso que \u201cSong Sung Blue\u201d tuviera una versi\u00f3n espa\u00f1ola en un universo paralelo en el que&hellip;\n","protected":false},"author":2,"featured_media":330960,"comment_status":"","ping_status":"","sticky":false,"template":"","format":"standard","meta":{"footnotes":""},"categories":[169],"tags":[177,146,147,25,24,176,175,23],"class_list":{"0":"post-330959","1":"post","2":"type-post","3":"status-publish","4":"format-standard","5":"has-post-thumbnail","7":"category-cine","8":"tag-cine","9":"tag-entertainment","10":"tag-entretenimiento","11":"tag-es","12":"tag-espana","13":"tag-film","14":"tag-movies","15":"tag-spain"},"share_on_mastodon":{"url":"https:\/\/pubeurope.com\/@es\/115864000535114537","error":""},"_links":{"self":[{"href":"https:\/\/www.europesays.com\/es\/wp-json\/wp\/v2\/posts\/330959","targetHints":{"allow":["GET"]}}],"collection":[{"href":"https:\/\/www.europesays.com\/es\/wp-json\/wp\/v2\/posts"}],"about":[{"href":"https:\/\/www.europesays.com\/es\/wp-json\/wp\/v2\/types\/post"}],"author":[{"embeddable":true,"href":"https:\/\/www.europesays.com\/es\/wp-json\/wp\/v2\/users\/2"}],"replies":[{"embeddable":true,"href":"https:\/\/www.europesays.com\/es\/wp-json\/wp\/v2\/comments?post=330959"}],"version-history":[{"count":0,"href":"https:\/\/www.europesays.com\/es\/wp-json\/wp\/v2\/posts\/330959\/revisions"}],"wp:featuredmedia":[{"embeddable":true,"href":"https:\/\/www.europesays.com\/es\/wp-json\/wp\/v2\/media\/330960"}],"wp:attachment":[{"href":"https:\/\/www.europesays.com\/es\/wp-json\/wp\/v2\/media?parent=330959"}],"wp:term":[{"taxonomy":"category","embeddable":true,"href":"https:\/\/www.europesays.com\/es\/wp-json\/wp\/v2\/categories?post=330959"},{"taxonomy":"post_tag","embeddable":true,"href":"https:\/\/www.europesays.com\/es\/wp-json\/wp\/v2\/tags?post=330959"}],"curies":[{"name":"wp","href":"https:\/\/api.w.org\/{rel}","templated":true}]}}