{"id":330967,"date":"2026-01-09T07:41:08","date_gmt":"2026-01-09T07:41:08","guid":{"rendered":"https:\/\/www.europesays.com\/es\/330967\/"},"modified":"2026-01-09T07:41:08","modified_gmt":"2026-01-09T07:41:08","slug":"fundacion-la-caixa-lanza-utopia-campana-corporativa-creada-por-the-cyranos","status":"publish","type":"post","link":"https:\/\/www.europesays.com\/es\/330967\/","title":{"rendered":"Fundaci\u00f3n \u201cla Caixa\u201d lanza \u201cUtop\u00eda\u201d, campa\u00f1a corporativa creada por The Cyranos"},"content":{"rendered":"<p>\n                        (09\/01\/26). Fundaci\u00f3n \u201cla Caixa\u201d presenta \u201cUtop\u00eda\u201d, su nueva campa\u00f1a corporativa de la mano de The Cyranos, que pone en valor la fuerza colectiva y recuerda que cuando muchas personas creen y act\u00faan unidas, las utop\u00edas se hacen posibles.\u00a0\n                    <\/p>\n<p>La campa\u00f1a se inspira en la filosof\u00eda fundacional \u2014todav\u00eda plenamente vigente\u2014 de Francesc Moragas, fundador de la entidad, quien afirmaba que \u00ablas cosas imposibles solo son un poco m\u00e1s dif\u00edciles que las cosas dif\u00edciles\u00bb.<\/p>\n<p>Homenaje a las personas y entidades con las que colabora y que, a pesar de las dificultades, trabajan cada d\u00eda para mejorar la vida de quienes se encuentran en situaci\u00f3n de mayor vulnerabilidad. Porque a trav\u00e9s de su compromiso, combaten la pobreza, impulsan la salud y la investigaci\u00f3n, promueven la cultura y contribuyen a construir una sociedad m\u00e1s justa.<\/p>\n<p>Con esta campa\u00f1a, de alcance nacional, se refuerza la posici\u00f3n de la Fundaci\u00f3n como uno de los principales agentes de transformaci\u00f3n social, siempre al lado de quienes hacen posible el cambio.<\/p>\n<p>\u00abEn Fundaci\u00f3n \u201cla Caixa\u201d trabajamos cada d\u00eda con una convicci\u00f3n muy clara: que un mundo m\u00e1s justo es posible si lo construimos entre todos. A trav\u00e9s de nuestros programas luchamos contra la pobreza, impulsamos la generaci\u00f3n de empleo, acompa\u00f1amos a las personas mayores que sufren soledad no deseada y apoyamos la investigaci\u00f3n en salud, siempre con el objetivo de reducir las desigualdades y proteger a quienes se encuentran en situaci\u00f3n de mayor vulnerabilidad. \u201cUtop\u00eda\u201d es un homenaje a todas las personas y entidades que lo hacen posible: profesionales, organizaciones del tercer sector y colaboradores que, con su compromiso diario, demuestran que creer en un futuro mejor no es una utop\u00eda, sino un motor real de transformaci\u00f3n social\u00bb dice Montse Blanco, Directora de Marketing de la Fundaci\u00f3n \u00abla Caixa\u00bb.<\/p>\n<p>Rodada en Barcelona y su entorno, la pieza cuenta con la participaci\u00f3n de entidades del tercer sector, as\u00ed como de profesionales y personas colaboradoras, y se basa en realidades actuales que invitan a seguir avanzando colectivamente.<\/p>\n<p>\u201cCuando uno trabaja con verdaderos super h\u00e9roes como son las organizaciones del tercer sector a las que la fundaci\u00f3n apoya puede creer a simple vista son solo eso y que ya est\u00e1. Pero cuando uno se da cuenta de que son personas de carne y hueso como cualquiera de nosotros, con sus angustias, sus dolores, sus miedos descubre que entonces es todav\u00eda m\u00e1s admirable todo lo que luchan y lo importante que es que entre todos los apuntalemos\u201d, afirma Leandro Raposo, presidente creativo de The Cyranos.<\/p>\n<p>La direcci\u00f3n corre a cargo de Javier Navarro, con producci\u00f3n de Possible.<\/p>\n<p><strong>Utop\u00eda. <\/strong><strong> Anunciante:<\/strong> Fundaci\u00f3n \u201cla Caixa\u201d. <strong> Marca:<\/strong> Fundaci\u00f3n \u201cla Caixa\u201d. <strong> Producto:<\/strong> Fundaci\u00f3n \u201cla Caixa\u201d. <strong> Agencia:<\/strong> The Cyranos. <strong> Presidente:<\/strong> Leandro Raposo. <strong> Director Creativo:<\/strong> David Fern\u00e1ndez, Eduard Cubel. <strong> Director de Cuentas:<\/strong> Raquel Cucurella. <strong> Productor Agencia:<\/strong> Assaf Eldar y Ana Tejada. <strong> Director de Producci\u00f3n:<\/strong> Alba Riart. <strong> Productora:<\/strong> Possible. <strong> Realizador \/ Director:<\/strong> Javier Navarro. <strong> Productor Ejecutivo:<\/strong> Cristina Pineda \/ Producers: Covadonga Fern\u00e1ndez-Casta\u00f1o. <strong> Responsable Cliente:<\/strong> Montserrat Blanco, N\u00faria Torres, Irene Tienda, Sandra Gavil\u00e1n. <strong> Pa\u00eds:<\/strong> Espa\u00f1a. <strong> Categor\u00eda:<\/strong> institucional. <\/p>\n","protected":false},"excerpt":{"rendered":"(09\/01\/26). Fundaci\u00f3n \u201cla Caixa\u201d presenta \u201cUtop\u00eda\u201d, su nueva campa\u00f1a corporativa de la mano de The Cyranos, que pone&hellip;\n","protected":false},"author":2,"featured_media":330968,"comment_status":"","ping_status":"","sticky":false,"template":"","format":"standard","meta":{"footnotes":""},"categories":[81],"tags":[76260,76262,76261,119,123,124,76264,33298,76259,25,24,33272,76256,76263,76258,76254,76255,76253,76257,117,121,122,23,118,120,76252],"class_list":{"0":"post-330967","1":"post","2":"type-post","3":"status-publish","4":"format-standard","5":"has-post-thumbnail","7":"category-ciencia-y-tecnologia","8":"tag-alba-riart","9":"tag-ana-tejada","10":"tag-assaf-eldar","11":"tag-ciencia","12":"tag-ciencia-y-tecnologia","13":"tag-cienciaytecnologia","14":"tag-cristina-pineda","15":"tag-david-fernandez","16":"tag-eduard-cubel","17":"tag-es","18":"tag-espana","19":"tag-fundacion-la-caixa","20":"tag-irene-tienda","21":"tag-javier-navarro","22":"tag-leandro-raposo","23":"tag-montserrat-blanco","24":"tag-nuria-torres","25":"tag-possible","26":"tag-sandra-gavilan","27":"tag-science","28":"tag-science-and-technology","29":"tag-scienceandtechnology","30":"tag-spain","31":"tag-technology","32":"tag-tecnologia","33":"tag-the-cyranos"},"share_on_mastodon":{"url":"https:\/\/pubeurope.com\/@es\/115864016252459411","error":""},"_links":{"self":[{"href":"https:\/\/www.europesays.com\/es\/wp-json\/wp\/v2\/posts\/330967","targetHints":{"allow":["GET"]}}],"collection":[{"href":"https:\/\/www.europesays.com\/es\/wp-json\/wp\/v2\/posts"}],"about":[{"href":"https:\/\/www.europesays.com\/es\/wp-json\/wp\/v2\/types\/post"}],"author":[{"embeddable":true,"href":"https:\/\/www.europesays.com\/es\/wp-json\/wp\/v2\/users\/2"}],"replies":[{"embeddable":true,"href":"https:\/\/www.europesays.com\/es\/wp-json\/wp\/v2\/comments?post=330967"}],"version-history":[{"count":0,"href":"https:\/\/www.europesays.com\/es\/wp-json\/wp\/v2\/posts\/330967\/revisions"}],"wp:featuredmedia":[{"embeddable":true,"href":"https:\/\/www.europesays.com\/es\/wp-json\/wp\/v2\/media\/330968"}],"wp:attachment":[{"href":"https:\/\/www.europesays.com\/es\/wp-json\/wp\/v2\/media?parent=330967"}],"wp:term":[{"taxonomy":"category","embeddable":true,"href":"https:\/\/www.europesays.com\/es\/wp-json\/wp\/v2\/categories?post=330967"},{"taxonomy":"post_tag","embeddable":true,"href":"https:\/\/www.europesays.com\/es\/wp-json\/wp\/v2\/tags?post=330967"}],"curies":[{"name":"wp","href":"https:\/\/api.w.org\/{rel}","templated":true}]}}