{"id":330981,"date":"2026-01-09T07:54:08","date_gmt":"2026-01-09T07:54:08","guid":{"rendered":"https:\/\/www.europesays.com\/es\/330981\/"},"modified":"2026-01-09T07:54:08","modified_gmt":"2026-01-09T07:54:08","slug":"luis-enrique-y-el-psg-conquistan-la-supercopa-en-la-tanda-de-penaltis","status":"publish","type":"post","link":"https:\/\/www.europesays.com\/es\/330981\/","title":{"rendered":"Luis Enrique y el PSG conquistan la Supercopa en la tanda de penaltis"},"content":{"rendered":"<p data-gtm-element-container=\"modulo-texto-link\" class=\"paragraph\">El <strong>Par\u00eds Saint-Germain <\/strong>no dio lugar a sorpresas en la final de la <strong>Supercopa de Francia<\/strong> celebrada en el Estadio Internacional Jaber Al-Ahmad de Kuwait y venci\u00f3 al <strong>Olympique de Marsella<\/strong>\u00a02-2 (4-1) en un partido completamente loco que se decidi\u00f3 en la tanda de penaltis. <strong>Lucas Chevalier,<\/strong> que lleg\u00f3 al conjunto parisino para reemplazar a Donnarumma, se hizo gigante y par\u00f3 dos penas m\u00e1ximas para darle al conjunto de <strong>Luis Enrique<\/strong> su primer t\u00edtulo del a\u00f1o 2026, que se suma a la Champions, la Liga francesa, la Copa de Francia, la Copa Intercontinental y las Supercopas, de Europa y de Francia, logradas en 2025.<\/p>\n<p data-gtm-element-container=\"modulo-texto-link\" class=\"paragraph\"><strong>Luis Enrique<\/strong> y <strong>Roberto De Zerbi <\/strong>son dos entrenadores con una idea de juego muy parecida. Ambos quieren tener la pelota, atacar de forma vertical y presionar muy arriba. Esa es la t\u00f3nica que se repiti\u00f3 una y otra vez en una primera mitad en la que no faltaron las ocasiones. Avis\u00f3 el conjunto marsell\u00e9s a bal\u00f3n parado en el minuto 7&#8242;, con un testarazo de <strong>Balerdi <\/strong>que palme\u00f3 arriba un inspirado\u00a0<strong>Chevalier<\/strong>. Poco despu\u00e9s, <strong>Demb\u00e9l\u00e9 <\/strong>puso un gran bal\u00f3n al \u00e1rea para la llegada desde atr\u00e1s de <strong>Nuno Mendes<\/strong>, que no fue capaz de sortear la mala salida de <strong>Ger\u00f3nimo Rulli<\/strong>.\u00a0<\/p>\n<p data-gtm-element-container=\"modulo-texto-link\" class=\"paragraph\">La presi\u00f3n asfixiante de los parisinos dio sus frutos cuando no se hab\u00eda cumplido el primer cuarto de hora (13&#8242;). El <strong>Marsella <\/strong>arriesg\u00f3 en salida de bal\u00f3n, <strong>Vitinha <\/strong>se anticip\u00f3 a su par y cedi\u00f3 para un <strong>Demb\u00e9l\u00e9 <\/strong>que pic\u00f3 la pelota con clase por encima de Rulli para hacer el primero. El Bal\u00f3n de Oro pudo poner tierra de por medio a la media hora de juego tras otro robo arriba del <strong>PSG<\/strong>, pero su disparo con la zurda no encontr\u00f3 la escuadra por muy poco. Acab\u00f3 algo mejor el conjunto de De Zerbi, con ocasiones para <strong>Gouiri <\/strong>primero, que sac\u00f3 con una gran mano <strong>Chevalier<\/strong>, y <strong>Weah <\/strong>despu\u00e9s, con un trallazo lejano muy cerca de la madera.\u00a0<\/p>\n<p data-gtm-element-container=\"modulo-texto-link\" class=\"paragraph\">Tras el paso por vestuarios Chevalier volvi\u00f3 a demostrar por qu\u00e9 <strong>Luis Enrique<\/strong> confi\u00f3 en \u00e9l para ser el sustituto de <strong>Donnarumma <\/strong>con una doble intervenci\u00f3n. Primero sacando una mano sobre la misma l\u00ednea de gol a testarazo del brasile\u00f1o\u00a0<strong>Paixao,\u00a0<\/strong>y luego en el rechace se hizo gigante para achicar espacios ante <strong>Pavard<\/strong>. Los espacios empezaban a aparecer con mayor facilidad y en el 62&#8242; los parisinos pudieron contragolpear, con <strong>Dou\u00e9 <\/strong>habilitando la subida de <strong>Vitinha<\/strong>. El portugu\u00e9s se top\u00f3 con una buena mano abajo de Rulli.<\/p>\n<p data-gtm-element-container=\"modulo-texto-link\" class=\"paragraph\">Cosas de la vida, el mismo <strong>Chevalier <\/strong>que estaba manteniendo el 1-0 en el marcador con sus paradas cometi\u00f3 un penalti sobre <strong>Greenwood <\/strong>a falta de quince minutos para el final. El atacante ingl\u00e9s no perdon\u00f3 desde los once metros y empat\u00f3 el encuentro. Todo hac\u00eda indicar que el duelo se saldar\u00eda con tablas en los noventa minutos reglamentarios, pero a falta de tres para el final <strong>Willian Pacho<\/strong> desvi\u00f3 hacia su propia porter\u00eda un centro de <strong>Hamed Traor\u00e9<\/strong> y complet\u00f3 la remontada del <strong>Marsella <\/strong>en <strong>Kuwait<\/strong>. Pero el PSG a\u00fan ten\u00eda un golpe por dar y lo hizo cuando los marselleses saboreaban el t\u00edtulo, en el 95&#8242;, tras una excelente jugada colectiva. <strong>Vitinha <\/strong>encontr\u00f3 al espacio a <strong>Barcola<\/strong>, este la puso de cabeza al coraz\u00f3n del \u00e1rea para que <strong>Gon\u00e7alo Ramos<\/strong> fusilara a Rulli y llevara el partido a la tanda de penaltis.\u00a0<\/p>\n<p>    Lee tambi\u00e9n<\/p>\n<p data-gtm-element-container=\"modulo-texto-link\" class=\"paragraph\">Desde los once metros, el equipo con m\u00e1s efectividad fue el PSG. Gracias, en parte, a los dos penaltis parados por un <strong>Chevalier <\/strong>inmenso que le adivin\u00f3 las intenciones a O&#8217;Riley y Traor\u00e9.<strong> Ramos, Vitinha, Mendes y Dou\u00e9 <\/strong>no fallaron ninguno de sus lanzamientos y el PSG dej\u00f3 con las ganas a un Olympique de Marsella que estuvo cerca de lograr un t\u00edtulo que hubiera puesto fin a una sequ\u00eda de 14 a\u00f1os.<\/p>\n","protected":false},"excerpt":{"rendered":"El Par\u00eds Saint-Germain no dio lugar a sorpresas en la final de la Supercopa de Francia celebrada en&hellip;\n","protected":false},"author":2,"featured_media":330982,"comment_status":"","ping_status":"","sticky":false,"template":"","format":"standard","meta":{"footnotes":""},"categories":[268],"tags":[168,25,24,280,282,281,23,167],"class_list":{"0":"post-330981","1":"post","2":"type-post","3":"status-publish","4":"format-standard","5":"has-post-thumbnail","7":"category-futbol","8":"tag-deportes","9":"tag-es","10":"tag-espana","11":"tag-football","12":"tag-futbol","13":"tag-soccer","14":"tag-spain","15":"tag-sports"},"share_on_mastodon":{"url":"https:\/\/pubeurope.com\/@es\/115864067418916272","error":""},"_links":{"self":[{"href":"https:\/\/www.europesays.com\/es\/wp-json\/wp\/v2\/posts\/330981","targetHints":{"allow":["GET"]}}],"collection":[{"href":"https:\/\/www.europesays.com\/es\/wp-json\/wp\/v2\/posts"}],"about":[{"href":"https:\/\/www.europesays.com\/es\/wp-json\/wp\/v2\/types\/post"}],"author":[{"embeddable":true,"href":"https:\/\/www.europesays.com\/es\/wp-json\/wp\/v2\/users\/2"}],"replies":[{"embeddable":true,"href":"https:\/\/www.europesays.com\/es\/wp-json\/wp\/v2\/comments?post=330981"}],"version-history":[{"count":0,"href":"https:\/\/www.europesays.com\/es\/wp-json\/wp\/v2\/posts\/330981\/revisions"}],"wp:featuredmedia":[{"embeddable":true,"href":"https:\/\/www.europesays.com\/es\/wp-json\/wp\/v2\/media\/330982"}],"wp:attachment":[{"href":"https:\/\/www.europesays.com\/es\/wp-json\/wp\/v2\/media?parent=330981"}],"wp:term":[{"taxonomy":"category","embeddable":true,"href":"https:\/\/www.europesays.com\/es\/wp-json\/wp\/v2\/categories?post=330981"},{"taxonomy":"post_tag","embeddable":true,"href":"https:\/\/www.europesays.com\/es\/wp-json\/wp\/v2\/tags?post=330981"}],"curies":[{"name":"wp","href":"https:\/\/api.w.org\/{rel}","templated":true}]}}