{"id":330989,"date":"2026-01-09T08:00:09","date_gmt":"2026-01-09T08:00:09","guid":{"rendered":"https:\/\/www.europesays.com\/es\/330989\/"},"modified":"2026-01-09T08:00:09","modified_gmt":"2026-01-09T08:00:09","slug":"imitador-de-harry-potter-asegura-que-fue-demandado-por-usar-al-personaje-sin-licencia-de-warner","status":"publish","type":"post","link":"https:\/\/www.europesays.com\/es\/330989\/","title":{"rendered":"Imitador de Harry Potter asegura que fue demandado por usar al personaje sin licencia de Warner"},"content":{"rendered":"<p><b>El m\u00fasico brasile\u00f1o conocido como Harry O Bruxo inform\u00f3 en sus redes sociales que cambiar\u00e1 su nombre art\u00edstico a O Bruxo.<\/b> El anuncio lo realiz\u00f3 el pasado mi\u00e9rcoles 7 de enero.<\/p>\n<p>O Bruxo afirm\u00f3 que la modificaci\u00f3n art\u00edstica la realizar\u00e1 para no meterse en problemas legales luego de que Warner Bros. le enviara una notificaci\u00f3n. <b>La compa\u00f1\u00eda, due\u00f1a de los derechos de Harry Potter, se habr\u00eda molestado de que el cantante estuviera imitando al personaje sin una licencia v\u00e1lida.<\/b><\/p>\n<p class=\"c-leatambien__titulo\"> LEA TAMBI\u00c9N <\/p>\n<p><img decoding=\"async\" alt=\"La ceremonia de este a\u00f1o se celebrar\u00e1 el pr\u00f3ximo 10 de marzo.\" width=\"120\" height=\"120\" loading=\"lazy\" src=\"https:\/\/imagenes2.eltiempo.com\/files\/image_120_120\/files\/fp\/uploads\/2024\/03\/06\/65e8bc097fc08.r_d.1500-1000.jpeg\" data-full-src=\"https:\/\/www.europesays.com\/es\/wp-content\/uploads\/2026\/01\/65e8bc097fc08.jpeg\"\/><\/p>\n<p>Harry O Bruxo, tambi\u00e9n conocido como Harry el Mago, <b>se hizo viral luego de que apareciera en un video popular de redes sociales <\/b>en octubre del a\u00f1o pasado.<\/p>\n<p>En la grabaci\u00f3n el hombre se mostr\u00f3 bailando m\u00fasica arrocha brasile\u00f1a al ritmo de \u2018Hollywood Do Samba\u2019 en un bar. El video tuvo millones de reproducciones y fue comentado por miles de cibernautas que admiraron su talento para la danza.<\/p>\n<p><b>Lo que m\u00e1s llam\u00f3 la atenci\u00f3n fue el parecido del joven al mago Harry Potter <\/b>de la franquicia que lleva el mismo nombre y que fue interpretado por Daniel Radcliffe. Por esta raz\u00f3n, el artista decidi\u00f3 utilizar el apodo de \u2018Harry\u2019 en el mundo del espect\u00e1culo.<\/p>\n<p>Algunas de sus canciones m\u00e1s populares son \u2018Brega de Bruxo\u2019, con m\u00e1s de un mill\u00f3n de reproducciones en TikTok, y \u2018Sorry, sou rei\u2019, \u2018Estape emocional\u2019, \u2018Cron\u00f4metro\u2019 y \u2018Um cent\u00edmetro\u2019.<\/p>\n<p>En la plataforma de streaming Spotify,<b> tiene m\u00e1s de 490 mil oyentes al mes. <\/b>En su cuenta de Instagram, \u2018@Bruxocantor\u2019, re\u00fane 993 mil seguidores que lo han apoyado con su decisi\u00f3n de cambiar su nombre.<\/p>\n<p class=\"c-cuerpo__media__txt\">Harry O Bruxo. Foto:Redes sociales<\/p>\n<p><b>El nombre real de Harry O Bruxo es Enzo<\/b> y, antes de hacerse viral por su parecido a Harry Potter, utilizaba el nombre art\u00edstico Enzo da Pegada X. Durante toda su carrera se ha dedicado a la m\u00fasica arrocha, un subg\u00e9nero brasile\u00f1o originario de Bah\u00eda que mezcla ritmos electr\u00f3nicos con tonos populares.<\/p>\n<p>El cambio de nombre<\/p>\n<p>El mi\u00e9rcoles 7 de enero, O Bruxo public\u00f3 un video en su cuenta de Instagram en el que se refiri\u00f3 a la pol\u00e9mica con la empresa Warner Bros. Discovery.<\/p>\n<p class=\"c-leatambien__titulo\"> LEA TAMBI\u00c9N <\/p>\n<p><img decoding=\"async\" alt=\"Escena del programa de MTV\" width=\"120\" height=\"120\" loading=\"lazy\" src=\"https:\/\/imagenes2.eltiempo.com\/files\/image_120_120\/uploads\/2022\/12\/09\/639341a6b7b4f.jpeg\" data-full-src=\"https:\/\/www.europesays.com\/es\/wp-content\/uploads\/2026\/01\/639341a6b7b4f.jpeg\"\/><\/p>\n<p>\u201c<b>A partir de hoy, nuestro nombre no ser\u00e1 m\u00e1s Harry O Bruxo. Ser\u00e1 solo O Bruxo.<\/b> Warner Bros., que es una empresa respetada y que yo respeto mucho, entr\u00f3 en contacto con nuestra asesor\u00eda de marcas y patentes y explic\u00f3 que no pod\u00edamos estar haciendo uso de ese nombre\u201d, explic\u00f3.<\/p>\n<p>El artista asegur\u00f3 que, tras la notificaci\u00f3n, <b>decidi\u00f3 cambiarse el nombre para evitar tener l\u00edos legales<\/b> y para respetar el legado de la franquicia.<\/p>\n<p>\u201cGente, <b>yo no soy Harry Potter. <\/b>Pero por respeto a esa marca maravillosa y a toda esa trayectoria maravillosa de Harry, estoy quitando el nombre \u2018Harry\u2019 de las redes sociales. Va a quedar solo \u2018O Bruxo\u2019. Espero que ustedes lo entiendan\u201d, a\u00f1adi\u00f3.<\/p>\n<p>Varios seguidores del cantante se sorprendieron al conocer la notificaci\u00f3n de la empresa de entretenimiento. <b>Warner Bros. compr\u00f3 la franquicia de Harry Potter de su autora, J.K. Rowling, en 1999.<\/b><\/p>\n<p>Redacci\u00f3n Alcance Digital<\/p>\n<p>M\u00e1s noticias<\/p>\n","protected":false},"excerpt":{"rendered":"El m\u00fasico brasile\u00f1o conocido como Harry O Bruxo inform\u00f3 en sus redes sociales que cambiar\u00e1 su nombre art\u00edstico&hellip;\n","protected":false},"author":2,"featured_media":330990,"comment_status":"","ping_status":"","sticky":false,"template":"","format":"standard","meta":{"footnotes":""},"categories":[169],"tags":[1136,177,3008,146,147,25,24,176,12144,76265,175,12145,23],"class_list":{"0":"post-330989","1":"post","2":"type-post","3":"status-publish","4":"format-standard","5":"has-post-thumbnail","7":"category-cine","8":"tag-asegura","9":"tag-cine","10":"tag-de","11":"tag-entertainment","12":"tag-entretenimiento","13":"tag-es","14":"tag-espana","15":"tag-film","16":"tag-harry","17":"tag-imitador","18":"tag-movies","19":"tag-potter","20":"tag-spain"},"share_on_mastodon":{"url":"https:\/\/pubeurope.com\/@es\/115864091045073710","error":""},"_links":{"self":[{"href":"https:\/\/www.europesays.com\/es\/wp-json\/wp\/v2\/posts\/330989","targetHints":{"allow":["GET"]}}],"collection":[{"href":"https:\/\/www.europesays.com\/es\/wp-json\/wp\/v2\/posts"}],"about":[{"href":"https:\/\/www.europesays.com\/es\/wp-json\/wp\/v2\/types\/post"}],"author":[{"embeddable":true,"href":"https:\/\/www.europesays.com\/es\/wp-json\/wp\/v2\/users\/2"}],"replies":[{"embeddable":true,"href":"https:\/\/www.europesays.com\/es\/wp-json\/wp\/v2\/comments?post=330989"}],"version-history":[{"count":0,"href":"https:\/\/www.europesays.com\/es\/wp-json\/wp\/v2\/posts\/330989\/revisions"}],"wp:featuredmedia":[{"embeddable":true,"href":"https:\/\/www.europesays.com\/es\/wp-json\/wp\/v2\/media\/330990"}],"wp:attachment":[{"href":"https:\/\/www.europesays.com\/es\/wp-json\/wp\/v2\/media?parent=330989"}],"wp:term":[{"taxonomy":"category","embeddable":true,"href":"https:\/\/www.europesays.com\/es\/wp-json\/wp\/v2\/categories?post=330989"},{"taxonomy":"post_tag","embeddable":true,"href":"https:\/\/www.europesays.com\/es\/wp-json\/wp\/v2\/tags?post=330989"}],"curies":[{"name":"wp","href":"https:\/\/api.w.org\/{rel}","templated":true}]}}