{"id":331001,"date":"2026-01-09T08:06:07","date_gmt":"2026-01-09T08:06:07","guid":{"rendered":"https:\/\/www.europesays.com\/es\/331001\/"},"modified":"2026-01-09T08:06:07","modified_gmt":"2026-01-09T08:06:07","slug":"zapatero-excarcelo-a-un-hombre-que-asesino-a-tres-personas-en-madrid","status":"publish","type":"post","link":"https:\/\/www.europesays.com\/es\/331001\/","title":{"rendered":"Zapatero excarcel\u00f3 a un hombre que asesin\u00f3 a tres personas en Madrid"},"content":{"rendered":"<p>El ex presidente del Gobierno <strong>Jos\u00e9 Luis Rodr\u00edguez Zapatero<\/strong>, que ha sido elogiado este jueves por el chavismo tras anunciar <strong>la liberaci\u00f3n de presos pol\u00edticos<\/strong> en Venezuela, medi\u00f3 anteriormente para que quedara libre un asesino condenado a 30 a\u00f1os de c\u00e1rcel. Se trata de <a href=\"https:\/\/okdiario.com\/internacional\/asesino-del-triple-crimen-usera-liberados-acuerdo-trump-maduro-15154469\" rel=\"nofollow noopener\" target=\"_blank\">Dahud Hanid Ortiz<\/a>, un <a href=\"https:\/\/okdiario.com\/espana\/acusado-del-triple-asesinato-usera-confeso-crimen-mail-cunada-hice-cosas-horribles-8733889\" rel=\"nofollow noopener\" target=\"_blank\">ex marine estadounidense<\/a> de origen venezolano que asesin\u00f3 brutalmente a tres personas en Madrid en 2016.<\/p>\n<p>El Gobierno que ahora lidera Delcy Rodr\u00edguez ha anunciado este 8 de enero la excarcelaci\u00f3n inmediata de un importante n\u00famero de presos pol\u00edticos, <strong>tanto venezolanos como extranjeros<\/strong>, entre ellos cuatro espa\u00f1oles. Jorge Rodr\u00edguez, presidente de la Asamblea y hermano de la presidenta encargada Delcy Rodr\u00edguez, <strong>ha agradecido expresamente las gestiones de Zapatero<\/strong>, junto a las del presidente brasile\u00f1o Lula da Silva y el Gobierno de Qatar.<\/p>\n<p>Se trata de un movimiento del Gobierno de Donald Trump. En todo caso, no es la primera vez que el ex mandatario socialista ha intermediado en liberaciones de presos venezolanos junto EEUU. En julio de 2025, Zapatero colabor\u00f3 en una negociaci\u00f3n entre EEUU y Venezuela que permiti\u00f3 la libertad de Dahud Hanid Ortiz, un criminal<strong> condenado por <a href=\"https:\/\/okdiario.com\/espana\/venezuela-juzga-sorpresa-triple-asesinato-cometido-madrid-sin-avisar-juez-espanol-8731481\" rel=\"nofollow noopener\" target=\"_blank\">triple homicidio<\/a><\/strong> que consigui\u00f3 colarse como \u00abpreso pol\u00edtico\u00bb por espionaje.<\/p>\n<p>Triple crimen en Usera<\/p>\n<p>El 22 de junio de 2016, Dahud Hanid Ortiz entr\u00f3 a las bravas en un despacho de abogados del madrile\u00f1o barrio de Usera con un objetivo claro: <strong>asesinar al letrado V\u00edctor Joel Salas<\/strong>, quien manten\u00eda una relaci\u00f3n con su ex esposa, la m\u00e9dico alemana Irina Trippel. El ex militar, que hab\u00eda luchado en la Guerra de Irak antes de ser expulsado del Ej\u00e9rcito estadounidense por <strong>falsificar documentos<\/strong>, lleg\u00f3 sobre las 14.30 horas al bufete situado en la calle Marcelo Usera.<\/p>\n<p>Pero aquel d\u00eda Salas no estaba. <strong>Se hab\u00eda quedado <a href=\"https:\/\/okdiario.com\/sucesos\/venezuela-retrasa-tercera-vez-juicio-triple-asesinato-bufete-abogados-usera-10414261\" rel=\"nofollow noopener\" target=\"_blank\">traspuesto en el sof\u00e1<\/a><\/strong> de su casa tras la comida y llegaba tarde al trabajo. Hanid esper\u00f3 en el ba\u00f1o del despacho durante varios minutos. Al salir, despleg\u00f3 <strong>una violencia inusitada<\/strong> contra quienes s\u00ed estaban all\u00ed.<\/p>\n<p>Seg\u00fan el espeluznante relato de la acusaci\u00f3n ejercida por el fiscal venezolano Vlad\u00edmir \u00c1ngel, el acusado \u00abse dirigi\u00f3 hacia el puesto de trabajo de Elisa Consuegra y <strong>con un cuchillo de dimensiones grandes<\/strong>, con la hoja de dientes de sierra seccion\u00f3 el cuello de Elisa, ocasion\u00e1ndole la muerte (\u2026) le clav\u00f3 un objeto punzante justo en el estern\u00f3n atraves\u00e1ndole la m\u00e9dula\u00bb. La abogada de origen cubano fue la primera v\u00edctima.<\/p>\n<p>Inmediatamente despu\u00e9s, atac\u00f3 a <strong>Maritza Osorio River\u00f3n<\/strong>, empleada del despacho tambi\u00e9n de origen cubano. \u00abCon otro objeto contundente, presumiblemente una <strong>barra de hierro<\/strong>, propin\u00f3 diversos y fuertes golpes en la cabeza a la ciudadana Maritza caus\u00e1ndole la muerte\u00bb, seg\u00fan el escrito fiscal.<\/p>\n<p>El asesino \u00abse qued\u00f3 en el sitio junto a los cad\u00e1veres de Elisa y Maritza a <strong>esperar que llegara V\u00edctor\u00bb<\/strong>. Pasadas las 17.00 horas apareci\u00f3 un ciudadano ecuatoriano llamado <strong>Pepe Castillo Vega,<\/strong> quien acud\u00eda a retirar el permiso de residencia de su esposa. Creyendo que era su objetivo, Hanid \u00absin mediar palabra alguna se abalanz\u00f3 sobre \u00e9l y con el mismo objeto con que le hab\u00eda quitado la vida a Maritza le propin\u00f3 <strong>fuertes golpes en la cabeza<\/strong> produci\u00e9ndole la muerte\u00bb.<\/p>\n<p>Luego <strong>prendi\u00f3 fuego a los expedientes del despacho<\/strong>, lo que provoc\u00f3 que los cad\u00e1veres de las dos mujeres se quemaran parcialmente. Los vecinos avisaron a los bomberos, que sofocaron el incendio con <strong>espuma ign\u00edfuga<\/strong> que acab\u00f3 borrando cualquier posibilidad de encontrar huellas dactilares. Cuando Salas lleg\u00f3, se encontr\u00f3 a los bomberos en la puerta.<\/p>\n<p>Fuga y captura<\/p>\n<p>Esa misma noche, el venezolano <strong>huy\u00f3 en su veh\u00edculo hacia Alemania,<\/strong> donde resid\u00eda con su familia en la localidad de W\u00fcrzburg, durmiendo apenas 15 minutos en el camino. La Polic\u00eda espa\u00f1ola encontr\u00f3 una prueba clave: <strong>el tap\u00f3n de una botella<\/strong> de agua mineral que s\u00f3lo se vende en Alemania.<\/p>\n<p>Las pesquisas policiales lo se\u00f1alaron y entonces escap\u00f3 a <strong>Colombia<\/strong>. Desde all\u00ed volvi\u00f3 a fugarse hasta <strong>Venezuela<\/strong>. Fue detenido en octubre de 2018. El juez del Juzgado n\u00famero 41 de Plaza de Castilla pidi\u00f3 su <a href=\"https:\/\/okdiario.com\/espana\/choque-marruecos-espana-extradiciones-narcotunel-ceuta-15158997\" rel=\"nofollow noopener\" target=\"_blank\"><strong>extradici\u00f3n<\/strong><\/a>, pero el Tribunal Supremo venezolano la deneg\u00f3 y decidi\u00f3 juzgarlo all\u00ed por tres delitos de homicidio y uno de incendio.<\/p>\n<p>El juicio oral arranc\u00f3 el 28 de febrero de 2022, aunque fue <strong>retrasado tres veces<\/strong> por problemas de traslado de jueces y fiscales. El acusado neg\u00f3 todos los hechos. V\u00edctor Salas<strong> confirm\u00f3 las amenazas<\/strong> recibidas un mes antes del crimen. En mayo, llam\u00f3 a Salas desde Alemania y le dijo: \u00abYo he sido soldado en Estados Unidos, me han entrenado para matar y<strong> voy a ir a por ti para matarte<\/strong>, ya s\u00e9 quien eres, deja en paz a Irina, que es mi mujer\u00bb.<\/p>\n<p>Finalmente, Dahud Hanid Ortiz fue <strong>condenado a 30 a\u00f1os de prisi\u00f3n<\/strong> en noviembre de 2023 en Venezuela. Una mara\u00f1a judicial entre pa\u00edses hab\u00eda dilatado el proceso hasta ponerlo al borde del archivo, lleg\u00e1ndose a iniciar cuatro juicios por esta causa.<\/p>\n<p>Zapatero y la liberaci\u00f3n<\/p>\n<p>En julio de 2025, el Gobierno venezolano consigui\u00f3 colar al asesino como <strong>preso pol\u00edtico<\/strong> por espionaje en una negociaci\u00f3n con Estados Unidos. En ella particip\u00f3 Jos\u00e9 Luis Rodr\u00edguez Zapatero. \u00ab<strong>Estoy aterrorizado<\/strong>\u00bb, confes\u00f3 entonces V\u00edctor Salas. \u00ab<strong>Zapatero ha colaborado en una injusticia<\/strong>. Ese asesino est\u00e1 libre camino de Estados Unidos y en cualquier momento puede venir a matarme\u00bb. Ahora prepara una denuncia contra EEUU y Zapatero.<\/p>\n<p>En un v\u00eddeo hecho p\u00fablico por Maduro tras el intercambio de prisioneros, <strong>se escucha a Zapatero decir que \u00abha sido una gran decisi\u00f3n\u00bb<\/strong> y mostrarse \u00abmuy feliz, muy satisfecho y muy agradecido\u00bb, antes de que Maduro le dijera que esperaba que \u00abpronto visite el pa\u00eds\u00bb para que pudiera \u00abcomo siempre <strong>apoyar a los procesos de di\u00e1logo\u00bb<\/strong>. \u00abEso est\u00e1 hecho\u00bb, le respondi\u00f3 Zapatero entre risas.<\/p>\n<p>Ahora, en enero de 2026, el chavismo vuelve a elogiar p\u00fablicamente al ex presidente socialista por sus gestiones en la liberaci\u00f3n de presos pol\u00edticos. Jorge Rodr\u00edguez ha explicado que se trata de<strong> una iniciativa \u00abunilateral<\/strong>\u00bb para \u00abconsolidar la paz y la convivencia pac\u00edfica\u00bb en el pa\u00eds. \u00abTodas y todos somos venezolanas y venezolanos\u00bb, ha declarado en su comparecencia ante los medios.<\/p>\n<p>El contraste resulta abrumador: mientras el equipo de Maduro <strong>aplaude las gestiones de Zapatero<\/strong> para liberar opositores pol\u00edticos, el ex presidente espa\u00f1ol ya hab\u00eda mediado para que<strong> un brutal asesino<\/strong> condenado por la justicia venezolana quedara en libertad, haci\u00e9ndolo pasar por preso pol\u00edtico. Un tr\u00e1gico hecho que deja un regusto amargo y tres familias destruidas que a\u00fan esperan justicia.<\/p>\n","protected":false},"excerpt":{"rendered":"El ex presidente del Gobierno Jos\u00e9 Luis Rodr\u00edguez Zapatero, que ha sido elogiado este jueves por el chavismo&hellip;\n","protected":false},"author":2,"featured_media":331002,"comment_status":"","ping_status":"","sticky":false,"template":"","format":"standard","meta":{"footnotes":""},"categories":[42],"tags":[17,18,13,14,11,61,62,63,64,19,20,9,10,15,16,12,21,22,65,66,67],"class_list":{"0":"post-331001","1":"post","2":"type-post","3":"status-publish","4":"format-standard","5":"has-post-thumbnail","7":"category-internacional","8":"tag-breaking-news","9":"tag-breakingnews","10":"tag-featured-news","11":"tag-featurednews","12":"tag-headlines","13":"tag-internacional","14":"tag-international","15":"tag-international-news","16":"tag-internationalnews","17":"tag-latest-news","18":"tag-latestnews","19":"tag-news","20":"tag-noticias","21":"tag-noticias-destacadas","22":"tag-noticiasdestacadas","23":"tag-titulares","24":"tag-ultimas-noticias","25":"tag-ultimasnoticias","26":"tag-world","27":"tag-world-news","28":"tag-worldnews"},"share_on_mastodon":{"url":"https:\/\/pubeurope.com\/@es\/115864114495667495","error":""},"_links":{"self":[{"href":"https:\/\/www.europesays.com\/es\/wp-json\/wp\/v2\/posts\/331001","targetHints":{"allow":["GET"]}}],"collection":[{"href":"https:\/\/www.europesays.com\/es\/wp-json\/wp\/v2\/posts"}],"about":[{"href":"https:\/\/www.europesays.com\/es\/wp-json\/wp\/v2\/types\/post"}],"author":[{"embeddable":true,"href":"https:\/\/www.europesays.com\/es\/wp-json\/wp\/v2\/users\/2"}],"replies":[{"embeddable":true,"href":"https:\/\/www.europesays.com\/es\/wp-json\/wp\/v2\/comments?post=331001"}],"version-history":[{"count":0,"href":"https:\/\/www.europesays.com\/es\/wp-json\/wp\/v2\/posts\/331001\/revisions"}],"wp:featuredmedia":[{"embeddable":true,"href":"https:\/\/www.europesays.com\/es\/wp-json\/wp\/v2\/media\/331002"}],"wp:attachment":[{"href":"https:\/\/www.europesays.com\/es\/wp-json\/wp\/v2\/media?parent=331001"}],"wp:term":[{"taxonomy":"category","embeddable":true,"href":"https:\/\/www.europesays.com\/es\/wp-json\/wp\/v2\/categories?post=331001"},{"taxonomy":"post_tag","embeddable":true,"href":"https:\/\/www.europesays.com\/es\/wp-json\/wp\/v2\/tags?post=331001"}],"curies":[{"name":"wp","href":"https:\/\/api.w.org\/{rel}","templated":true}]}}