{"id":331019,"date":"2026-01-09T08:23:07","date_gmt":"2026-01-09T08:23:07","guid":{"rendered":"https:\/\/www.europesays.com\/es\/331019\/"},"modified":"2026-01-09T08:23:07","modified_gmt":"2026-01-09T08:23:07","slug":"dice-ser-ella-pero-tengo-mis-dudas","status":"publish","type":"post","link":"https:\/\/www.europesays.com\/es\/331019\/","title":{"rendered":"Dice ser ella, pero tengo mis dudas"},"content":{"rendered":"<p class=\"L6-news-detail__text\"><b><a title=\"Madonna\" href=\"https:\/\/www.lasexta.com\/noticias\/cultura\/locura-ultimo-disco-rosalia-madonna-declara-fanatica-artista-catalana_20251108690fa01c5d5dad37ab882544.html\" target=\"_blank\" rel=\"nofollow noopener\">Madonna<\/a><\/b><b> se ha convertido en la protagonista del anuncio de la fragancia de Dolce&amp;Gabbana<\/b> &#8216;The One&#8217; por el 20 aniversario de la casa italiana en cuanto a fragancia se refiere. \u00abEs una persona que dice ser Madonna, pero yo tengo mis dudas\u00bb, ironiza Alfonso Ar\u00fas al ver en el v\u00eddeo principal de esta noticia los filtros de la artistas.<\/p>\n<p class=\"L6-news-detail__text\">\u00abBien podr\u00eda ser Lady Gaga\u00bb, afirma Tatiana Ar\u00fas, que da la raz\u00f3n al presentador de Aruser@s sobre el nuevo aspecto de la cantante: \u00abO se ha estirado la cara o es inteligencia artificial, pero muestra una imagen muy diferente\u00bb.<\/p>\n<p class=\"L6-news-detail__text\">Es m\u00e1s, Alfonso Ar\u00fas bromea sobre que<b> el mayor de los dos parece el modelo que aparece junto a Madonna.<\/b> \u00abEs que hay gente que se opera y no cambia de cara, pero esta mujer tiene otra cara\u00bb, concluye Angie C\u00e1rdenas.<\/p>\n<p class=\"L6-news-detail__text\"><b><a title=\"*Sigue a laSexta en Google. Toda la actualidad y el mejor contenido aqu\u00ed.\" href=\"https:\/\/profile.google.com\/cp\/CgkvbS8wZG5xejA\" target=\"_blank\" rel=\"nofollow noopener\">*Sigue a laSexta en Google. Toda la actualidad y el mejor contenido aqu\u00ed.<\/a><\/b><\/p>\n<p class=\"L6-support-news-video__title\">Kate cumple 44 a\u00f1os<\/p>\n<p>            <a href=\"https:\/\/www.lasexta.com\/programas\/arusitys\/sabemos-emotiva-respuesta-kate-middleton-voluntaria-area-oncologia-visita-principe-guillermo_202601096960b398af09df50109f7b17.html\" class=\"L6-news__link\" rel=\"nofollow noopener\" target=\"_blank\"><br \/>\n                \u00abLo s\u00e9, lo sabemos\u00bb: la emotiva respuesta de Kate Middleton a una voluntaria del \u00e1rea de oncolog\u00eda en su visita con el pr\u00edncipe Guillermo<\/p>\n<p class=\"recirculation-video-desc\">Kate Middleton y el pr\u00edncipe Guillermo han visitado un hospital en su primer acto conjunto de 2026, donde han hablado con sus pacientes, voluntarios y trabajadores, protagonizando emotivos momentos.<\/p>\n<p>            <\/a><\/p>\n","protected":false},"excerpt":{"rendered":"Madonna se ha convertido en la protagonista del anuncio de la fragancia de Dolce&amp;Gabbana &#8216;The One&#8217; por el&hellip;\n","protected":false},"author":2,"featured_media":331020,"comment_status":"","ping_status":"","sticky":false,"template":"","format":"standard","meta":{"footnotes":""},"categories":[170],"tags":[146,147,25,24,184,185,23],"class_list":{"0":"post-331019","1":"post","2":"type-post","3":"status-publish","4":"format-standard","5":"has-post-thumbnail","7":"category-musica","8":"tag-entertainment","9":"tag-entretenimiento","10":"tag-es","11":"tag-espana","12":"tag-music","13":"tag-musica","14":"tag-spain"},"share_on_mastodon":{"url":"https:\/\/pubeurope.com\/@es\/115864181480603218","error":""},"_links":{"self":[{"href":"https:\/\/www.europesays.com\/es\/wp-json\/wp\/v2\/posts\/331019","targetHints":{"allow":["GET"]}}],"collection":[{"href":"https:\/\/www.europesays.com\/es\/wp-json\/wp\/v2\/posts"}],"about":[{"href":"https:\/\/www.europesays.com\/es\/wp-json\/wp\/v2\/types\/post"}],"author":[{"embeddable":true,"href":"https:\/\/www.europesays.com\/es\/wp-json\/wp\/v2\/users\/2"}],"replies":[{"embeddable":true,"href":"https:\/\/www.europesays.com\/es\/wp-json\/wp\/v2\/comments?post=331019"}],"version-history":[{"count":0,"href":"https:\/\/www.europesays.com\/es\/wp-json\/wp\/v2\/posts\/331019\/revisions"}],"wp:featuredmedia":[{"embeddable":true,"href":"https:\/\/www.europesays.com\/es\/wp-json\/wp\/v2\/media\/331020"}],"wp:attachment":[{"href":"https:\/\/www.europesays.com\/es\/wp-json\/wp\/v2\/media?parent=331019"}],"wp:term":[{"taxonomy":"category","embeddable":true,"href":"https:\/\/www.europesays.com\/es\/wp-json\/wp\/v2\/categories?post=331019"},{"taxonomy":"post_tag","embeddable":true,"href":"https:\/\/www.europesays.com\/es\/wp-json\/wp\/v2\/tags?post=331019"}],"curies":[{"name":"wp","href":"https:\/\/api.w.org\/{rel}","templated":true}]}}