{"id":331093,"date":"2026-01-09T09:19:20","date_gmt":"2026-01-09T09:19:20","guid":{"rendered":"https:\/\/www.europesays.com\/es\/331093\/"},"modified":"2026-01-09T09:19:20","modified_gmt":"2026-01-09T09:19:20","slug":"el-ayuntamiento-anima-a-utilizar-la-linea-573-para-acudir-a-los-centros-deportivos-municipales","status":"publish","type":"post","link":"https:\/\/www.europesays.com\/es\/331093\/","title":{"rendered":"El Ayuntamiento anima a utilizar la l\u00ednea 573 para acudir a los centros deportivos municipales"},"content":{"rendered":"<p class=\"xmsonormal\" style=\"text-align: justify; line-height: 115%;\">El Ayuntamiento de Boadilla del Monte ha puesto en marcha la campa\u00f1a Entrena con la 573, con el objetivo de dar a conocer un servicio de transporte p\u00fablico \u00fatil para los usuarios de los clubes deportivos del municipio ya que permite un acceso sencillo a varias de estas instalaciones. <\/p>\n<p class=\"xmsonormal\" style=\"text-align: justify; line-height: 115%;\">La l\u00ednea interurbana 573 (Boadilla del Monte\u2013Madrid\/Moncloa) es, por tanto, una alternativa pr\u00e1ctica al uso del veh\u00edculo privado, especialmente para desplazamientos habituales a entrenamientos y actividades deportivas.<\/p>\n<p class=\"xmsonormal\" style=\"text-align: justify; line-height: 115%;\">Entre las instalaciones a las que se puede llegar utilizando esta l\u00ednea se encuentran el polideportivo Rey Felipe VI, el CDM Condesa de Chinch\u00f3n, la piscina cubierta municipal, el CDM \u00c1ngel Nieto y el Pabell\u00f3n Pr\u00edncipe D. Felipe. <\/p>\n<p class=\"xmsonormal\" style=\"text-align: justify; line-height: 115%;\">Este servicio puede resultar interesante para familias con hijos mayores de 14 a\u00f1os, ya que favorece su autonom\u00eda en los desplazamientos diarios y facilita la conciliaci\u00f3n familiar.<\/p>\n<p class=\"xmsonormal\" style=\"text-align: justify; line-height: 115%;\">La frecuencia y horarios de la l\u00ednea son los siguientes: <\/p>\n<p class=\"xmsonormal\" style=\"margin-left: 36.0pt; text-align: justify; text-indent: -18.0pt; line-height: 115%; mso-list: l2 level1 lfo3;\">&#8211;\u00a0\u00a0\u00a0\u00a0\u00a0\u00a0\u00a0\u00a0\u00a0 De lunes a viernes laborales, los primeros buses salen entre las 6:00 y 6:15 horas (desde Moncloa y desde Boadilla), cada 30 minutos la mayor parte del d\u00eda.<\/p>\n<p class=\"xmsonormal\" style=\"margin-left: 36.0pt; text-align: justify; text-indent: -18.0pt; line-height: 115%; mso-list: l2 level1 lfo3;\">&#8211;\u00a0\u00a0\u00a0\u00a0\u00a0\u00a0\u00a0\u00a0\u00a0 S\u00e1bados<\/p>\n<p class=\"xmsonormal\" style=\"margin-left: 88.8pt; text-align: justify; text-indent: -18.0pt; line-height: 115%; mso-list: l1 level1 lfo1; tab-stops: list 88.8pt;\">\u00b7\u00a0\u00a0\u00a0\u00a0\u00a0\u00a0\u00a0\u00a0 Salidas desde Moncloa: 6:45 a 22:45 aproximadamente, cada 30 minutos. <\/p>\n<p class=\"xmsonormal\" style=\"margin-left: 88.8pt; text-align: justify; text-indent: -18.0pt; line-height: 115%; mso-list: l1 level1 lfo1; tab-stops: list 88.8pt;\">\u00b7\u00a0\u00a0\u00a0\u00a0\u00a0\u00a0\u00a0\u00a0 Salidas desde Boadilla: 6:15 a 22:15, cada 30 minutos, m\u00e1s una \u00faltima salida especial alrededor de 22:50 horas. <\/p>\n<p class=\"xmsonormal\" style=\"margin-left: 36.0pt; text-align: justify; text-indent: -18.0pt; line-height: 115%; mso-list: l2 level1 lfo3;\">&#8211;\u00a0\u00a0\u00a0\u00a0\u00a0\u00a0\u00a0\u00a0\u00a0 Domingos y festivos<\/p>\n<p class=\"xmsonormal\" style=\"margin-left: 88.8pt; text-align: justify; text-indent: -18.0pt; line-height: 115%; mso-list: l0 level1 lfo2; tab-stops: list 88.8pt;\">\u00b7\u00a0\u00a0\u00a0\u00a0\u00a0\u00a0\u00a0\u00a0 Salidas cada hora desde 6:30 a 22:30, tanto desde Moncloa como desde Boadilla. <\/p>\n<p class=\"xmsonormal\" style=\"text-align: justify; line-height: 115%;\">\u00a0<\/p>\n","protected":false},"excerpt":{"rendered":"El Ayuntamiento de Boadilla del Monte ha puesto en marcha la campa\u00f1a Entrena con la 573, con el&hellip;\n","protected":false},"author":2,"featured_media":331094,"comment_status":"","ping_status":"","sticky":false,"template":"","format":"standard","meta":{"footnotes":""},"categories":[8],"tags":[17,18,25,24,13,14,11,19,20,9,10,15,16,23,12,21,22],"class_list":{"0":"post-331093","1":"post","2":"type-post","3":"status-publish","4":"format-standard","5":"has-post-thumbnail","7":"category-espana","8":"tag-breaking-news","9":"tag-breakingnews","10":"tag-es","11":"tag-espana","12":"tag-featured-news","13":"tag-featurednews","14":"tag-headlines","15":"tag-latest-news","16":"tag-latestnews","17":"tag-news","18":"tag-noticias","19":"tag-noticias-destacadas","20":"tag-noticiasdestacadas","21":"tag-spain","22":"tag-titulares","23":"tag-ultimas-noticias","24":"tag-ultimasnoticias"},"share_on_mastodon":{"url":"https:\/\/pubeurope.com\/@es\/115864401617556041","error":""},"_links":{"self":[{"href":"https:\/\/www.europesays.com\/es\/wp-json\/wp\/v2\/posts\/331093","targetHints":{"allow":["GET"]}}],"collection":[{"href":"https:\/\/www.europesays.com\/es\/wp-json\/wp\/v2\/posts"}],"about":[{"href":"https:\/\/www.europesays.com\/es\/wp-json\/wp\/v2\/types\/post"}],"author":[{"embeddable":true,"href":"https:\/\/www.europesays.com\/es\/wp-json\/wp\/v2\/users\/2"}],"replies":[{"embeddable":true,"href":"https:\/\/www.europesays.com\/es\/wp-json\/wp\/v2\/comments?post=331093"}],"version-history":[{"count":0,"href":"https:\/\/www.europesays.com\/es\/wp-json\/wp\/v2\/posts\/331093\/revisions"}],"wp:featuredmedia":[{"embeddable":true,"href":"https:\/\/www.europesays.com\/es\/wp-json\/wp\/v2\/media\/331094"}],"wp:attachment":[{"href":"https:\/\/www.europesays.com\/es\/wp-json\/wp\/v2\/media?parent=331093"}],"wp:term":[{"taxonomy":"category","embeddable":true,"href":"https:\/\/www.europesays.com\/es\/wp-json\/wp\/v2\/categories?post=331093"},{"taxonomy":"post_tag","embeddable":true,"href":"https:\/\/www.europesays.com\/es\/wp-json\/wp\/v2\/tags?post=331093"}],"curies":[{"name":"wp","href":"https:\/\/api.w.org\/{rel}","templated":true}]}}