{"id":331103,"date":"2026-01-09T09:29:08","date_gmt":"2026-01-09T09:29:08","guid":{"rendered":"https:\/\/www.europesays.com\/es\/331103\/"},"modified":"2026-01-09T09:29:08","modified_gmt":"2026-01-09T09:29:08","slug":"sensacional-respuesta-de-inigo-martinez-al-ser-preguntado-por-la-posibilidad-de-volver-al-barca","status":"publish","type":"post","link":"https:\/\/www.europesays.com\/es\/331103\/","title":{"rendered":"Sensacional respuesta de I\u00f1igo Mart\u00ednez al ser preguntado por la posibilidad de volver al Bar\u00e7a"},"content":{"rendered":"<p data-gtm-element-container=\"modulo-texto-link\" class=\"paragraph\"><strong>I\u00f1igo Mart\u00ednez<\/strong>, central del <strong>Al-Nassr<\/strong> y ex del <strong>FC Barcelona<\/strong>, habl\u00f3 sobre la posibilidad de regresar al Bar\u00e7a en enero. Lo hizo durante el estreno de &#8216;Fanzone&#8217;, nuevo programa de TV3. \u201cEs imposible que Laporta suelte tanta pasta\u201d, contest\u00f3 entre risas a la pregunta del periodista<strong> Gerard Romero<\/strong>. \u201cSinceramente, estoy muy a gusto aqu\u00ed. Claro que echo de menos Barcelona; fue mi mejor a\u00f1o profesional, supe lo que era vivir el sentimiento cul\u00e9. Obviamente me toca veros desde lejos. No podr\u00e9 estar porque jugamos al d\u00eda siguiente\u201d.<\/p>\n<p data-gtm-element-container=\"modulo-texto-link\" class=\"paragraph\">El central vasco tambi\u00e9n se mostr\u00f3 muy contento por la explosi\u00f3n de <strong>Gerard Mart\u00edn<\/strong>. \u201cMe alegro un mont\u00f3n por Gerard Mart\u00edn. Ha sabido aprovechar su momento, est\u00e1 haciendo una grand\u00edsima temporada. Le gusta aprender y no pone mala cara. Me alegra ver centrales j\u00f3venes de la cantera y espero que siga igual de bien\u201d, coment\u00f3 cuando le mostraron una imagen del meme de Gerard con cara de Maldini.<\/p>\n<p data-gtm-element-container=\"modulo-texto-link\" class=\"paragraph\">Adem\u00e1s, desvel\u00f3 que<strong> Jo\u00e3o Cancelo<\/strong>, vecino suyo en Riad, le habl\u00f3 de la posibilidad de volver al Bar\u00e7a. \u201cJo\u00e3o, cuando lleg\u00f3, ya demostr\u00f3 el nivel que tiene. Va para aportar\u201d, se\u00f1al\u00f3.<\/p>\n<p data-gtm-element-container=\"modulo-texto-link\" class=\"paragraph\"><strong>I\u00f1igo Mart\u00ednez <\/strong>sigue muy de cerca la actualidad de su ex equipo. Cul\u00e9 para siempre, analiz\u00f3 el partido ante el Athletic, otro de sus antiguos clubes, en las semifinales. \u201cMe extra\u00f1\u00f3 porque la identidad del Athletic es apretar los 90 minutos. Aguantaron los primeros 15 o 20, pero se vinieron abajo y no supieron reaccionar. El Bar\u00e7a se qued\u00f3 corto al principio, pero ellos levantaron la bandera blanca\u201d.<\/p>\n<p>    Lee tambi\u00e9n<\/p>\n<p data-gtm-element-container=\"modulo-texto-link\" class=\"paragraph\">De cara a la final de la <strong>Supercopa contra el Real Madrid<\/strong>, el central destac\u00f3 que \u201csuele ser vital para el segundo tramo de la temporada. Es un golpe duro para los que pierden. El a\u00f1o pasado nos dio un empuj\u00f3n importante. He visto los \u00faltimos 20 minutos del Madrid y no est\u00e1n finos. El Bar\u00e7a llega con mucha m\u00e1s confianza. Esperemos disfrutar\u201d, concluy\u00f3<strong> I\u00f1igo Mart\u00ednez<\/strong>.<\/p>\n","protected":false},"excerpt":{"rendered":"I\u00f1igo Mart\u00ednez, central del Al-Nassr y ex del FC Barcelona, habl\u00f3 sobre la posibilidad de regresar al Bar\u00e7a&hellip;\n","protected":false},"author":2,"featured_media":331104,"comment_status":"","ping_status":"","sticky":false,"template":"","format":"standard","meta":{"footnotes":""},"categories":[268],"tags":[168,25,24,280,282,281,23,167],"class_list":{"0":"post-331103","1":"post","2":"type-post","3":"status-publish","4":"format-standard","5":"has-post-thumbnail","7":"category-futbol","8":"tag-deportes","9":"tag-es","10":"tag-espana","11":"tag-football","12":"tag-futbol","13":"tag-soccer","14":"tag-spain","15":"tag-sports"},"share_on_mastodon":{"url":"https:\/\/pubeurope.com\/@es\/115864440905229206","error":""},"_links":{"self":[{"href":"https:\/\/www.europesays.com\/es\/wp-json\/wp\/v2\/posts\/331103","targetHints":{"allow":["GET"]}}],"collection":[{"href":"https:\/\/www.europesays.com\/es\/wp-json\/wp\/v2\/posts"}],"about":[{"href":"https:\/\/www.europesays.com\/es\/wp-json\/wp\/v2\/types\/post"}],"author":[{"embeddable":true,"href":"https:\/\/www.europesays.com\/es\/wp-json\/wp\/v2\/users\/2"}],"replies":[{"embeddable":true,"href":"https:\/\/www.europesays.com\/es\/wp-json\/wp\/v2\/comments?post=331103"}],"version-history":[{"count":0,"href":"https:\/\/www.europesays.com\/es\/wp-json\/wp\/v2\/posts\/331103\/revisions"}],"wp:featuredmedia":[{"embeddable":true,"href":"https:\/\/www.europesays.com\/es\/wp-json\/wp\/v2\/media\/331104"}],"wp:attachment":[{"href":"https:\/\/www.europesays.com\/es\/wp-json\/wp\/v2\/media?parent=331103"}],"wp:term":[{"taxonomy":"category","embeddable":true,"href":"https:\/\/www.europesays.com\/es\/wp-json\/wp\/v2\/categories?post=331103"},{"taxonomy":"post_tag","embeddable":true,"href":"https:\/\/www.europesays.com\/es\/wp-json\/wp\/v2\/tags?post=331103"}],"curies":[{"name":"wp","href":"https:\/\/api.w.org\/{rel}","templated":true}]}}