{"id":331131,"date":"2026-01-09T09:48:07","date_gmt":"2026-01-09T09:48:07","guid":{"rendered":"https:\/\/www.europesays.com\/es\/331131\/"},"modified":"2026-01-09T09:48:07","modified_gmt":"2026-01-09T09:48:07","slug":"rafa-jodar-alcanza-la-final-en-camberra-antes-de-la-previa-de-australia","status":"publish","type":"post","link":"https:\/\/www.europesays.com\/es\/331131\/","title":{"rendered":"Rafa J\u00f3dar alcanza la final en Camberra antes de la previa de Australia"},"content":{"rendered":"<p class=\"\"><b>Rafa J\u00f3dar sigue con su gran inicio de temporada 2026. <\/b>El joven tenista espa\u00f1ol de 19 a\u00f1os ya est\u00e1 en la<b> final del Workday Canberra International, el ATP Challenger de Camberra (Australia)<\/b>, despu\u00e9s de superar en semifinales al franc\u00e9s Kyrian Jacquet por 6-3 y retirada de Jacquet al final del primer set.<\/p>\n<p class=\"\"><b>Un encuentro que se le puso pronto de cara para J\u00f3dar, ya que el espa\u00f1ol logr\u00f3 romper el saque de Jacquet y consolidar con su servicio para situarse con 3-0 a favor.<\/b> Un J\u00f3dar que logr\u00f3 salvar una bola de break en contra y que logr\u00f3 romper de nuevo el saque de Jacquet para situarse con 5-1 y saque para ganar la manga. Sin embargo el franc\u00e9s logr\u00f3 romper el saque del espa\u00f1ol en ese juego y prolong\u00f3 su estancia en el set antes de que <b>J\u00f3dar no fallase a la segunda ocasi\u00f3n con su servicio para cerrar la manga con juego en blanco por 6-3<\/b> antes de que Jacquet comunicase su retirada por lesi\u00f3n.<\/p>\n<p>Noticias relacionadas<\/p>\n<p class=\"\">De esta forma J\u00f3dar accede a la final de Camberra, donde <b>luchar\u00e1 por el t\u00edtulo ante otra de las j\u00f3venes perlas del tenis, el belga Alexander Blockx<\/b>, que como J\u00f3dar estuvo en las NextGen ATP Finals (donde cay\u00f3 ante Learner Tien en la final), y que super\u00f3 al australiano James McCabe por 6-3, 6-7 (3) y 6-3. Una final donde J\u00f3dar buscar\u00e1 el t\u00edtulo antes de competir <b>la pr\u00f3xima semana por una plaza en el cuadro final del Open de Australia, pero a la que el tenista espa\u00f1ol mira con optimismo: \u201cEstoy emocionado. No hay nada que celebrar, el trabajo a\u00fan no est\u00e1 hecho. <\/b>Tengo que estar preparado para otro partido duro. Tengo una concentraci\u00f3n total en la final\u201d. Por lo pronto, el tenista espa\u00f1ol ya ha conseguido entra por primera vez en su carrera entre los 150 mejores tenistas del mundo<b> <\/b>con este pase a la final.<\/p>\n<p class=\"\"><b>\u00a1Tus opiniones importan!<\/b> Comenta en los art\u00edculos y suscr\u00edbete gratis a nuestra <a href=\"https:\/\/asfan.as.com\/newsletters\/\" target=\"_blank\" rel=\"nofollow noopener\" title=\"https:\/\/asfan.as.com\/newsletters\/\">newsletter<\/a> y a las alertas informativas en la <a href=\"https:\/\/as.com\/aplicacion-de-as-n\/\" target=\"_blank\" rel=\"nofollow noopener\" title=\"https:\/\/as.com\/aplicacion-de-as-n\/\">App<\/a> o el canal de <a href=\"https:\/\/www.whatsapp.com\/channel\/0029VaAasdA7j6g745nz9M10\" target=\"_blank\" rel=\"nofollow noopener\" title=\"https:\/\/www.whatsapp.com\/channel\/0029VaAasdA7j6g745nz9M10\">WhatsApp<\/a>. \u00bfBuscas licenciar contenido? Haz clic <a href=\"https:\/\/profesional.elpais.com\/soluciones-sindicacion?utm_medium=interno&amp;utm_source=crosslinking&amp;utm_campaign=sindicacion_as_pie_articulos\" target=\"_blank\" rel=\"nofollow noopener\" title=\"https:\/\/profesional.elpais.com\/soluciones-sindicacion?utm_medium=interno&amp;utm_source=crosslinking&amp;utm_campaign=sindicacion_as_pie_articulos\">aqu\u00ed<\/a><\/p>\n","protected":false},"excerpt":{"rendered":"Rafa J\u00f3dar sigue con su gran inicio de temporada 2026. El joven tenista espa\u00f1ol de 19 a\u00f1os ya&hellip;\n","protected":false},"author":2,"featured_media":331132,"comment_status":"","ping_status":"","sticky":false,"template":"","format":"standard","meta":{"footnotes":""},"categories":[274],"tags":[168,25,24,23,167,327,326],"class_list":{"0":"post-331131","1":"post","2":"type-post","3":"status-publish","4":"format-standard","5":"has-post-thumbnail","7":"category-tenis","8":"tag-deportes","9":"tag-es","10":"tag-espana","11":"tag-spain","12":"tag-sports","13":"tag-tenis","14":"tag-tennis"},"share_on_mastodon":{"url":"https:\/\/pubeurope.com\/@es\/115864515594680333","error":""},"_links":{"self":[{"href":"https:\/\/www.europesays.com\/es\/wp-json\/wp\/v2\/posts\/331131","targetHints":{"allow":["GET"]}}],"collection":[{"href":"https:\/\/www.europesays.com\/es\/wp-json\/wp\/v2\/posts"}],"about":[{"href":"https:\/\/www.europesays.com\/es\/wp-json\/wp\/v2\/types\/post"}],"author":[{"embeddable":true,"href":"https:\/\/www.europesays.com\/es\/wp-json\/wp\/v2\/users\/2"}],"replies":[{"embeddable":true,"href":"https:\/\/www.europesays.com\/es\/wp-json\/wp\/v2\/comments?post=331131"}],"version-history":[{"count":0,"href":"https:\/\/www.europesays.com\/es\/wp-json\/wp\/v2\/posts\/331131\/revisions"}],"wp:featuredmedia":[{"embeddable":true,"href":"https:\/\/www.europesays.com\/es\/wp-json\/wp\/v2\/media\/331132"}],"wp:attachment":[{"href":"https:\/\/www.europesays.com\/es\/wp-json\/wp\/v2\/media?parent=331131"}],"wp:term":[{"taxonomy":"category","embeddable":true,"href":"https:\/\/www.europesays.com\/es\/wp-json\/wp\/v2\/categories?post=331131"},{"taxonomy":"post_tag","embeddable":true,"href":"https:\/\/www.europesays.com\/es\/wp-json\/wp\/v2\/tags?post=331131"}],"curies":[{"name":"wp","href":"https:\/\/api.w.org\/{rel}","templated":true}]}}