{"id":331135,"date":"2026-01-09T09:51:13","date_gmt":"2026-01-09T09:51:13","guid":{"rendered":"https:\/\/www.europesays.com\/es\/331135\/"},"modified":"2026-01-09T09:51:13","modified_gmt":"2026-01-09T09:51:13","slug":"muere-semenova-la-vida-entre-el-exito-y-el-drama-de-la-mejor-baloncestista-de-siempre","status":"publish","type":"post","link":"https:\/\/www.europesays.com\/es\/331135\/","title":{"rendered":"Muere Semenova: la vida entre el \u00e9xito y el drama de la mejor baloncestista de siempre"},"content":{"rendered":"<p class=\"ft-text ft-helper-closenews\">A <strong>Uliana Semenova<\/strong> (Medumi, Letonia, antigua Uni\u00f3n Sovi\u00e9tica, 1952), la baloncestista m\u00e1s laureada de todos los tiempos fallecida este jueves a los 73 a\u00f1os,<strong> la presentaron en un Corte Ingl\u00e9s<\/strong> cuando lleg\u00f3 en diciembre de 1987 a Madrid.<\/p>\n<p class=\"ft-text\">En la Espa\u00f1a &#8216;ochentera&#8217; no se hablaba ni se escrib\u00eda de otra cosa. Una mujer imponente y sonriente de 2,13 metros y cerca de 120 kilos llegaba para que el p\u00fablico espa\u00f1ol reparara en la existencia del baloncesto femenino. <strong>Era la primera vez que la URSS permit\u00eda que un icono de uno de sus deportes fetiche jugara en otro lugar<\/strong>. Y Semenova, que ya ten\u00eda 35 a\u00f1os y que a duras penas pod\u00eda caminar por culpa de un pie destrozado ante la dificultad de mover un cuerpo torturado por el descontrol de sus hormonas de crecimiento (sufr\u00eda acromegalia), vino para jugar cinco meses en el Tintoretto Getafe.<\/p>\n<p><img decoding=\"async\" src=\"https:\/\/www.europesays.com\/es\/wp-content\/uploads\/2026\/01\/8874e316-e4aa-4bb8-8793-9843be48cac9_alta-libre-aspect-ratio_default_0.jpg\" width=\"1200\" height=\"1620\" alt=\"La exjugadora de baloncesto Uliana Semenova.\" class=\"ft-helper-img-rd\" loading=\"lazy\"\/><\/p>\n<p class=\"ft-helper-fontColor-quaternary ft-helper-fontSize-body-S ft-helper-spacer-t-xxs\">La exjugadora de baloncesto Uliana Semenova.  \/ Archivo<\/p>\n<p class=\"ft-text\"><strong>\u00abFue en Espa\u00f1a donde realmente me sent\u00ed una estrella del <\/strong><a class=\"ft-link ft-link--decoration\" href=\"https:\/\/www.informacion.es\/tags\/baloncesto\/\" rel=\"nofollow noopener\" target=\"_blank\"><strong>baloncesto<\/strong><\/a><strong>\u00ab<\/strong>, confesaba en un formidable documental de Informe Robinson emitido en 2019, donde le fue imposible contener las l\u00e1grimas ante lo vivido.<\/p>\n<p class=\"ft-text\">Y eso que Semenova lo fue todo en un baloncesto en el que apenas conoci\u00f3 el sentimiento de la derrota deportiva. <strong>Con la URSS, combinado con el que s\u00f3lo perdi\u00f3 un partido en 18 a\u00f1os <\/strong>(el \u00faltimo, ante Estados Unidos en 1986), conquist\u00f3 dos oros ol\u00edmpicos (Montreal 76 y Mosc\u00fa 80, que hubieran sido tres de haber participado la Uni\u00f3n Sovi\u00e9tica en los JJOO de Los Angeles), tres Mundiales y diez Europeos consecutivos. Y con el club que la capt\u00f3, el TTT Riga, 15 ligas y 11 Copas de Europa.<\/p>\n<p class=\"ft-text\">T\u00edtulos, medallas, pero tambi\u00e9n mercanc\u00eda para una URSS que, ya en la recta final de su carrera y despu\u00e9s de haber sido convenientemente exprimida, le permiti\u00f3 fichar por un Tintoretto Getafe que pas\u00f3 de luchar por la salvaci\u00f3n a jugar la final de la liga femenina, ya con Semenova destrozada y sin fuerzas para llevar a sus compa\u00f1eras al t\u00edtulo en el tercer y definitivo partido.<\/p>\n<p><img decoding=\"async\" src=\"https:\/\/www.europesays.com\/es\/wp-content\/uploads\/2026\/01\/89ad33d6-10ed-4455-bd52-64ed3a4b5bde_alta-libre-aspect-ratio_default_0.jpg\" width=\"1200\" height=\"761\" alt=\"La exjugadora de baloncesto Uliana Semenova, en su etapa en Getafe.\" class=\"ft-helper-img-rd\" loading=\"lazy\"\/><\/p>\n<p class=\"ft-helper-fontColor-quaternary ft-helper-fontSize-body-S ft-helper-spacer-t-xxs\">La exjugadora de baloncesto Uliana Semenova, en su etapa en Getafe.  \/ X<\/p>\n<p class=\"ft-text\">Antes, <strong>Antonio Jare\u00f1o<\/strong>, el presidente del club getafense, hab\u00eda tenido que negociar la contrataci\u00f3n de la jugadora en Mosc\u00fa con el Ministerio de Deportes Sovi\u00e9tico (&#8216;Sovintersport&#8217;, la Organizaci\u00f3n nacional de Comercio Exterior del Comit\u00e9 de Deportes Sovi\u00e9tico], que ser\u00eda el que acabar\u00eda dando por buena la transacci\u00f3n. El Tintoretto Getafe pagar\u00eda 1.100.000 de las antiguas pesetas por cada mes que Semenova permaneciera en Espa\u00f1a. <strong>La jugadora, sin embargo, s\u00f3lo pod\u00eda quedarse con 52.000 pesetas mensuales<\/strong>. Incluso lleg\u00f3 a acusar a las autoridades sovi\u00e9ticas de hacerle pasar hambre durante aquel periplo. Era el Tintoretto Getafe y sus compa\u00f1eras de equipo quienes la ayudaban con las comidas.<\/p>\n<p class=\"ft-text\">Nacida en Medumi, a apenas cinco kil\u00f3metros de la frontera con Lituania, &#8216;Ula&#8217;, nacida en una familia de agricultores sin electricidad en casa, comenz\u00f3 pronto a destacar entre sus cinco hermanos por su altura, condicionada por una enfermedad rara <strong>(la acromegalia, la misma que sufren otros iconos del baloncesto como el rumano Gheorghe Muresan o el ex jugador del Bar\u00e7a Roberto Due\u00f1as)<\/strong>, de la que sus padres nada sab\u00edan. Ellos, que la mandaban a buscar agua al pozo, simplemente pensaban que era una ni\u00f1a alta. Tanto que, <strong>a los 13 a\u00f1os, ya med\u00eda 1&#8217;93 metros<\/strong>. Las autoridades sovi\u00e9ticas pronto repararon en ella, sac\u00e1ndole de su hogar para que comenzara a ganar partidos para el Riga y la URSS (hizo su debut con el combinado nacional a los 16 a\u00f1os).<\/p>\n<p><img decoding=\"async\" src=\"https:\/\/www.europesays.com\/es\/wp-content\/uploads\/2026\/01\/40363ba1-d466-434d-b49b-87cfa8c42c0c_alta-libre-aspect-ratio_default_0.jpg\" width=\"1200\" height=\"1479\" alt=\"La exjugadora de baloncesto Uliana Semenova.\" class=\"ft-helper-img-rd\" loading=\"lazy\"\/><\/p>\n<p class=\"ft-helper-fontColor-quaternary ft-helper-fontSize-body-S ft-helper-spacer-t-xxs\">La exjugadora de baloncesto Uliana Semenova.  \/ X<\/p>\n<p class=\"ft-text\">Lo del Tintoretto Getafe, claro, fue otra cosa. En su debut frente al Canoe, y pese a los garrotazos que le intentaba dar la estadounidense Van Goor, anot\u00f3 22 puntos y captur\u00f3 31 rebotes. Despu\u00e9s de una carrera dedicada al trabajo y la repetici\u00f3n mec\u00e1nica, pocos tiros libres fallaba. Ella disfrutaba como nunca, pese a que<strong> en algunos pabellones hubiera quien acudiera para burlarse de su f\u00edsico<\/strong>. A ella poco le importaba. Tampoco su altura. Desde ni\u00f1a hab\u00eda aprendido a vivir sin complejos. Pero su f\u00edsico era entonces ya tan limitado, con<strong> una talla 56 en un pie y una 54 en el otro<\/strong>, que jugar comenzaba a ser para ella un calvario. Aunque Semenova, con el dorsal 5 que le ofrecieron en Getafe, y<strong> siempre agradecida, humilde y cari\u00f1osa con sus compa\u00f1eras<\/strong>, s\u00f3lo viera cosas buenas a una experiencia que colmaba sus ganas de vivir en otro lugar y expandir su ansia de conocimiento.<\/p>\n<p class=\"ft-text\">Despu\u00e9s de perder aquella final de la liga femenina ante el Caixa Tarragona en Tortosa, y con importantes dificultades para desplazarse por la pista, dej\u00f3 Getafe. &#8216;Ula&#8217; tuvo una \u00faltima parada en el <strong>Valenciennes Orchies<\/strong>, antes de regresar a Riga y trabajar para el Comit\u00e9 Ol\u00edmpico let\u00f3n. Aunque sus \u00faltimos a\u00f1os de vida no fueron sencillos, con su enfermedad limit\u00e1ndola cada vez m\u00e1s, siendo incapaz de asumir los altos costes econ\u00f3micos que requer\u00eda su condici\u00f3n,<strong> sufriendo la amputaci\u00f3n de una pierna y, pr\u00e1cticamente, postr\u00e1ndola en una cama<\/strong>.<\/p>\n<p><img decoding=\"async\" src=\"https:\/\/www.europesays.com\/es\/wp-content\/uploads\/2026\/01\/86bdf70e-240b-4112-9646-86e1ef04ffd2_alta-libre-aspect-ratio_default_0.jpg\" width=\"1200\" height=\"759\" alt=\"La exjugadora de baloncesto Uliana Semenova.\" class=\"ft-helper-img-rd\" loading=\"lazy\"\/><\/p>\n<p class=\"ft-helper-fontColor-quaternary ft-helper-fontSize-body-S ft-helper-spacer-t-xxs\">La exjugadora de baloncesto Uliana Semenova.  \/ @Latvian_MFA<\/p>\n<p class=\"ft-text\">Aquella ni\u00f1a que no pod\u00eda sentarse en el pupitre de la escuela y que, una vez retirada, guardaba con mimo sus medallas ante el recuerdo de una vida sin igual, ejerci\u00f3 un dominio total en un baloncesto femenino que ella cambi\u00f3. Y dignific\u00f3.<\/p>\n<p data-close=\"closedContent\" class=\"subscribeHideForDisplay\">Suscr\u00edbete para seguir leyendo<\/p>\n","protected":false},"excerpt":{"rendered":"A Uliana Semenova (Medumi, Letonia, antigua Uni\u00f3n Sovi\u00e9tica, 1952), la baloncestista m\u00e1s laureada de todos los tiempos fallecida&hellip;\n","protected":false},"author":2,"featured_media":331136,"comment_status":"","ping_status":"","sticky":false,"template":"","format":"standard","meta":{"footnotes":""},"categories":[269],"tags":[299,11503,298,1130,168,1931,25,24,4518,8938,76304,23,167,2606],"class_list":{"0":"post-331135","1":"post","2":"type-post","3":"status-publish","4":"format-standard","5":"has-post-thumbnail","7":"category-baloncesto","8":"tag-baloncesto","9":"tag-baloncesto-femenino","10":"tag-basketball","11":"tag-deporte-femenino","12":"tag-deportes","13":"tag-drama","14":"tag-es","15":"tag-espana","16":"tag-exito","17":"tag-muere","18":"tag-semenova","19":"tag-spain","20":"tag-sports","21":"tag-vida"},"share_on_mastodon":{"url":"https:\/\/pubeurope.com\/@es\/115864527492528860","error":""},"_links":{"self":[{"href":"https:\/\/www.europesays.com\/es\/wp-json\/wp\/v2\/posts\/331135","targetHints":{"allow":["GET"]}}],"collection":[{"href":"https:\/\/www.europesays.com\/es\/wp-json\/wp\/v2\/posts"}],"about":[{"href":"https:\/\/www.europesays.com\/es\/wp-json\/wp\/v2\/types\/post"}],"author":[{"embeddable":true,"href":"https:\/\/www.europesays.com\/es\/wp-json\/wp\/v2\/users\/2"}],"replies":[{"embeddable":true,"href":"https:\/\/www.europesays.com\/es\/wp-json\/wp\/v2\/comments?post=331135"}],"version-history":[{"count":0,"href":"https:\/\/www.europesays.com\/es\/wp-json\/wp\/v2\/posts\/331135\/revisions"}],"wp:featuredmedia":[{"embeddable":true,"href":"https:\/\/www.europesays.com\/es\/wp-json\/wp\/v2\/media\/331136"}],"wp:attachment":[{"href":"https:\/\/www.europesays.com\/es\/wp-json\/wp\/v2\/media?parent=331135"}],"wp:term":[{"taxonomy":"category","embeddable":true,"href":"https:\/\/www.europesays.com\/es\/wp-json\/wp\/v2\/categories?post=331135"},{"taxonomy":"post_tag","embeddable":true,"href":"https:\/\/www.europesays.com\/es\/wp-json\/wp\/v2\/tags?post=331135"}],"curies":[{"name":"wp","href":"https:\/\/api.w.org\/{rel}","templated":true}]}}