{"id":331151,"date":"2026-01-09T10:02:08","date_gmt":"2026-01-09T10:02:08","guid":{"rendered":"https:\/\/www.europesays.com\/es\/331151\/"},"modified":"2026-01-09T10:02:08","modified_gmt":"2026-01-09T10:02:08","slug":"se-acabaron-los-manuales-de-marca","status":"publish","type":"post","link":"https:\/\/www.europesays.com\/es\/331151\/","title":{"rendered":"\u201cSe acabaron los manuales de marca\u201d"},"content":{"rendered":"<p><strong>La gesti\u00f3n de marca vive un punto de inflexi\u00f3n. En un entorno donde los equipos trabajan con rapidez y autonom\u00eda, los documentos est\u00e1ticos ya no garantizan coherencia. Small* y NITSNETS presentan EVA, una inteligencia artificial que sustituye el manual de marca por un Brand Guardian activo, capaz de ense\u00f1ar, corregir y acompa\u00f1ar a los equipos.<\/strong><\/p>\n<p>Se acabaron los manuales de marca. Esa es la frase con la que se abre la conversaci\u00f3n con<strong> Elad Rodr\u00edguez<\/strong> (CEO de NITSNETS) y <strong>Roberto Ramos<\/strong>, CEO de <strong>Small*<\/strong>, los desarrolladores de <a href=\"http:\/\/holaeva.ai\" rel=\"nofollow noopener\" target=\"_blank\">EVA<\/a>, una soluci\u00f3n pionera que sustituye la tradicional revisi\u00f3n de un manual de marca, ya sea en papel u online, por un Brand Guardian activo: una inteligencia artificial que ense\u00f1a, muestra y corrige c\u00f3mo se aplica una identidad corporativa.<\/p>\n<p>Porque sus tres d\u00e9cadas de experiencia combinada entre el estudio especializado en branding Small* y la ingenier\u00eda NITSNETS les permiten afirmar con rotundidad: <strong>el modelo tradicional de \u00abnormas y manuales\u00bb est\u00e1 agotado.<\/strong> En la vor\u00e1gine actual, nadie tiene tiempo de consultar documentos est\u00e1ticos, dejando a la marca expuesta a una erosi\u00f3n silenciosa pero constante.<\/p>\n<p><strong>\u00bfPor qu\u00e9 decidisteis lanzar ahora EVA?<\/strong><\/p>\n<p><strong>Elad Rodr\u00edguez (NITSNETS):<\/strong> Vimos que la tecnolog\u00eda pod\u00eda resolver de una manera nueva un problema muy antiguo: la brecha entre la norma te\u00f3rica y la realidad del d\u00eda a d\u00eda. En cualquier empresa que crece, la marca se dispersa y cada profesional acaba aplic\u00e1ndola \u00aba su manera\u00bb porque las herramientas actuales son pasivas y complejas. Nosotros llevamos 20 a\u00f1os creando tecnolog\u00eda propia para hacer f\u00e1cil lo dif\u00edcil, y EVA nace de unir nuestra ingenier\u00eda con el conocimiento en branding de Small* para solucionar ese dolor operativo que ning\u00fan manual en PDF o Brand Center hab\u00edan logrado resolver.<\/p>\n<p><strong>Roberto Ramos (Small*):<\/strong> Exacto. Las marcas no se rompen por grandes crisis, sino que tambi\u00e9n se erosionan por peque\u00f1as decisiones del d\u00eda a d\u00eda. Porque los que estamos cada d\u00eda trabajando con ellas, nos aburrimos y queremos incorporar nuestro granito \u201ccreativo\u201d. Un PDF no corrige y una web no explica el \u00abpor qu\u00e9\u00bb. EVA cambia eso. Para nosotros es un hito hist\u00f3rico.<\/p>\n<p><img loading=\"lazy\" decoding=\"async\" class=\"aligncenter size-full wp-image-233257\" src=\"data:image\/svg+xml,%3Csvg%20xmlns=\" http:=\"\" alt=\"\" width=\"800\" height=\"445\" data-lazy- data-lazy- data-lazy-src=\"https:\/\/www.europesays.com\/es\/wp-content\/uploads\/2026\/01\/EVA.jpg\"\/><\/p>\n<p><strong>\u00bfC\u00f3mo resuelve EVA lo que los manuales o Brand Centers nunca han conseguido?<\/strong><\/p>\n<p><strong>Roberto Ramos:<\/strong> Cambiando el modelo por completo. La gesti\u00f3n de marca siempre ha sido consultiva: exig\u00eda que el usuario fuera a buscar la norma. EVA la convierte en conversacional: t\u00fa preguntas y la marca te responde como lo har\u00eda un Brand Guardian. Explica, corrige y da criterio en tiempo real. Es como si tuvieras a un experto en marca sentado a tu lado.<\/p>\n<p><strong>Elad Rodr\u00edguez:<\/strong> Y lo hace con seguridad corporativa. EVA funciona sobre una arquitectura t\u00e9cnica RAG (Generaci\u00f3n Aumentada por Recuperaci\u00f3n), donde la marca define su \u00abfuente de verdad\u00bb. Es agn\u00f3stica tecnol\u00f3gicamente: podemos conectarla al motor de IA m\u00e1s avanzado del momento (Google, OpenAI, etc.), pero blindado dentro de un entorno corporativo seguro. EVA no imagina, solo responde a partir del conocimiento validado que cargamos en nuestro CMS propio, estructurando logos, tonos y estilos para activarlos con coherencia.<\/p>\n<blockquote>\n<p><strong>EVA convierte la gesti\u00f3n de marca en un proceso conversacional, capaz de explicar, corregir y validar el uso de la identidad corporativa en tiempo real.<\/strong><\/p>\n<\/blockquote>\n<p><strong>\u00bfC\u00f3mo se traduce esto en impacto real para los equipos?<\/strong><\/p>\n<p><strong>Elad Rodr\u00edguez:<\/strong> En eficiencia inmediata. Si un comercial pide: \u201cNecesito el logo para Instagram\u201d, EVA no solo entrega el archivo perfecto, sino que genera una mini-web visual con las gu\u00edas de uso al instante. Elimina la fricci\u00f3n y libera a los equipos de dise\u00f1o de las dudas repetitivas.<\/p>\n<p><strong>Roberto Ramos:<\/strong> Y, sobre todo, genera cultura. Cada conversaci\u00f3n refuerza la coherencia. Si alguien se desv\u00eda del tono, EVA corrige y explica el porqu\u00e9. En clientes pioneros en los que hemos implantado nuestra versi\u00f3n Beta, EVA est\u00e1 alineando a equipos internos y proveedores externos a una velocidad que antes era imposible.<\/p>\n<p><img loading=\"lazy\" decoding=\"async\" class=\"aligncenter size-full wp-image-233259\" src=\"data:image\/svg+xml,%3Csvg%20xmlns=\" http:=\"\" alt=\"\" width=\"800\" height=\"445\" data-lazy- data-lazy- data-lazy-src=\"https:\/\/www.europesays.com\/es\/wp-content\/uploads\/2026\/01\/HOLA-EVA-IP.jpg\"\/><\/p>\n<p><strong>\u00bfQu\u00e9 evoluci\u00f3n tendr\u00e1 EVA en los pr\u00f3ximos meses?<\/strong><\/p>\n<p><strong>Elad Rodr\u00edguez:<\/strong> Nuestro roadmap es ambicioso. EVA empieza en una fase de asistencia, pero evolucionamos hacia la fase verificativa: la IA ser\u00e1 capaz de validar activos (como un arte final) y sugerir mejoras antes de que se publiquen y cuando la tecnolog\u00eda asegure la consistencia con garant\u00eda, podr\u00e1 crear sus propios activos a partir de instrucciones sencillas. Vamos hacia una inteligencia que no s\u00f3lo responde, sino que audita y ayuda a crear con criterio, siempre dentro de un entorno seguro.<\/p>\n<p><strong>\u00bfQu\u00e9 representa EVA para el futuro del branding?<\/strong><\/p>\n<p><strong>Roberto Ramos:<\/strong> Demuestra que la tecnolog\u00eda bien aplicada no deshumaniza la marca: la protege. EVA inaugura una nueva categor\u00eda: los Brand Companions. Inteligencias que acompa\u00f1an y amplifican la coherencia en el d\u00eda a d\u00eda, asegurando que una marca crezca sin perder su esencia y hable siempre con una sola voz.<\/p>\n<p>Porque gracias a EVA, el branding da un paso m\u00e1s all\u00e1 y se inaugura una nueva era en la gesti\u00f3n corporativa: adi\u00f3s al modelo consultivo (\u00abbusca la norma\u00bb), bienvenido el conversacional (\u00abpregunta y la marca te gu\u00eda\u00bb). Small* y NITSNETS comienzan 2026 democratizando la coherencia para que cualquier empleado, experto o no, pueda aplicar la marca con la precisi\u00f3n de un Brand Guardian.<\/p>\n","protected":false},"excerpt":{"rendered":"La gesti\u00f3n de marca vive un punto de inflexi\u00f3n. En un entorno donde los equipos trabajan con rapidez&hellip;\n","protected":false},"author":2,"featured_media":331152,"comment_status":"","ping_status":"","sticky":false,"template":"","format":"standard","meta":{"footnotes":""},"categories":[81],"tags":[119,123,124,25,24,117,121,122,23,118,120],"class_list":{"0":"post-331151","1":"post","2":"type-post","3":"status-publish","4":"format-standard","5":"has-post-thumbnail","7":"category-ciencia-y-tecnologia","8":"tag-ciencia","9":"tag-ciencia-y-tecnologia","10":"tag-cienciaytecnologia","11":"tag-es","12":"tag-espana","13":"tag-science","14":"tag-science-and-technology","15":"tag-scienceandtechnology","16":"tag-spain","17":"tag-technology","18":"tag-tecnologia"},"share_on_mastodon":{"url":"https:\/\/pubeurope.com\/@es\/115864570705491148","error":""},"_links":{"self":[{"href":"https:\/\/www.europesays.com\/es\/wp-json\/wp\/v2\/posts\/331151","targetHints":{"allow":["GET"]}}],"collection":[{"href":"https:\/\/www.europesays.com\/es\/wp-json\/wp\/v2\/posts"}],"about":[{"href":"https:\/\/www.europesays.com\/es\/wp-json\/wp\/v2\/types\/post"}],"author":[{"embeddable":true,"href":"https:\/\/www.europesays.com\/es\/wp-json\/wp\/v2\/users\/2"}],"replies":[{"embeddable":true,"href":"https:\/\/www.europesays.com\/es\/wp-json\/wp\/v2\/comments?post=331151"}],"version-history":[{"count":0,"href":"https:\/\/www.europesays.com\/es\/wp-json\/wp\/v2\/posts\/331151\/revisions"}],"wp:featuredmedia":[{"embeddable":true,"href":"https:\/\/www.europesays.com\/es\/wp-json\/wp\/v2\/media\/331152"}],"wp:attachment":[{"href":"https:\/\/www.europesays.com\/es\/wp-json\/wp\/v2\/media?parent=331151"}],"wp:term":[{"taxonomy":"category","embeddable":true,"href":"https:\/\/www.europesays.com\/es\/wp-json\/wp\/v2\/categories?post=331151"},{"taxonomy":"post_tag","embeddable":true,"href":"https:\/\/www.europesays.com\/es\/wp-json\/wp\/v2\/tags?post=331151"}],"curies":[{"name":"wp","href":"https:\/\/api.w.org\/{rel}","templated":true}]}}