{"id":331153,"date":"2026-01-09T10:03:16","date_gmt":"2026-01-09T10:03:16","guid":{"rendered":"https:\/\/www.europesays.com\/es\/331153\/"},"modified":"2026-01-09T10:03:16","modified_gmt":"2026-01-09T10:03:16","slug":"toyota-espana-comparte-ilusion-y-momentos-inolvidables-con-cientos-de-familias-en-la-campana-magica-de-navidad-2025","status":"publish","type":"post","link":"https:\/\/www.europesays.com\/es\/331153\/","title":{"rendered":"Toyota Espa\u00f1a comparte ilusi\u00f3n y momentos inolvidables con cientos de familias en la Campa\u00f1a M\u00e1gica de Navidad 2025"},"content":{"rendered":"<p style=\"text-align:justify;\" dir=\"ltr\">La Navidad supone un momento muy especial para las familias, especialmente para los ni\u00f1os, que esperan con entusiasmo la llegada de Pap\u00e1 Noel y los Reyes Magos. Por ello, Toyota Espa\u00f1a ha vuelto a sumarse a la \u201cCampa\u00f1a M\u00e1gica de Navidad\u201d, donde todo el grupo ONE TOYOTA \u2014Toyota Espa\u00f1a, Toyota Insurance, Toyota Financial Services y KINTO Espa\u00f1a\u2014estuvo presente con voluntarios en diferentes acciones solidarias, con el objetivo de llevar ilusi\u00f3n, juguetes y apoyo a las familias que m\u00e1s lo necesitan.<\/p>\n<p style=\"text-align:justify;\" dir=\"ltr\">Durante el mes de diciembre se llev\u00f3 a cabo una acci\u00f3n solidaria en el Centro de D\u00eda de Alcobendas, en la que participaron 12 empleados de Toyota Espa\u00f1a, compartiendo una jornada especial con las personas mayores del centro.\u00a0<\/p>\n<p style=\"text-align:justify;\" dir=\"ltr\">Adem\u00e1s, el 22 de diciembre, un total de 16 empleados de Toyota Espa\u00f1a participaron como voluntarios en una acci\u00f3n solidaria en la Ca\u00f1ada Real, tras recogerse 245 juguetes en las oficinas de Toyota Espa\u00f1a en los meses previos. Algunos de estos regalos, que se repartieron a los ni\u00f1os de la zona, fueron donados por los empleados y \u00a0por el grupo ONE TOYOTA siguiendo la filosof\u00eda de la compa\u00f1\u00eda de intentar dar segunda vida a los productos \u00a0<\/p>\n<p style=\"text-align:justify;\" dir=\"ltr\">Ya en el mes de enero, el d\u00eda 5, coincidiendo con la noche de los Reyes Magos, 10 empleados de Toyota Espa\u00f1a junto a 8 familiares participaron en una jornada de voluntariado con la Fundaci\u00f3n Madrina. En esta acci\u00f3n se entregaron m\u00e1s de 600 juguetes, llevando ilusi\u00f3n y alegr\u00eda en una de las fechas m\u00e1s esperadas del a\u00f1o por todos ellos.<\/p>\n<p style=\"text-align:justify;\" dir=\"ltr\">Ese mismo d\u00eda, Toyota Espa\u00f1a particip\u00f3 en la Cabalgata de Reyes de Alcobendas, colaborando en el traslado de Sus Majestades los Reyes Magos <strong>en dos Toyota Hilux y un Toyota Land Cruiser en colaboraci\u00f3n con los Concesionarios Oficiales, Toyota Hersamotor y Toyota Kuruma.<\/strong><\/p>\n<p style=\"text-align:justify;\" dir=\"ltr\">En el marco de apoyar todas las anteriores iniciativas, el <strong>grupo ONE TOYOTA realiz\u00f3 una donaci\u00f3n econ\u00f3mica de 7.000\u20ac<\/strong>, para ayudar a las familias m\u00e1s vulnerables durante la Campa\u00f1a M\u00e1gica de Navidad.<\/p>\n<p style=\"text-align:justify;\" dir=\"ltr\">Las jornadas estuvieron llenas de ilusi\u00f3n y momentos especiales, reflejados en la alegr\u00eda de los ni\u00f1os y sus familias. Para Toyota Espa\u00f1a, esta Campa\u00f1a de Navidad ha sido especialmente significativa al contribuir a llevar ilusi\u00f3n y apoyo a quienes m\u00e1s lo necesitan.<\/p>\n<p>                    &#8216;;<\/p>\n","protected":false},"excerpt":{"rendered":"La Navidad supone un momento muy especial para las familias, especialmente para los ni\u00f1os, que esperan con entusiasmo&hellip;\n","protected":false},"author":2,"featured_media":331154,"comment_status":"","ping_status":"","sticky":false,"template":"","format":"standard","meta":{"footnotes":""},"categories":[80],"tags":[82,26207,46401,46400,95,94,25,24,23,26208],"class_list":{"0":"post-331153","1":"post","2":"type-post","3":"status-publish","4":"format-standard","5":"has-post-thumbnail","7":"category-economia","8":"tag-business","9":"tag-carrousel","10":"tag-corporate-page","11":"tag-corporativo","12":"tag-economia","13":"tag-economy","14":"tag-es","15":"tag-espana","16":"tag-spain","17":"tag-toyota-europe"},"share_on_mastodon":{"url":"https:\/\/pubeurope.com\/@es\/115864574648152545","error":""},"_links":{"self":[{"href":"https:\/\/www.europesays.com\/es\/wp-json\/wp\/v2\/posts\/331153","targetHints":{"allow":["GET"]}}],"collection":[{"href":"https:\/\/www.europesays.com\/es\/wp-json\/wp\/v2\/posts"}],"about":[{"href":"https:\/\/www.europesays.com\/es\/wp-json\/wp\/v2\/types\/post"}],"author":[{"embeddable":true,"href":"https:\/\/www.europesays.com\/es\/wp-json\/wp\/v2\/users\/2"}],"replies":[{"embeddable":true,"href":"https:\/\/www.europesays.com\/es\/wp-json\/wp\/v2\/comments?post=331153"}],"version-history":[{"count":0,"href":"https:\/\/www.europesays.com\/es\/wp-json\/wp\/v2\/posts\/331153\/revisions"}],"wp:featuredmedia":[{"embeddable":true,"href":"https:\/\/www.europesays.com\/es\/wp-json\/wp\/v2\/media\/331154"}],"wp:attachment":[{"href":"https:\/\/www.europesays.com\/es\/wp-json\/wp\/v2\/media?parent=331153"}],"wp:term":[{"taxonomy":"category","embeddable":true,"href":"https:\/\/www.europesays.com\/es\/wp-json\/wp\/v2\/categories?post=331153"},{"taxonomy":"post_tag","embeddable":true,"href":"https:\/\/www.europesays.com\/es\/wp-json\/wp\/v2\/tags?post=331153"}],"curies":[{"name":"wp","href":"https:\/\/api.w.org\/{rel}","templated":true}]}}