{"id":331161,"date":"2026-01-09T10:11:10","date_gmt":"2026-01-09T10:11:10","guid":{"rendered":"https:\/\/www.europesays.com\/es\/331161\/"},"modified":"2026-01-09T10:11:10","modified_gmt":"2026-01-09T10:11:10","slug":"cara-y-cruz-muy-dolorosa-para-ereno-y-moscatel-en-florida-tengolf","status":"publish","type":"post","link":"https:\/\/www.europesays.com\/es\/331161\/","title":{"rendered":"Cara y cruz (muy dolorosa) para Ere\u00f1o y Moscatel en Florida &#8211; Tengolf"},"content":{"rendered":"<ol>\n<li><a href=\"https:\/\/news.google.com\/rss\/articles\/CBMi2gFBVV95cUxQYVZISGxNVTl0S1hPeVNDQjdwRm1sUnFjMlpiOUZkM2M3eVVKakQtU2JkNGpMUHZncm93Ulk0SnduaU1mOWNFUUY5Z0dvT2hyZVBOYzhqVDFCVWx0alR2NUZ5cXcyTkZicXJENVBqUjdvV2RTLUVNYkE0d0xId203dDlvTnU2dXVHRW5aREhmbmwwN2twZ0Z4ZWp3ZFFHRXBjbVUwQ0w3NTRObkxfY01QNTU3cndVLUFlYmlwVFRRcmNLLTRZUTR4cVFpV21pcjBWajAwSURSNExLUQ?oc=5\" target=\"_blank\" rel=\"nofollow noopener\">Cara y cruz (muy dolorosa) para Ere\u00f1o y Moscatel en Florida<\/a>&nbsp;&nbsp;Tengolf<\/li>\n<li><a href=\"https:\/\/news.google.com\/rss\/articles\/CBMivwFBVV95cUxPbnJnQXNDVkxTZFNEaFlHbUxnek5GUl9Ga1hXVllnTU1QVGpEajBBMElvaWZwVXVJYlJsOVpPQUZjU2VNSHJCLXp4bVVCeU8tUkVkNDhQNXhRekxuWks3bTRMUU5UVFJJUjZiZFdGZlQyUldxdlZvUFJnU05YSmR4bzg4MTRTR1dOLVVLcnNmS2x6ZnVfbnRXV3J5Smx5cXVVdjd3cWdPXzJhUWhRNnR0S3ptcjMyeXJORl81RWtZOA?oc=5\" target=\"_blank\" rel=\"nofollow noopener\">Pablo Ere\u00f1o, firme en la LIV Promotions con un mensaje claro: \u201cEstoy listo para competir aqu\u00ed\u201d<\/a>&nbsp;&nbsp;OpenGolf<\/li>\n<li><a href=\"https:\/\/news.google.com\/rss\/articles\/CBMioAFBVV95cUxOLXNQU0gzcDkxYUlPY1l2eHBkV1RZWXNBeG4tOWdoa0RVMFZ2S0tVeF9IalhHQWd5VHh3X3NMNmc2QjRBRGFDZGdGRmlyakpMNkhvSmZyamhkaFhWbHVIZEhndFNjZkNfLTNnMVM4c0N2Q1FNM2cxY1FGV3RSX3JMSHhpSU40Q05SRVJVR2NhSkFlOGhDcnRvU1pUS3R6R192?oc=5\" target=\"_blank\" rel=\"nofollow noopener\">Richard T. Lee lidera las promociones de golf de LIV despu\u00e9s del primer d\u00eda<\/a>&nbsp;&nbsp;Deadspin<\/li>\n<li><a href=\"https:\/\/news.google.com\/rss\/articles\/CBMiqAFBVV95cUxQeVprQkxINjJCdmJvbzg3YzBRNU91Sy0tamRMNzYwaHl5VTBfQVVDd2FFX3Z2anNrQzBCS04tV0VULUoxLTZhekJvZ21sREdRbzdmSXZIMzEtMEJkSlpiYXRxcGRNeUJiZDFzeTJFVWFtREZWQmJqZHR2ZTdnb0t3T3JXcm01QUgyME9wdWcyY085RWFKNVQ0R0tsYVlGSUtBaGdKM0txWU4?oc=5\" target=\"_blank\" rel=\"nofollow noopener\">Ollie Schniederjans busca su plaza en la LIV Golf League<\/a>&nbsp;&nbsp;GolfConfidencial<\/li>\n<li><a href=\"https:\/\/news.google.com\/rss\/articles\/CBMi7gFBVV95cUxPalFacDNHU3lHZml3bXhIVW42TXhST2l1YU1iM2RFdmhPbTh6QXMtWWY5WXlmNUlxZGNvN1Q4SVczN3dJRUo5ZUxIWHVPQlRQdzNMaWpUTlBHMVNFWkxJcjkzQWtsZXB1QjVjLV85alZRWU9qWDZCSlBXMUNJSUJNbks1c205eTVPaGhib1JiaERiVS1uU0NUanYxWmhob0VwVmt0MmU0NGJMXzBkZ1ZzbmZ4Y1Q0SDI1V0h2SGJ1VDhNQzBTNEp2Sy1za2N3UkZxV2JQZUlvLXBvTXBSdnBLLVpqX2V0OHdjbzhFX0VR?oc=5\" target=\"_blank\" rel=\"nofollow noopener\">Pablo Ere\u00f1o salva con nota la primera criba de la escuela del LIV Golf, un paso m\u00e1s cerca de ser el quinto espa\u00f1ol<\/a>&nbsp;&nbsp;Elperiodigolf<\/li>\n<\/ol>\n","protected":false},"excerpt":{"rendered":"Cara y cruz (muy dolorosa) para Ere\u00f1o y Moscatel en Florida&nbsp;&nbsp;Tengolf Pablo Ere\u00f1o, firme en la LIV Promotions&hellip;\n","protected":false},"author":2,"featured_media":331162,"comment_status":"","ping_status":"","sticky":false,"template":"","format":"standard","meta":{"footnotes":""},"categories":[275],"tags":[168,25,75823,24,329,26934,58330,336,26936,339,340,1909,1910,23,167],"class_list":{"0":"post-331161","1":"post","2":"type-post","3":"status-publish","4":"format-standard","5":"has-post-thumbnail","7":"category-golf","8":"tag-deportes","9":"tag-es","10":"tag-escuela-liv-golf","11":"tag-espana","12":"tag-golf","13":"tag-joel-moscatel","14":"tag-liv-golf-promotions","15":"tag-notificacion","16":"tag-pablo-ereno","17":"tag-portada-america","18":"tag-portada-global","19":"tag-portada-top","20":"tag-portada-top-america","21":"tag-spain","22":"tag-sports"},"share_on_mastodon":{"url":"https:\/\/pubeurope.com\/@es\/115864606038355984","error":""},"_links":{"self":[{"href":"https:\/\/www.europesays.com\/es\/wp-json\/wp\/v2\/posts\/331161","targetHints":{"allow":["GET"]}}],"collection":[{"href":"https:\/\/www.europesays.com\/es\/wp-json\/wp\/v2\/posts"}],"about":[{"href":"https:\/\/www.europesays.com\/es\/wp-json\/wp\/v2\/types\/post"}],"author":[{"embeddable":true,"href":"https:\/\/www.europesays.com\/es\/wp-json\/wp\/v2\/users\/2"}],"replies":[{"embeddable":true,"href":"https:\/\/www.europesays.com\/es\/wp-json\/wp\/v2\/comments?post=331161"}],"version-history":[{"count":0,"href":"https:\/\/www.europesays.com\/es\/wp-json\/wp\/v2\/posts\/331161\/revisions"}],"wp:featuredmedia":[{"embeddable":true,"href":"https:\/\/www.europesays.com\/es\/wp-json\/wp\/v2\/media\/331162"}],"wp:attachment":[{"href":"https:\/\/www.europesays.com\/es\/wp-json\/wp\/v2\/media?parent=331161"}],"wp:term":[{"taxonomy":"category","embeddable":true,"href":"https:\/\/www.europesays.com\/es\/wp-json\/wp\/v2\/categories?post=331161"},{"taxonomy":"post_tag","embeddable":true,"href":"https:\/\/www.europesays.com\/es\/wp-json\/wp\/v2\/tags?post=331161"}],"curies":[{"name":"wp","href":"https:\/\/api.w.org\/{rel}","templated":true}]}}